{"id":154072,"date":"2024-08-09T11:36:43","date_gmt":"2024-08-09T11:36:43","guid":{"rendered":"https:\/\/www.ole.com.ar\/futbol-ascenso\/paoli-nuevo-dt-colon-primera-nacional_0_Z5PPCGWq8N.html"},"modified":"2024-08-09T11:36:43","modified_gmt":"2024-08-09T11:36:43","slug":"de-paoli-en-su-presentacion-en-colon-es-lo-maximo-de-mi-carrera","status":"publish","type":"post","link":"http:\/\/cordobadirecto.com\/index.php\/2024\/08\/09\/de-paoli-en-su-presentacion-en-colon-es-lo-maximo-de-mi-carrera\/","title":{"rendered":"De Paoli en su presentaci\u00f3n en Col\u00f3n: &#8220;Es lo m\u00e1ximo de mi carrera&#8221;"},"content":{"rendered":"<p><time class=\"createDate\" datetime=\"2024-08-07T21:20:16-03:00\">07\/08\/2024 21:20hs.<\/time><\/p>\n<div id=\"storyBody\">\n<div class=\"custom-text \" readability=\"38\">\n<p>Col\u00f3n perdi\u00f3 el pasado lunes con Mitre de Santiago del Estero e Iv\u00e1n Delfino dej\u00f3 de ser el DT del club santafesino. Al toque, en menos de 48 horas, present\u00f3 al nuevo entrenador: <strong>Rodolfo de Paoli, que este mi\u00e9rcoles habl\u00f3 en conferencia de prensa y no dud\u00f3 al afirmar que este desaf\u00edo &#8220;es lo m\u00e1ximo&#8221; de su carrera.<\/strong><\/p>\n<\/div>\n<div class=\"custom-text \" readability=\"39\">\n<p>&#8220;Para m\u00ed es un orgullo enorme estar ac\u00e1. No dud\u00e9 un instante en venir. Estar ac\u00e1 es lo m\u00e1ximo que me toc\u00f3 en mi carrera. Se lo dije a los jugadores, se nota a leguas la calidad humana y donde hay buena gente, seguro van a pasar buenas cosas. Me parece uno de los mejores planteles del f\u00fatbol argentino\u201d, se\u00f1al\u00f3 en su presentaci\u00f3n, con el dif\u00edcil objetivo de subir a Primera.<\/p>\n<\/div>\n<div class=\"custom-text \" readability=\"41\">\n<p><strong>Hoy, el Sabalero est\u00e1 quinto en el grupo B con 43 puntos<\/strong>, a cinco del l\u00edder Aldosivi. De Paoli debutar\u00e1 el pr\u00f3ximo lunes contra Gimnasia y Tiro en Salta. El conjunto santafesino, en su primera temporada post descenso, fue de m\u00e1s a menos, tanto en el juego como en resultados. <strong>Gan\u00f3 tan solo uno de los \u00faltimos ocho encuentros, perdi\u00f3 la punta del campeonato y se alej\u00f3. Trabajo para el tambi\u00e9n relator. <\/strong><\/p>\n<\/div>\n<div type=\"embed\" class=\"sc-3f46f5ae-0 djVTgz\">\n<div class=\"sc-3f46f5ae-1 fTjZec videoText\" id=\"contentTitleembed6iMBnxxc\" type=\"embed\"><svg fill=\"#ffffff\"><symbol id=\"play\" viewBox=\"0 0 512 512\"><path d=\"M512 256C512 397.4 397.4 512 256 512C114.6 512 0 397.4 0 256C0 114.6 114.6 0 256 0C397.4 0 512 114.6 512 256zM176 168V344C176 352.7 180.7 360.7 188.3 364.9C195.8 369.2 205.1 369 212.5 364.5L356.5 276.5C363.6 272.1 368 264.4 368 256C368 247.6 363.6 239.9 356.5 235.5L212.5 147.5C205.1 142.1 195.8 142.8 188.3 147.1C180.7 151.3 176 159.3 176 168V168z\" \/><\/symbol><use xlink:href=\"#play\" \/><\/svg><\/p>\n<div class=\"right\">\n<p>Col\u00f3n<!-- --> &#8211;<!-- --> <span>&nbsp;<\/span><\/p>\n<h2 class=\"title-vid\">La presentaci\u00f3n de De Paoli.<\/h2>\n<\/div>\n<\/div>\n<p><span class=\"back\" id=\"spanBackembed6iMBnxxc\"><\/span><\/div>\n<p><h2><strong>LA CONFERENCIA COMPLETA<\/strong><\/h2>\n<\/p>\n<p><h2><strong>Los n\u00fameros de Rodolfo De Paoli como DT<\/strong><\/h2>\n<\/p>\n<div class=\"sc-e7b891c4-0 jPbnQF\"><img alt=\"De Paoli en su presentaci\u00f3n.\" src=\"http:\/\/cordobadirecto.com\/wp-content\/uploads\/2024\/08\/de-paoli-en-su-presentacion-en-colon-es-lo-maximo-de-mi-carrera.jpg\" width=\"720\" height=\"100\" decoding=\"async\" data-nimg=\"future\" loading=\"lazy\"><span class=\"epigraphe\">De Paoli en su presentaci\u00f3n.<\/span><\/div>\n<div class=\"custom-text \" readability=\"38\">\n<p>A\u00f1os despu\u00e9s de colgar los botines de forma prematura, con \u00faltimo paso por El Porvenir, el entrenador, que adem\u00e1s es periodista deportivo y relator, <strong>se dedic\u00f3 a estar del del otro lado de la l\u00ednea de cal. <\/strong><\/p>\n<\/div>\n<div class=\"custom-text \" readability=\"41\">\n<p>Sus primeras experiencias las hizo en el Ascenso profundo. Dirigi\u00f3 a <strong>Deportivo Riestra (2007-08), Argentino de Merlo (2008-09), Dock Sud (2009) y Liniers (2011-12)<\/strong>. En el Malevo obtuvo 58% de efectividad y registr\u00f3 una buena campa\u00f1a, al igual que en la Academia, donde sac\u00f3 el 44% de los puntos. A su vez, en el Docke estuvo tan solo dos encuentros y sac\u00f3 un punto, mientras que en el conjunto de La Matanza tuvo un 38% de eficacia.<\/p>\n<\/div>\n<div class=\"custom-text \" readability=\"38\">\n<p>Tras un par\u00f3n en el cual se dedic\u00f3 exclusivamente al periodismo y a la narraci\u00f3n deportiva, <strong>De Paoli retom\u00f3 la actividad profesional como DT en Real Pilar<\/strong>, que militaba en la Primera D, durante el 2017\/18. En el Monarca logr\u00f3 <strong>cuatro triunfos, cinco empates y siete ca\u00eddas. <\/strong><\/p>\n<\/div>\n<div class=\"custom-text \" readability=\"34\">\n<p>Unos a\u00f1os m\u00e1s tarde le lleg\u00f3 la oportunidad en un grande del Nacional: <strong>Nueva Chicago<\/strong>. Al Torito lo condujo en el curso 2019\/20, pero su experiencia no fue positiva: <strong>12 unidades sobre 39 en juego. <\/strong><\/p>\n<\/div>\n<div class=\"sc-e7b891c4-0 jPbnQF\"><img alt=\"Rodo en Chicago.\" src=\"http:\/\/cordobadirecto.com\/wp-content\/uploads\/2024\/08\/de-paoli-en-su-presentacion-en-colon-es-lo-maximo-de-mi-carrera-1.jpg\" width=\"720\" height=\"100\" decoding=\"async\" data-nimg=\"future\" loading=\"lazy\"><span class=\"epigraphe\">Rodo en Chicago.<\/span><\/div>\n<div class=\"custom-text \" readability=\"35\">\n<p>El 2021 fue el a\u00f1o m\u00e1s glorioso en la carrera de Rodo. Agarr\u00f3<strong> Barracas Central y lo llev\u00f3 a la Liga Profesional,<\/strong> tras vencer a Quilmes en la final del Reducido. En la fase regular de aquel certamen fue l\u00edder en la Zona B: <strong>cosech\u00f3 58 puntos en 34 fechas<\/strong>.<\/p>\n<\/div>\n<div class=\"custom-text \" readability=\"34\">\n<p>Adem\u00e1s, en la temporada 2022\/23 se hizo cargo del cuadro rojiblanco <strong>en Primera y logr\u00f3 42% de efectividad.<\/strong><\/p>\n<\/div>\n<div class=\"sc-e7b891c4-0 jPbnQF\"><img alt=\"De Paoli en el ascenso con Barracas.\" src=\"http:\/\/cordobadirecto.com\/wp-content\/uploads\/2024\/08\/de-paoli-en-su-presentacion-en-colon-es-lo-maximo-de-mi-carrera-2.jpg\" width=\"720\" height=\"100\" decoding=\"async\" data-nimg=\"future\" loading=\"lazy\"><span class=\"epigraphe\">De Paoli en el ascenso con Barracas.<\/span><\/div>\n<div class=\"custom-text \" readability=\"37\">\n<p>El a\u00f1o pasado dirigi\u00f3 a <strong>Patronato<\/strong>, en la Primera Nacional. Adem\u00e1s, el equipo entrerriano disput\u00f3 Copa Libertadores y Copa Sudamericana. En el Patr\u00f3n <strong>logr\u00f3 siete triunfos, dos paridades y diez derrotas<\/strong>. <\/p>\n<\/div>\n<div class=\"sc-e7b891c4-0 jPbnQF\"><img alt=\"En Patronato en 2023. \" src=\"http:\/\/cordobadirecto.com\/wp-content\/uploads\/2024\/08\/de-paoli-en-su-presentacion-en-colon-es-lo-maximo-de-mi-carrera-3.jpg\" width=\"720\" height=\"100\" decoding=\"async\" data-nimg=\"future\" loading=\"lazy\"><span class=\"epigraphe\">En Patronato en 2023. <\/span><\/div>\n<div class=\"custom-text \" readability=\"36\">\n<p>Por \u00faltimo, a comienzos del 2024 tom\u00f3 las riendas del recientemente ascendido<strong> Independiente Rivadavia de Mendoza<\/strong>. Sin embargo, su paso por la Lepra no fue positivo: <strong>gan\u00f3 dos partidos y perdi\u00f3 en cinco ocasiones. <\/strong><\/p>\n<\/div>\n<div class=\"sc-e7b891c4-0 jPbnQF\"><img alt=\"De Paoli en La Lepra. \" src=\"http:\/\/cordobadirecto.com\/wp-content\/uploads\/2024\/08\/de-paoli-en-su-presentacion-en-colon-es-lo-maximo-de-mi-carrera-4.jpg\" width=\"720\" height=\"100\" decoding=\"async\" data-nimg=\"future\" loading=\"lazy\"><span class=\"epigraphe\">De Paoli en La Lepra. <\/span><\/div>\n<div class=\"custom-text \" readability=\"36\">\n<p>En total, <strong>a lo largo de su carrera<\/strong>, el nuevo entrenador de Col\u00f3n de Santa Fe <strong>dirigi\u00f3 182 partidos: 62 victorias, 55 empates y 65 perdidas.<\/strong> <\/p>\n<\/div>\n<div class=\"sc-a7166897-0 exHLBh\" readability=\"6\">\n<section readability=\"2\"><picture><img alt=\"Gustavo Quinteros encendi\u00f3 las alarmas en V\u00e9lez\" src=\"http:\/\/cordobadirecto.com\/wp-content\/uploads\/2024\/08\/de-paoli-en-su-presentacion-en-colon-es-lo-maximo-de-mi-carrera-5.jpg\" width=\"290\" height=\"290\" decoding=\"async\" data-nimg=\"future\" loading=\"lazy\"><\/picture>\n<p><span>Mir\u00e1 tambi\u00e9n<\/span><\/p>\n<hr>\n<h3>Gustavo Quinteros encendi\u00f3 las alarmas en V\u00e9lez<\/h3>\n<\/p>\n<\/section>\n<\/div>\n<div class=\"sc-a7166897-0 exHLBh\" readability=\"6\">\n<section readability=\"2\"><picture><img alt=\"Con los cinco cambios: la lista completa de Boca para los octavos de la Sudamericana\" src=\"http:\/\/cordobadirecto.com\/wp-content\/uploads\/2024\/08\/de-paoli-en-su-presentacion-en-colon-es-lo-maximo-de-mi-carrera-6.jpg\" width=\"290\" height=\"290\" decoding=\"async\" data-nimg=\"future\" loading=\"lazy\"><\/picture>\n<p><span>Mir\u00e1 tambi\u00e9n<\/span><\/p>\n<hr>\n<h3>Con los cinco cambios: la lista completa de Boca para los octavos de la Sudamericana<\/h3>\n<\/p>\n<\/section>\n<\/div>\n<div class=\"sc-a7166897-0 exHLBh\" readability=\"6\">\n<section readability=\"2\"><picture><img alt=\"San Lorenzo: la agenda apretada y la preocupaci\u00f3n de Romagnoli\" src=\"http:\/\/cordobadirecto.com\/wp-content\/uploads\/2024\/08\/de-paoli-en-su-presentacion-en-colon-es-lo-maximo-de-mi-carrera-7.jpg\" width=\"290\" height=\"290\" decoding=\"async\" data-nimg=\"future\" loading=\"lazy\"><\/picture>\n<p><span>Mir\u00e1 tambi\u00e9n<\/span><\/p>\n<hr>\n<h3>San Lorenzo: la agenda apretada y la preocupaci\u00f3n de Romagnoli<\/h3>\n<\/p>\n<\/section>\n<\/div>\n<\/div>\n","protected":false},"excerpt":{"rendered":"<p>07\/08\/2024 21:20hs. Col\u00f3n perdi\u00f3 el pasado lunes con Mitre de Santiago del Estero e Iv\u00e1n Delfino dej\u00f3 de ser el DT del club santafesino. Al toque, en menos de 48 horas, present\u00f3 al nuevo entrenador: Rodolfo de Paoli, que este mi\u00e9rcoles habl\u00f3 en conferencia de prensa y no dud\u00f3 al afirmar que este desaf\u00edo &#8220;es [&hellip;]<\/p>\n","protected":false},"author":1,"featured_media":154073,"comment_status":"closed","ping_status":"closed","sticky":false,"template":"","format":"standard","meta":[],"categories":[21],"tags":[],"_links":{"self":[{"href":"http:\/\/cordobadirecto.com\/index.php\/wp-json\/wp\/v2\/posts\/154072"}],"collection":[{"href":"http:\/\/cordobadirecto.com\/index.php\/wp-json\/wp\/v2\/posts"}],"about":[{"href":"http:\/\/cordobadirecto.com\/index.php\/wp-json\/wp\/v2\/types\/post"}],"author":[{"embeddable":true,"href":"http:\/\/cordobadirecto.com\/index.php\/wp-json\/wp\/v2\/users\/1"}],"replies":[{"embeddable":true,"href":"http:\/\/cordobadirecto.com\/index.php\/wp-json\/wp\/v2\/comments?post=154072"}],"version-history":[{"count":0,"href":"http:\/\/cordobadirecto.com\/index.php\/wp-json\/wp\/v2\/posts\/154072\/revisions"}],"wp:featuredmedia":[{"embeddable":true,"href":"http:\/\/cordobadirecto.com\/index.php\/wp-json\/wp\/v2\/media\/154073"}],"wp:attachment":[{"href":"http:\/\/cordobadirecto.com\/index.php\/wp-json\/wp\/v2\/media?parent=154072"}],"wp:term":[{"taxonomy":"category","embeddable":true,"href":"http:\/\/cordobadirecto.com\/index.php\/wp-json\/wp\/v2\/categories?post=154072"},{"taxonomy":"post_tag","embeddable":true,"href":"http:\/\/cordobadirecto.com\/index.php\/wp-json\/wp\/v2\/tags?post=154072"}],"curies":[{"name":"wp","href":"https:\/\/api.w.org\/{rel}","templated":true}]}}