{"id":154081,"date":"2024-08-09T12:20:18","date_gmt":"2024-08-09T12:20:18","guid":{"rendered":"https:\/\/cordoba.gob.ar\/?p=60200"},"modified":"2024-08-09T12:20:18","modified_gmt":"2024-08-09T12:20:18","slug":"se-incorporara-el-voluntariado-universitario-para-que-mas-cordobeses-finalicen-sus-estudios-primarios-y-secundarios","status":"publish","type":"post","link":"http:\/\/cordobadirecto.com\/index.php\/2024\/08\/09\/se-incorporara-el-voluntariado-universitario-para-que-mas-cordobeses-finalicen-sus-estudios-primarios-y-secundarios\/","title":{"rendered":"Se incorporar\u00e1 el voluntariado universitario para que m\u00e1s cordobeses finalicen sus estudios primarios y secundarios"},"content":{"rendered":"<div><img src=\"http:\/\/cordobadirecto.com\/wp-content\/uploads\/2024\/08\/se-incorporara-el-voluntariado-universitario-para-que-mas-cordobeses-finalicen-sus-estudios-primarios-y-secundarios.jpg\" class=\"ff-og-image-inserted\"><\/div>\n<ul>\n<li><strong>La r\u00fabrica involucr\u00f3 a diferentes instituciones y organismos educativos que funcionan dentro de la ciudad y se suman al programa Aprendo.<\/strong><\/li>\n<li><strong>Hay m\u00e1s de 200 estudiantes universitarios y de nivel superior inscriptos para participar del voluntariado.<\/strong><\/li>\n<li><strong>Los acompa\u00f1amientos pedag\u00f3gicos funcionar\u00e1n en 14 puntos de la ciudad y en 21 horarios diferenciados.<\/strong><\/li>\n<\/ul>\n<hr>\n<p>La Municipalidad de C\u00f3rdoba, a trav\u00e9s de la Secretar\u00eda de Pol\u00edticas Sociales y Desarrollo Humano, firm\u00f3 un convenio con diversas instituciones educativas con el objetivo de fortalecer el programa \u201cAprendo\u201d y dar inicio al Voluntariado Universitario y de Nivel Superior.<\/p>\n<p>Este evento marca el inicio de una nueva etapa en el acompa\u00f1amiento educativo de j\u00f3venes y adultos en la ciudad de C\u00f3rdoba, servidores urbanos y otros enmarcados en programas, proyectos y l\u00edneas de acci\u00f3n de esa \u00e1rea municipal. De esta manera se busca articular esfuerzos y recursos en el desarrollo de esta iniciativa.<\/p>\n<p>Ra\u00fal La Cava, secretario de Pol\u00edticas Sociales y Desarrollo Humano, enfatiz\u00f3 la importancia de que estos programas se sigan cumpliendo y adecu\u00e1ndose a las necesidades de vecinos y vecinas, en un trabajo mancomunado entre los diversos organismos del Estado.<\/p>\n<p><em>\u201cContamos con la Provincia y las universidades que se han sumado, porque no dudo que han sabido llevar adelante cuestiones vinculadas a lo comunitario y encontraron en este programa una continuidad y un progreso del trabajo y que hace que el programa social no falle\u201d<\/em>, expres\u00f3 el funcionario municipal.<\/p>\n<p>Durante el encuentro, adem\u00e1s, se acogi\u00f3 a los voluntarios inscriptos que tendr\u00e1n un rol fundamental en acompa\u00f1ar a las y a los estudiantes que deseen finalizar sus estudios en los distintos niveles de educaci\u00f3n.<\/p>\n<p>Horacio Ferreyra, ministro de Educaci\u00f3n de la Provincia de C\u00f3rdoba, dijo: <em>\u201cEstoy muy contento de estar ac\u00e1, de haber sido parte desde el inicio de esta actividad, pero m\u00e1s feliz a\u00fan cuando a esto ya se lo apropi\u00f3 la comunidad que ve en el horizonte una posibilidad para que m\u00e1s cordobeses tengan la oportunidad de estudiar y construir su proyecto de vida\u201d.<\/em><\/p>\n<p>Tambi\u00e9n, en este marco, se present\u00f3 el manual \u201cPensando-nos en nuestras pr\u00e1cticas de acompa\u00f1amiento socioeducativo\u201d, una herramienta clave para orientar la labor del voluntariado.<\/p>\n<p>La jornada finaliz\u00f3 con una capacitaci\u00f3n para quienes estar\u00e1n al servicio, en donde se les brindaron las herramientas necesarias para llevar a cabo su tarea de manera efectiva.<\/p>\n<p>Hasta el momento hay m\u00e1s de 200 estudiantes universitarios y de nivel superior inscriptos para participar del voluntariado. Los acompa\u00f1amientos pedag\u00f3gicos funcionar\u00e1n en 14 puntos de la ciudad y en 21 horarios diferenciados, elegidos en funci\u00f3n de la cercan\u00eda y disponibilidad horaria de las y los beneficiarios. Tambi\u00e9n hay 307 servidores y 130 referentes de espacios comunitarios interesados en asistir al voluntariado.<\/p>\n<p>En el evento estuvieron adem\u00e1s presentes: la secretaria de Educaci\u00f3n Alicia La Terza; la subsecretaria de Nuevas Econom\u00edas, Deborah Petrakovsky; la subdirectora de Pol\u00edticas Socioeducativas, Ana Laura Nu\u00f1ez Rueda; la rectora Normalizadora de la Universidad Provincial de C\u00f3rdoba, Julia Oliva C\u00faneo; el vicedecano de la Facultad Regional C\u00f3rdoba de la Universidad Tecnol\u00f3gica de C\u00f3rdoba, Jorge Eduardo Abet; Federico Zuchini, Coordinador de la sede C\u00f3rdoba de la Universidad de Villa Mar\u00eda; el secretario de Extensi\u00f3n Universitaria de la Universidad Nacional de C\u00f3rdoba, Conrado Storani; la vicerrectora de la Universidad Cat\u00f3lica de C\u00f3rdoba. Marianna Galli y el secretario de Extensi\u00f3n, Vinculaci\u00f3n e Impacto de la Universidad Siglo 21, Alejandro Benjam\u00edn Castelli Bercoff.<\/p>\n<p>La firma de estos convenios representa un avance significativo en la construcci\u00f3n de una red de colaboraci\u00f3n entre el Estado, las universidades y la sociedad civil, con el objetivo com\u00fan de mejorar las oportunidades educativas de las y los cordobeses.<\/p>\n<p><strong>\u00bfQu\u00e9 es el Programa Aprendo?<\/strong><\/p>\n<p>\u201cAprendo\u201d es una iniciativa que busca brindar acompa\u00f1amiento pedag\u00f3gico a j\u00f3venes y adultos que deseen finalizar sus estudios primarios y\/o secundarios para servidoras y servidores urbanos, como as\u00ed tambi\u00e9n para referentes de espacios comunitarios. A trav\u00e9s de este programa, se busca garantizar el derecho a la educaci\u00f3n y promover la inclusi\u00f3n social.<\/p>\n<p>El programa surge en 2022 y desde entonces se graduaron 145 personas entre los niveles primario y secundario. En el a\u00f1o 2023, cursaron 555 personas, aumentando en un m\u00e1s de un 50% la matr\u00edcula en su segundo a\u00f1o.<\/p>\n<p>Debido a estos alentadores resultados, desde 2024 se ampli\u00f3 el Programa Aprendo tomando como poblaci\u00f3n beneficiaria a j\u00f3venes y adultos enmarcados en programas, proyectos y l\u00edneas de acci\u00f3n de la Secretar\u00eda de Pol\u00edticas Sociales y Desarrollo Humano.<\/p>\n","protected":false},"excerpt":{"rendered":"<p>La r\u00fabrica involucr\u00f3 a diferentes instituciones y organismos educativos que funcionan dentro de la ciudad y se suman al programa Aprendo. Hay m\u00e1s de 200 estudiantes universitarios y de nivel superior inscriptos para participar del voluntariado. Los acompa\u00f1amientos pedag\u00f3gicos funcionar\u00e1n en 14 puntos de la ciudad y en 21 horarios diferenciados. La Municipalidad de C\u00f3rdoba, [&hellip;]<\/p>\n","protected":false},"author":1,"featured_media":154082,"comment_status":"closed","ping_status":"closed","sticky":false,"template":"","format":"standard","meta":[],"categories":[44],"tags":[],"_links":{"self":[{"href":"http:\/\/cordobadirecto.com\/index.php\/wp-json\/wp\/v2\/posts\/154081"}],"collection":[{"href":"http:\/\/cordobadirecto.com\/index.php\/wp-json\/wp\/v2\/posts"}],"about":[{"href":"http:\/\/cordobadirecto.com\/index.php\/wp-json\/wp\/v2\/types\/post"}],"author":[{"embeddable":true,"href":"http:\/\/cordobadirecto.com\/index.php\/wp-json\/wp\/v2\/users\/1"}],"replies":[{"embeddable":true,"href":"http:\/\/cordobadirecto.com\/index.php\/wp-json\/wp\/v2\/comments?post=154081"}],"version-history":[{"count":0,"href":"http:\/\/cordobadirecto.com\/index.php\/wp-json\/wp\/v2\/posts\/154081\/revisions"}],"wp:featuredmedia":[{"embeddable":true,"href":"http:\/\/cordobadirecto.com\/index.php\/wp-json\/wp\/v2\/media\/154082"}],"wp:attachment":[{"href":"http:\/\/cordobadirecto.com\/index.php\/wp-json\/wp\/v2\/media?parent=154081"}],"wp:term":[{"taxonomy":"category","embeddable":true,"href":"http:\/\/cordobadirecto.com\/index.php\/wp-json\/wp\/v2\/categories?post=154081"},{"taxonomy":"post_tag","embeddable":true,"href":"http:\/\/cordobadirecto.com\/index.php\/wp-json\/wp\/v2\/tags?post=154081"}],"curies":[{"name":"wp","href":"https:\/\/api.w.org\/{rel}","templated":true}]}}