{"id":15409,"date":"2021-08-24T09:30:21","date_gmt":"2021-08-24T09:30:21","guid":{"rendered":"https:\/\/es.digitaltrends.com\/?p=831811"},"modified":"2021-08-24T09:30:21","modified_gmt":"2021-08-24T09:30:21","slug":"confirmado-instagram-agregara-stickers-para-enlaces-en-sus-historias","status":"publish","type":"post","link":"http:\/\/cordobadirecto.com\/index.php\/2021\/08\/24\/confirmado-instagram-agregara-stickers-para-enlaces-en-sus-historias\/","title":{"rendered":"Confirmado: Instagram agregar\u00e1 stickers para enlaces en sus historias"},"content":{"rendered":"<div><img src=\"http:\/\/cordobadirecto.com\/wp-content\/uploads\/2021\/08\/confirmado-instagram-agregara-stickers-para-enlaces-en-sus-historias.jpg\" class=\"ff-og-image-inserted\"><\/div>\n<p>Despu\u00e9s de muchos rumores es oficial: Instagram incluir\u00e1 <em>stickers<\/em> para adjuntar <em>links<\/em> en sus historias.<\/p>\n<p class=\"sc-77igqf-0 bOfvBY\">La red social confirm\u00f3 a The Verge que la opci\u00f3n de deslizar hacia arriba para incluir un enlace se despide el 30 de agosto y ser\u00e1 sustituida por un <em>sticker<\/em> dedicado. El mismo medio report\u00f3 en junio que <a href=\"https:\/\/es.digitaltrends.com\/sociales\/instagram-sticker-enlaces-historias\/\">Instagram estaba realizando las pruebas pertinentes<\/a>&nbsp;para incluir esta herramienta en el servicio y algunos usuarios ya la ten\u00edan disponible entonces.<\/p>\n<p class=\"sc-77igqf-0 bOfvBY\">Desde ahora, las cuentas elegibles para ello ya no tendr\u00e1n que poner un enlace al que se accede deslizando la historia hacia arriba, sino que podr\u00e1n agregar un <em>sticker<\/em> que al pulsar sobre \u00e9l nos lleva al sitio vinculado. Los usuarios tambi\u00e9n podr\u00e1n responder a las historias que incluyan la pegatina, algo que en la actualidad no se pod\u00eda hacer con aquellas que inclu\u00edan un enlace.<\/p>\n<p>Seg\u00fan la compa\u00f1\u00eda, el cambio tiene como objetivo \u201cagilizar la experiencia de creaci\u00f3n de historias\u201d as\u00ed como \u201cofrecer un mayor control creativo\u201d.<\/p>\n<p>La plataforma no implementar\u00e1 la funci\u00f3n de la noche a la ma\u00f1ana, y por el momento tampoco dejar\u00e1 que todos sus usuarios pongan enlaces en sus historias. En una primera fase solo podr\u00e1n hacerlo las cuentas que ten\u00edan la opci\u00f3n de deslizar hacia arriba (aquellas con m\u00e1s de 10,000 seguidores o cuenta verificada).<\/p>\n<p>La compa\u00f1\u00eda dice que todav\u00eda est\u00e1 evaluando implementar esta funci\u00f3n para m\u00e1s usuarios y con esta primera fase podr\u00e1n determinar si es la decisi\u00f3n correcta antes de ampliar el acceso.<\/p>\n<p>Esta actualizaci\u00f3n tan deseada podr\u00eda darle mucho empuje al uso de la plataforma desde el navegador, desde donde hace muy poco ya se puede publicar contenido en incluso cambiar el orden de las publicaciones.<\/p>\n<h4 class=\"h-editors-recs-title\"> Recomendaciones del editor\t<\/h4>\n<p> <span id=\"publisher-md\" itemprop=\"publisher\" itemscope itemtype=\"https:\/\/schema.org\/Organization\"> <span itemprop=\"url\" itemtype=\"https:\/\/schema.org\/Url\" content=\"https:\/\/es.digitaltrends.com\"> <span itemprop=\"logo\" itemscope itemtype=\"https:\/\/schema.org\/ImageObject\"> <meta itemprop=\"url\" content=\"https:\/\/cdn.dtcn.com\/dt\/dt-logo-small.png\"> <meta itemprop=\"width\" content=\"0\"> <meta itemprop=\"height\" content=\"0\"> <\/span> <meta itemprop=\"name\" content=\"Digital Trends Espa\u00f1ol\"> <\/span> <span itemprop=\"image\" itemscope itemtype=\"https:\/\/schema.org\/ImageObject\"> <meta itemprop=\"url\" content=\"http:\/\/cordobadirecto.com\/wp-content\/uploads\/2021\/08\/confirmado-instagram-agregara-stickers-para-enlaces-en-sus-historias.jpg\"> <\/span> <\/span><\/p>\n","protected":false},"excerpt":{"rendered":"<p>Despu\u00e9s de muchos rumores es oficial: Instagram incluir\u00e1 stickers para adjuntar links en sus historias. La red social confirm\u00f3 a The Verge que la opci\u00f3n de deslizar hacia arriba para incluir un enlace se despide el 30 de agosto y ser\u00e1 sustituida por un sticker dedicado. El mismo medio report\u00f3 en junio que Instagram estaba [&hellip;]<\/p>\n","protected":false},"author":1,"featured_media":15410,"comment_status":"closed","ping_status":"closed","sticky":false,"template":"","format":"standard","meta":[],"categories":[26],"tags":[],"_links":{"self":[{"href":"http:\/\/cordobadirecto.com\/index.php\/wp-json\/wp\/v2\/posts\/15409"}],"collection":[{"href":"http:\/\/cordobadirecto.com\/index.php\/wp-json\/wp\/v2\/posts"}],"about":[{"href":"http:\/\/cordobadirecto.com\/index.php\/wp-json\/wp\/v2\/types\/post"}],"author":[{"embeddable":true,"href":"http:\/\/cordobadirecto.com\/index.php\/wp-json\/wp\/v2\/users\/1"}],"replies":[{"embeddable":true,"href":"http:\/\/cordobadirecto.com\/index.php\/wp-json\/wp\/v2\/comments?post=15409"}],"version-history":[{"count":0,"href":"http:\/\/cordobadirecto.com\/index.php\/wp-json\/wp\/v2\/posts\/15409\/revisions"}],"wp:featuredmedia":[{"embeddable":true,"href":"http:\/\/cordobadirecto.com\/index.php\/wp-json\/wp\/v2\/media\/15410"}],"wp:attachment":[{"href":"http:\/\/cordobadirecto.com\/index.php\/wp-json\/wp\/v2\/media?parent=15409"}],"wp:term":[{"taxonomy":"category","embeddable":true,"href":"http:\/\/cordobadirecto.com\/index.php\/wp-json\/wp\/v2\/categories?post=15409"},{"taxonomy":"post_tag","embeddable":true,"href":"http:\/\/cordobadirecto.com\/index.php\/wp-json\/wp\/v2\/tags?post=15409"}],"curies":[{"name":"wp","href":"https:\/\/api.w.org\/{rel}","templated":true}]}}