{"id":154090,"date":"2024-08-06T14:46:25","date_gmt":"2024-08-06T14:46:25","guid":{"rendered":"https:\/\/notepeines.com.ar\/?p=3546"},"modified":"2024-08-06T14:46:25","modified_gmt":"2024-08-06T14:46:25","slug":"las-dificultades-para-introducir-la-inteligencia-artificial-en-la-universidad","status":"publish","type":"post","link":"http:\/\/cordobadirecto.com\/index.php\/2024\/08\/06\/las-dificultades-para-introducir-la-inteligencia-artificial-en-la-universidad\/","title":{"rendered":"Las dificultades para introducir la Inteligencia Artificial en la universidad"},"content":{"rendered":"<div><img src=\"http:\/\/cordobadirecto.com\/wp-content\/uploads\/2024\/08\/las-dificultades-para-introducir-la-inteligencia-artificial-en-la-universidad.jpg\" class=\"ff-og-image-inserted\"><\/div>\n<p>Para Leer<\/p>\n<p>Las dificultades para introducir la Inteligencia Artificial en la universidad<\/p>\n<p><em>En la UNC tienen en marcha una comisi\u00f3n analizando la cuesti\u00f3n, en referencia a c\u00f3mo entran en la academia este tipo de estudios, de avances a gran rapidez.<\/em><\/p>\n<p>Se trata de una discusi\u00f3n que se pone en marcha en el Congreso de la Naci\u00f3n y una realidad que atraviesa al mundo en cada vez una mayor cantidad de tem\u00e1ticas.<\/p>\n<p>La \u00abInteligencia Artificial\u00bb parece imponerse y, sin embargo, se habla poco de sus limitaciones.<\/p>\n<p>Los \u00abdatos sint\u00e9ticos\u00bb que juegan su partido, mientras mandan \u00abm\u00e1quinas que no ven\u00bb, sino que \u00abse entrenan\u00bb para informar.<\/p>\n<p>La profesora e investigadora de FAMAF y de la Fundaci\u00f3n V\u00eda Libre, Laura Alonso Alemany brind\u00f3 detalles, en una entrevista radial al programa <em><strong>Mir\u00e1 Quien Habla<\/strong>, de FM 102.3 de C\u00f3rdoba.<\/em><\/p>\n<figure class=\"wp-block-embed is-type-rich is-provider-spotify wp-block-embed-spotify wp-embed-aspect-21-9 wp-has-aspect-ratio\"><\/figure>\n<p>Desde hace un tiempo que <a href=\"http:\/\/profesora e investigadora de FAMAF y de la Fundaci\u00f3n V\u00eda Libre\">en la Universidad Nacional de C\u00f3rdoba se conform\u00f3 un equipo (del que forma parte la cient\u00edfica) que eval\u00faa las complejidades de poder incluir en las curr\u00edculas la cuesti\u00f3n<\/a>.<\/p>\n","protected":false},"excerpt":{"rendered":"<p>Para Leer Las dificultades para introducir la Inteligencia Artificial en la universidad En la UNC tienen en marcha una comisi\u00f3n analizando la cuesti\u00f3n, en referencia a c\u00f3mo entran en la academia este tipo de estudios, de avances a gran rapidez. Se trata de una discusi\u00f3n que se pone en marcha en el Congreso de la [&hellip;]<\/p>\n","protected":false},"author":1,"featured_media":154091,"comment_status":"open","ping_status":"closed","sticky":false,"template":"","format":"standard","meta":[],"categories":[19],"tags":[],"_links":{"self":[{"href":"http:\/\/cordobadirecto.com\/index.php\/wp-json\/wp\/v2\/posts\/154090"}],"collection":[{"href":"http:\/\/cordobadirecto.com\/index.php\/wp-json\/wp\/v2\/posts"}],"about":[{"href":"http:\/\/cordobadirecto.com\/index.php\/wp-json\/wp\/v2\/types\/post"}],"author":[{"embeddable":true,"href":"http:\/\/cordobadirecto.com\/index.php\/wp-json\/wp\/v2\/users\/1"}],"replies":[{"embeddable":true,"href":"http:\/\/cordobadirecto.com\/index.php\/wp-json\/wp\/v2\/comments?post=154090"}],"version-history":[{"count":0,"href":"http:\/\/cordobadirecto.com\/index.php\/wp-json\/wp\/v2\/posts\/154090\/revisions"}],"wp:featuredmedia":[{"embeddable":true,"href":"http:\/\/cordobadirecto.com\/index.php\/wp-json\/wp\/v2\/media\/154091"}],"wp:attachment":[{"href":"http:\/\/cordobadirecto.com\/index.php\/wp-json\/wp\/v2\/media?parent=154090"}],"wp:term":[{"taxonomy":"category","embeddable":true,"href":"http:\/\/cordobadirecto.com\/index.php\/wp-json\/wp\/v2\/categories?post=154090"},{"taxonomy":"post_tag","embeddable":true,"href":"http:\/\/cordobadirecto.com\/index.php\/wp-json\/wp\/v2\/tags?post=154090"}],"curies":[{"name":"wp","href":"https:\/\/api.w.org\/{rel}","templated":true}]}}