{"id":15415,"date":"2021-08-25T01:05:15","date_gmt":"2021-08-25T01:05:15","guid":{"rendered":"https:\/\/puntoapunto.com.ar\/?p=315262"},"modified":"2021-08-25T01:05:15","modified_gmt":"2021-08-25T01:05:15","slug":"farmaceutica-medicarlo-queremos-hacer-crecer-la-marca-en-el-interior-de-cordoba","status":"publish","type":"post","link":"http:\/\/cordobadirecto.com\/index.php\/2021\/08\/25\/farmaceutica-medicarlo-queremos-hacer-crecer-la-marca-en-el-interior-de-cordoba\/","title":{"rendered":"Farmac\u00e9utica Medicarlo: \u201cqueremos hacer crecer la marca en el interior de C\u00f3rdoba\u201d"},"content":{"rendered":"<p>La cadena farmac\u00e9utica Medicarlo cuenta hoy con <strong>ocho sucursales en C\u00f3rdoba<\/strong>, dos<br \/>en proceso de apertura y <strong>planean expandirse al interior de la provincia.<\/strong> Al ser un<br \/>servicio esencial, en la pandemia lograron mantener sus ventas, pese a la ca\u00edda que<br \/>sufrieron a principios de a\u00f1o.<\/p>\n<p><strong>Santiago Mart\u00ednez<\/strong>, socio Genrete, cuenta c\u00f3mo est\u00e1 actualmente la cadena farmac\u00e9utica y cuales son los planes y proyectos en cartera.<\/p>\n<h5><strong>\u00bfC\u00f3mo afecta la pandemia a la empresa? \u00bfPudieron capitalizar la situaci\u00f3n actual?<\/strong><\/h5>\n<p>Al principio de la pandemia las ventas a nivel nacional bajaron un 9-10% debido a<br \/>factores, como las restricciones en la circulaci\u00f3n y la dificultad de los clientes para<br \/>poder obtener las recetas.<\/p>\n<p>Pero luego con el paso de la pandemia las obras sociales como las prepagas lograron<br \/>resolver dicho problema, lo que gener\u00f3 la vuelta del cliente al mostrador.<br \/>Desde Medicarlo logramos capitalizar esta situaci\u00f3n debido a que nuestra red se<br \/>encuentra principalmente en los barrios y no en el centro, lo que nos permiti\u00f3 poder<br \/>compensar las unidades que no logramos vender, en las sucursales m\u00e1s c\u00e9ntricas en<br \/>donde aument\u00f3 la demanda.<\/p>\n<h5><strong>\u00bfCu\u00e1les son los proyectos que tienen en agenda?<\/strong><\/h5>\n<p>En la actualidad, tenemos varios proyectos en agenda. Los proyectos a corto plazo, se<br \/>tratan de mejorar continuamente los procesos internos del desarrollo de nuestro propio<br \/>centro de distribuci\u00f3n de mercader\u00eda y as\u00ed poder abastecer de la mejor manera<br \/>nuestras sucursales para luego poder seguir creciendo a pasos firme y poder lograr de<br \/>esta manera el crecimiento de la empresa. A largo plazo proyectamos continuar con el<br \/>plan de expansi\u00f3n.<\/p>\n<h5><strong>\u00bfHoy en d\u00eda en qu\u00e9 lugares se encuentran activos? \u00bfBuscan expandirse a nuevas plazas? \u00bfD\u00f3nde?<\/strong><\/h5>\n<p>Hoy tenemos presencia activa en los barrios de C\u00f3rdoba con 8 sucursales. Contamos<br \/>con una sucursal en barrio General Paz, dos en San Vicente, dos en el centro, una en<br \/>barrio jard\u00edn y este mes logramos llegar a zona norte que era la zona que nos faltaba<br \/>para poder cubrir gran parte de esta ciudad. Siempre estamos en b\u00fasqueda de nuevas plazas, de hecho antes de fin de a\u00f1o vamos<br \/>a inaugurar dos sucursales m\u00e1s.<\/p>\n<h5><strong>\u00bfProyectan nuevas inversiones para lo que queda del 2021? \u00bfCu\u00e1les son? \u00bfY el a\u00f1o que viene?<\/strong><\/h5>\n<p>Si, estamos haciendo varios tipos de inversi\u00f3n en todo lo que es el sistema de control<br \/>de todas las sucursales como tambi\u00e9n estamos constantemente invirtiendo en la<br \/>mejora de las sucursales que ya est\u00e1n activadas para poder brindar el mejor servicio<br \/>posible.&nbsp;Y como ya lo mencione anteriormente estamos en b\u00fasqueda de nuevas zonas para<br \/>hacer crecer la marca en el interior de C\u00f3rdoba<\/p>\n<h5><strong>En momentos como este, \u00bfQu\u00e9 le dir\u00edas a un emprendedor?<\/strong><\/h5>\n<p><!--[if lt IE 9]><script>document.createElement('audio');<\/script><![endif]--><br \/>\n<audio class=\"wp-audio-shortcode\" id=\"audio-315262-1\" preload=\"none\" controls=\"controls\"><source type=\"audio\/ogg\" src=\"https:\/\/s3.us-west-2.amazonaws.com\/puntoapunto.com.ar\/wp-content\/uploads\/2021\/08\/24131940\/WhatsApp-Audio-2021-07-19-at-3.38.41-PM-1.ogg?_=1\"><a href=\"https:\/\/s3.us-west-2.amazonaws.com\/puntoapunto.com.ar\/wp-content\/uploads\/2021\/08\/24131940\/WhatsApp-Audio-2021-07-19-at-3.38.41-PM-1.ogg\">https:\/\/s3.us-west-2.amazonaws.com\/puntoapunto.com.ar\/wp-content\/uploads\/2021\/08\/24131940\/WhatsApp-Audio-2021-07-19-at-3.38.41-PM-1.ogg<\/a><\/audio><\/p>\n<div class=\"saboxplugin-wrap\" itemtype=\"http:\/\/schema.org\/Person\" itemscope itemprop=\"author\">\n<div class=\"saboxplugin-tab\">\n<div class=\"saboxplugin-gravatar\"><img alt src=\"http:\/\/cordobadirecto.com\/wp-content\/uploads\/2021\/08\/farmaceutica-medicarlo-queremos-hacer-crecer-la-marca-en-el-interior-de-cordoba.jpg\" srcset=\"http:\/\/cordobadirecto.com\/wp-content\/uploads\/2021\/08\/farmaceutica-medicarlo-queremos-hacer-crecer-la-marca-en-el-interior-de-cordoba-1.jpg 2x\" class=\"avatar avatar-100 photo\" height=\"100\" width=\"100\" itemprop=\"image\" loading=\"lazy\"><\/div>\n<div class=\"saboxplugin-desc\" readability=\"3.2815533980583\">\n<div itemprop=\"description\" readability=\"4.0388349514563\">\n<p>Este articulo fue escrito por la redacci\u00f3n de Punto a Punto. Seguinos en todas nuestras redes sociales<\/p>\n<\/div>\n<\/div>\n<\/div>\n<\/div>\n<p>No tags for this post. <\/p>\n","protected":false},"excerpt":{"rendered":"<p>La cadena farmac\u00e9utica Medicarlo cuenta hoy con ocho sucursales en C\u00f3rdoba, dosen proceso de apertura y planean expandirse al interior de la provincia. Al ser unservicio esencial, en la pandemia lograron mantener sus ventas, pese a la ca\u00edda quesufrieron a principios de a\u00f1o. Santiago Mart\u00ednez, socio Genrete, cuenta c\u00f3mo est\u00e1 actualmente la cadena farmac\u00e9utica y [&hellip;]<\/p>\n","protected":false},"author":1,"featured_media":15416,"comment_status":"closed","ping_status":"closed","sticky":false,"template":"","format":"standard","meta":[],"categories":[25],"tags":[],"_links":{"self":[{"href":"http:\/\/cordobadirecto.com\/index.php\/wp-json\/wp\/v2\/posts\/15415"}],"collection":[{"href":"http:\/\/cordobadirecto.com\/index.php\/wp-json\/wp\/v2\/posts"}],"about":[{"href":"http:\/\/cordobadirecto.com\/index.php\/wp-json\/wp\/v2\/types\/post"}],"author":[{"embeddable":true,"href":"http:\/\/cordobadirecto.com\/index.php\/wp-json\/wp\/v2\/users\/1"}],"replies":[{"embeddable":true,"href":"http:\/\/cordobadirecto.com\/index.php\/wp-json\/wp\/v2\/comments?post=15415"}],"version-history":[{"count":0,"href":"http:\/\/cordobadirecto.com\/index.php\/wp-json\/wp\/v2\/posts\/15415\/revisions"}],"wp:featuredmedia":[{"embeddable":true,"href":"http:\/\/cordobadirecto.com\/index.php\/wp-json\/wp\/v2\/media\/15416"}],"wp:attachment":[{"href":"http:\/\/cordobadirecto.com\/index.php\/wp-json\/wp\/v2\/media?parent=15415"}],"wp:term":[{"taxonomy":"category","embeddable":true,"href":"http:\/\/cordobadirecto.com\/index.php\/wp-json\/wp\/v2\/categories?post=15415"},{"taxonomy":"post_tag","embeddable":true,"href":"http:\/\/cordobadirecto.com\/index.php\/wp-json\/wp\/v2\/tags?post=15415"}],"curies":[{"name":"wp","href":"https:\/\/api.w.org\/{rel}","templated":true}]}}