{"id":154177,"date":"2024-08-12T11:55:57","date_gmt":"2024-08-12T11:55:57","guid":{"rendered":"https:\/\/www.ole.com.ar\/futbol-ascenso\/pablo-vico-nuevo-tecnico-dt-entrenador-agropecuario-argentino-carlos-casares-vuelve-dirigir_0_3RpqQmOCrX.html"},"modified":"2024-08-12T11:55:57","modified_gmt":"2024-08-12T11:55:57","slug":"pablo-vico-vuelve-a-dirigir-despues-de-su-salida-historica-de-brown-de-adrogue","status":"publish","type":"post","link":"http:\/\/cordobadirecto.com\/index.php\/2024\/08\/12\/pablo-vico-vuelve-a-dirigir-despues-de-su-salida-historica-de-brown-de-adrogue\/","title":{"rendered":"Pablo Vic\u00f3 vuelve a dirigir despu\u00e9s de su salida hist\u00f3rica de Brown de Adrogu\u00e9"},"content":{"rendered":"<p><time class=\"createDate\" datetime=\"2024-08-12T08:28:44-03:00\">12\/08\/2024 08:28hs.<\/time><\/p>\n<div id=\"storyBody\">\n<div class=\"custom-text \" readability=\"35.357314148681\">\n<p>El desempleo le estaba pegando feo. Despu\u00e9s de 15 a\u00f1os consecutivos como entrenador y referente de Brown de Adrogu\u00e9,<strong><a href=\"https:\/\/www.ole.com.ar\/tema\/pablo-vico.html\" title=\"Pablo Vic\u00f3\" alt=\"Pablo Vic\u00f3\" class=\"slug\"> Pablo Vic\u00f3<\/a><\/strong> llevaba 100 d\u00edas sin trabajo. Y el asunto le hab\u00eda modificado incluso el d\u00eda a d\u00eda.<strong><a href=\"https:\/\/www.ole.com.ar\/futbol-ascenso\/vida-pablo-vico-director-tecnico-brown-adrogue_0_3eFqe7nnJk.html\" target=\"_self\" title=\" Se lo cont\u00f3 a Ol\u00e9\" alt=\" Se lo cont\u00f3 a Ol\u00e9\" rel=\"noopener\"> Se lo cont\u00f3 a<\/a><\/strong><strong><a href=\"https:\/\/www.ole.com.ar\/futbol-ascenso\/vida-pablo-vico-director-tecnico-brown-adrogue_0_3eFqe7nnJk.html\" target=\"_self\" title=\" Se lo cont\u00f3 a Ol\u00e9\" alt=\" Se lo cont\u00f3 a Ol\u00e9\" rel=\"noopener\">Ol\u00e9<\/a><\/strong> con lujo de detalles. Sin embargo, como si el mundo estuviese te\u00f1ido con el latiguillo de Mirtha Legrand (\u201ceste programa trae suerte\u201d), el Bigot\u00f3n consigui\u00f3 al fin laburo.<\/p>\n<\/div>\n<div class=\"sc-e7b891c4-0 jPbnQF\"><img alt=\"Pablo Vic\u00f3 le cont\u00f3 a Ol\u00e9 su situaci\u00f3n. Este domingo sali\u00f3 la nota en la contratapa del diario y, horas m\u00e1s tarde, cerr\u00f3 trato con Agropecuario Argentino.\" src=\"http:\/\/cordobadirecto.com\/wp-content\/uploads\/2024\/08\/pablo-vico-vuelve-a-dirigir-despues-de-su-salida-historica-de-brown-de-adrogue.jpg\" width=\"720\" height=\"100\" decoding=\"async\" data-nimg=\"future\" loading=\"lazy\"><span class=\"epigraphe\">Pablo Vic\u00f3 le cont\u00f3 a Ol\u00e9 su situaci\u00f3n. Este domingo sali\u00f3 la nota en la contratapa del diario y, horas m\u00e1s tarde, cerr\u00f3 trato con Agropecuario Argentino.<\/span><\/div>\n<p><h2><strong>Vic\u00f3, nuevo t\u00e9cnico de Agropecuario Argentino<\/strong><\/h2>\n<\/p>\n<div class=\"custom-text \" readability=\"36\">\n<p>M\u00e1s all\u00e1 de la victoria 2-1 de <strong>Agropecuario Argentino<\/strong> sobre San Miguel, el elenco bonaerense de Carlos Casares, <strong>decidi\u00f3 este mism\u00edsimo domingo anunciar informalmente desde un posteo de su presidente Bernardo Grobocopatel que el ex DT del Tricolor ser\u00e1 el nuevo coach de los Sojeros<\/strong>. <\/p>\n<\/div>\n<div class=\"custom-text \" readability=\"33.935064935065\">\n<p>\u201cBienvenido Pablo y todo su cuerpo t\u00e9cnico a nuestro sue\u00f1o\u201d, poste\u00f3 el pope del joven club en su cuenta de Facebook. El sue\u00f1o de ascender a Primera lo tiene desde 2017, cuando comenz\u00f3 a jugar de manera ininterrumpida en el Nacional. En 2022, incluso, <strong><a href=\"https:\/\/www.ole.com.ar\/copa-argentina\/racing-agropecuario-copa-argentina_0_nTr3HU49QE.html\" target=\"_self\" title=\"lleg\u00f3 a eliminar a Racing\" alt=\"lleg\u00f3 a eliminar a Racing\" rel=\"noopener\">lleg\u00f3 a eliminar a Racing<\/a><\/strong> de la <strong><a href=\"https:\/\/www.ole.com.ar\/tema\/copa-argentina.html\" title=\"Copa Argentina\" alt=\"Copa Argentina\" class=\"slug\">Copa Argentina<\/a><\/strong>.<\/p>\n<\/div>\n<div class=\"sc-e7b891c4-0 jPbnQF\"><img alt=\"El posteo de Bernardo Grobocopatel.\" src=\"http:\/\/cordobadirecto.com\/wp-content\/uploads\/2024\/08\/pablo-vico-vuelve-a-dirigir-despues-de-su-salida-historica-de-brown-de-adrogue-1.jpg\" width=\"720\" height=\"100\" decoding=\"async\" data-nimg=\"future\" loading=\"lazy\"><span class=\"epigraphe\">El posteo de Bernardo Grobocopatel.<\/span><\/div>\n<p><h2><strong>\u00bfC\u00f3mo est\u00e1 el club que comandar\u00e1 el Bigot\u00f3n?<\/strong><\/h2>\n<\/p>\n<div class=\"custom-text \" readability=\"37\">\n<p>La temporada en Agropecuario hab\u00eda comenzado comandada por Gabriel G\u00f3mez, quien dej\u00f3 su cargo en la fecha 20. Luego, llegaron siete fechas interinas de la mano de Adri\u00e1n Adrover. Y ahora, este anuncio de Vic\u00f3. <\/p>\n<\/div>\n<div class=\"custom-text \" readability=\"38\">\n<p>Con una campa\u00f1a de nueve partidos ganados, ocho empatados y diez perdidos, <strong>los de Carlos Casares se mantienen en el 11\u00b0 lugar de la Zona A de la Primera Nacional, a 19 puntos del por ahora finalista San Mart\u00edn de Tucum\u00e1n pero a solo dos unidades del ingreso al torneo Reducido por el segundo ascenso<\/strong>. <\/p>\n<\/div>\n<div class=\"custom-text \" readability=\"39\">\n<p>En tanto, mirando hacia abajo, est\u00e1 ocho puntos adelante del equipo que actualmente desciende (G\u00fcemes) y a siete del que jugar\u00eda la promoci\u00f3n (Arsenal) para evitar perder la categor\u00eda contra el ante\u00faltimo de la Zona B (Atl\u00e9tico Rafaela a la fecha 27). Vale recordar que, todav\u00eda, quedan 11 jornadas en juego y 33 puntos en disputa. Todo est\u00e1 abierto.<\/p>\n<\/div>\n<p><h2><strong>Desde cu\u00e1ndo no dirige Vic\u00f3 y cu\u00e1ndo vuelve<\/strong><\/h2>\n<\/p>\n<div class=\"custom-text \" readability=\"40\">\n<p>El \u00faltimo partido de Vic\u00f3 fue el 3 de mayo pasado cuando, en R\u00edo Cuarto, Brown de Adrogu\u00e9 cay\u00f3 2-1 ante Estudiantes. Dirigi\u00f3 al Tricolor de manera consecutiva durante los \u00faltimos 15 a\u00f1os con 569 partidos, 204 victorias, 185 empates y 180 derrotas. En ese lapso, llev\u00f3 dos veces al equipo a la primera categor\u00eda del f\u00fatbol de Ascenso en la Argentina. <\/p>\n<\/div>\n<div class=\"custom-text \" readability=\"33\">\n<p>Se estima que este martes pueda hacerse cargo del equipo y hacer s<strong>u debut el lunes 19 de agosto cuando Agropecuario Argentino visite a Quilmes<\/strong> en el estadio Centenario.<\/p>\n<\/div>\n<div class=\"custom-text \" readability=\"45\">\n<p>\u201cSi no encuentro nada, tendr\u00e9 que salir a laburar. No te digo que me postular\u00e9 como pe\u00f3n de alba\u00f1il porque ni siquiera s\u00e9 lo es hacer un past\u00f3n, pero&#8230; Ahora me salieron algunos trabajitos en el Municipio, haciendo charlas con los chicos, tratando de que sepan que los campeonatos en las escuelitas no son cosa de vida o muerte. Intento implementar un tercer tiempo para que, abrazados, cuando termine el partido, los pibes puedan compartir un vaso de agua todos juntos o una taza de mate cocido. Adversarios, s\u00ed. Enemigos, no. Eso me ense\u00f1aron a m\u00ed\u201d, le contaba Vic\u00f3 a <strong>Ol\u00e9<\/strong> hace horas. <\/p>\n<\/div>\n<div class=\"custom-text \" readability=\"33\">\n<p>Ya no tendr\u00e1 que esperar por ese llamado de Brown de Adrogu\u00e9 ni saber convivir con su propio yo en casa prestada. Agropecuario es ahora su nuevo hogar.<\/p>\n<\/div>\n<div type=\"embed\" class=\"sc-3f46f5ae-0 djVTgz\">\n<div class=\"sc-3f46f5ae-1 fTjZec videoText\" id=\"contentTitleembedUBK0Pf2L\" type=\"embed\"><svg fill=\"#ffffff\"><symbol id=\"play\" viewBox=\"0 0 512 512\"><path d=\"M512 256C512 397.4 397.4 512 256 512C114.6 512 0 397.4 0 256C0 114.6 114.6 0 256 0C397.4 0 512 114.6 512 256zM176 168V344C176 352.7 180.7 360.7 188.3 364.9C195.8 369.2 205.1 369 212.5 364.5L356.5 276.5C363.6 272.1 368 264.4 368 256C368 247.6 363.6 239.9 356.5 235.5L212.5 147.5C205.1 142.1 195.8 142.8 188.3 147.1C180.7 151.3 176 159.3 176 168V168z\" \/><\/symbol><use xlink:href=\"#play\" \/><\/svg><\/p>\n<div class=\"right\">\n<p>Pablo Vic\u00f3<!-- --> &#8211;<!-- --> <span>&nbsp;<\/span><\/p>\n<h2 class=\"title-vid\">Pablo Vic\u00f3 y un d\u00eda con Ol\u00e9<\/h2>\n<\/div>\n<\/div>\n<p><span class=\"back\" id=\"spanBackembedUBK0Pf2L\"><\/span><\/div>\n<div type=\"embed\" class=\"sc-3f46f5ae-0 djVTgz\">\n<div class=\"sc-3f46f5ae-1 fTjZec videoText\" id=\"contentTitleembed4Cvs9V8G\" type=\"embed\"><svg fill=\"#ffffff\"><symbol id=\"play\" viewBox=\"0 0 512 512\"><path d=\"M512 256C512 397.4 397.4 512 256 512C114.6 512 0 397.4 0 256C0 114.6 114.6 0 256 0C397.4 0 512 114.6 512 256zM176 168V344C176 352.7 180.7 360.7 188.3 364.9C195.8 369.2 205.1 369 212.5 364.5L356.5 276.5C363.6 272.1 368 264.4 368 256C368 247.6 363.6 239.9 356.5 235.5L212.5 147.5C205.1 142.1 195.8 142.8 188.3 147.1C180.7 151.3 176 159.3 176 168V168z\" \/><\/symbol><use xlink:href=\"#play\" \/><\/svg><\/p>\n<div class=\"right\">\n<p>Pablo Vic\u00f3<!-- --> &#8211;<!-- --> <span>&nbsp;<\/span><\/p>\n<h2 class=\"title-vid\">El DT del Ascenso que se fue del partido con su equipo a la despedida de Rom\u00e1n <\/h2>\n<\/div>\n<\/div>\n<p><span class=\"back\" id=\"spanBackembed4Cvs9V8G\"><\/span><\/div>\n<div type=\"embed\" class=\"sc-3f46f5ae-0 djVTgz\">\n<div class=\"sc-3f46f5ae-1 fTjZec videoText\" id=\"contentTitleembedqaxEbfra\" type=\"embed\"><svg fill=\"#ffffff\"><symbol id=\"play\" viewBox=\"0 0 512 512\"><path d=\"M512 256C512 397.4 397.4 512 256 512C114.6 512 0 397.4 0 256C0 114.6 114.6 0 256 0C397.4 0 512 114.6 512 256zM176 168V344C176 352.7 180.7 360.7 188.3 364.9C195.8 369.2 205.1 369 212.5 364.5L356.5 276.5C363.6 272.1 368 264.4 368 256C368 247.6 363.6 239.9 356.5 235.5L212.5 147.5C205.1 142.1 195.8 142.8 188.3 147.1C180.7 151.3 176 159.3 176 168V168z\" \/><\/symbol><use xlink:href=\"#play\" \/><\/svg><\/p>\n<div class=\"right\">\n<p>Pablo Vic\u00f3<!-- --> &#8211;<!-- --> <span>&nbsp;<\/span><\/p>\n<h2 class=\"title-vid\">Pablo Vic\u00f3 habl\u00f3 sobre su relaci\u00f3n con Sampaoli<\/h2>\n<\/div>\n<\/div>\n<p><span class=\"back\" id=\"spanBackembedqaxEbfra\"><\/span><\/div>\n<div type=\"embed\" class=\"sc-3f46f5ae-0 djVTgz\">\n<div class=\"sc-3f46f5ae-1 fTjZec videoText\" id=\"contentTitleembedD6pqGA8o\" type=\"embed\"><svg fill=\"#ffffff\"><symbol id=\"play\" viewBox=\"0 0 512 512\"><path d=\"M512 256C512 397.4 397.4 512 256 512C114.6 512 0 397.4 0 256C0 114.6 114.6 0 256 0C397.4 0 512 114.6 512 256zM176 168V344C176 352.7 180.7 360.7 188.3 364.9C195.8 369.2 205.1 369 212.5 364.5L356.5 276.5C363.6 272.1 368 264.4 368 256C368 247.6 363.6 239.9 356.5 235.5L212.5 147.5C205.1 142.1 195.8 142.8 188.3 147.1C180.7 151.3 176 159.3 176 168V168z\" \/><\/symbol><use xlink:href=\"#play\" \/><\/svg><\/p>\n<div class=\"right\">\n<p>32avosdefinal<!-- --> &#8211;<!-- --> <span>&nbsp;<\/span><\/p>\n<h2 class=\"title-vid\">\u00a1Lleg\u00f3 el mu\u00f1equito de Vic\u00f3!<\/h2>\n<\/div>\n<\/div>\n<p><span class=\"back\" id=\"spanBackembedD6pqGA8o\"><\/span><\/div>\n<div class=\"sc-a7166897-0 exHLBh\" readability=\"6\">\n<section readability=\"2\"><picture><img alt=\"Atlanta agudiz\u00f3 el mal momento de Chicago en Mataderos\" src=\"http:\/\/cordobadirecto.com\/wp-content\/uploads\/2024\/08\/pablo-vico-vuelve-a-dirigir-despues-de-su-salida-historica-de-brown-de-adrogue-2.jpg\" width=\"290\" height=\"290\" decoding=\"async\" data-nimg=\"future\" loading=\"lazy\"><\/picture>\n<p><span>Mir\u00e1 tambi\u00e9n<\/span><\/p>\n<hr>\n<h3>Atlanta agudiz\u00f3 el mal momento de Chicago en Mataderos<\/h3>\n<\/p>\n<\/section>\n<\/div>\n<div class=\"sc-a7166897-0 exHLBh\" readability=\"6\">\n<section readability=\"2\"><picture><img alt=\"El ex Boca que es DT del nuevo puntero del Nacional \" src=\"http:\/\/cordobadirecto.com\/wp-content\/uploads\/2024\/08\/pablo-vico-vuelve-a-dirigir-despues-de-su-salida-historica-de-brown-de-adrogue-3.jpg\" width=\"290\" height=\"290\" decoding=\"async\" data-nimg=\"future\" loading=\"lazy\"><\/picture>\n<p><span>Mir\u00e1 tambi\u00e9n<\/span><\/p>\n<hr>\n<h3>El ex Boca que es DT del nuevo puntero del Nacional<br \/>\n<\/h3>\n<\/p>\n<\/section>\n<\/div>\n<div class=\"sc-a7166897-0 exHLBh\" readability=\"6\">\n<section readability=\"2\"><picture><img alt=\"Quilmes respira: volvi\u00f3 a ganar y otra vez en Reducido\" src=\"http:\/\/cordobadirecto.com\/wp-content\/uploads\/2024\/08\/pablo-vico-vuelve-a-dirigir-despues-de-su-salida-historica-de-brown-de-adrogue-4.jpg\" width=\"290\" height=\"290\" decoding=\"async\" data-nimg=\"future\" loading=\"lazy\"><\/picture>\n<p><span>Mir\u00e1 tambi\u00e9n<\/span><\/p>\n<hr>\n<h3>Quilmes respira: volvi\u00f3 a ganar y otra vez en Reducido<\/h3>\n<\/p>\n<\/section>\n<\/div>\n<div class=\"sc-a7166897-0 exHLBh\" readability=\"6\">\n<section readability=\"2\"><picture><img alt=\"All Boys gole\u00f3 a Ferro y se meti\u00f3 en Reducido\" src=\"http:\/\/cordobadirecto.com\/wp-content\/uploads\/2024\/08\/pablo-vico-vuelve-a-dirigir-despues-de-su-salida-historica-de-brown-de-adrogue-5.jpg\" width=\"290\" height=\"290\" decoding=\"async\" data-nimg=\"future\" loading=\"lazy\"><\/picture>\n<p><span>Mir\u00e1 tambi\u00e9n<\/span><\/p>\n<hr>\n<h3>All Boys gole\u00f3 a Ferro y se meti\u00f3 en Reducido<\/h3>\n<\/p>\n<\/section>\n<\/div>\n<\/div>\n","protected":false},"excerpt":{"rendered":"<p>12\/08\/2024 08:28hs. El desempleo le estaba pegando feo. Despu\u00e9s de 15 a\u00f1os consecutivos como entrenador y referente de Brown de Adrogu\u00e9, Pablo Vic\u00f3 llevaba 100 d\u00edas sin trabajo. Y el asunto le hab\u00eda modificado incluso el d\u00eda a d\u00eda. Se lo cont\u00f3 aOl\u00e9 con lujo de detalles. Sin embargo, como si el mundo estuviese te\u00f1ido [&hellip;]<\/p>\n","protected":false},"author":1,"featured_media":154178,"comment_status":"closed","ping_status":"closed","sticky":false,"template":"","format":"standard","meta":[],"categories":[21],"tags":[],"_links":{"self":[{"href":"http:\/\/cordobadirecto.com\/index.php\/wp-json\/wp\/v2\/posts\/154177"}],"collection":[{"href":"http:\/\/cordobadirecto.com\/index.php\/wp-json\/wp\/v2\/posts"}],"about":[{"href":"http:\/\/cordobadirecto.com\/index.php\/wp-json\/wp\/v2\/types\/post"}],"author":[{"embeddable":true,"href":"http:\/\/cordobadirecto.com\/index.php\/wp-json\/wp\/v2\/users\/1"}],"replies":[{"embeddable":true,"href":"http:\/\/cordobadirecto.com\/index.php\/wp-json\/wp\/v2\/comments?post=154177"}],"version-history":[{"count":0,"href":"http:\/\/cordobadirecto.com\/index.php\/wp-json\/wp\/v2\/posts\/154177\/revisions"}],"wp:featuredmedia":[{"embeddable":true,"href":"http:\/\/cordobadirecto.com\/index.php\/wp-json\/wp\/v2\/media\/154178"}],"wp:attachment":[{"href":"http:\/\/cordobadirecto.com\/index.php\/wp-json\/wp\/v2\/media?parent=154177"}],"wp:term":[{"taxonomy":"category","embeddable":true,"href":"http:\/\/cordobadirecto.com\/index.php\/wp-json\/wp\/v2\/categories?post=154177"},{"taxonomy":"post_tag","embeddable":true,"href":"http:\/\/cordobadirecto.com\/index.php\/wp-json\/wp\/v2\/tags?post=154177"}],"curies":[{"name":"wp","href":"https:\/\/api.w.org\/{rel}","templated":true}]}}