{"id":154194,"date":"2024-08-12T22:00:59","date_gmt":"2024-08-12T22:00:59","guid":{"rendered":"https:\/\/cordoba.gob.ar\/?p=60285"},"modified":"2024-08-12T22:00:59","modified_gmt":"2024-08-12T22:00:59","slug":"manana-comenzara-el-iii-congreso-de-participacion-ciudadana-y-descentralizacion","status":"publish","type":"post","link":"http:\/\/cordobadirecto.com\/index.php\/2024\/08\/12\/manana-comenzara-el-iii-congreso-de-participacion-ciudadana-y-descentralizacion\/","title":{"rendered":"Ma\u00f1ana comenzar\u00e1 el III Congreso de Participaci\u00f3n Ciudadana y Descentralizaci\u00f3n"},"content":{"rendered":"<div><img src=\"http:\/\/cordobadirecto.com\/wp-content\/uploads\/2024\/08\/manana-comenzara-el-iii-congreso-de-participacion-ciudadana-y-descentralizacion.jpg\" class=\"ff-og-image-inserted\"><\/div>\n<ul>\n<li><strong>Cualquier ciudadano o ciudadana puede participar del Congreso. Inscripciones <a href=\"https:\/\/docs.google.com\/forms\/d\/e\/1FAIpQLScRiudi2Xe9851LtrHvqAHIUX9vICApXEMhT1JTkXqqIvLiow\/viewform\">ac\u00e1<\/a>.<\/strong><\/li>\n<\/ul>\n<hr>\n<p>Los d\u00edas 12, 13 y 14 de agosto tendr\u00e1 lugar en la ciudad de C\u00f3rdoba el III Congreso de Participaci\u00f3n Ciudadana y Descentralizaci\u00f3n.<\/p>\n<p>Si bien habr\u00e1 actividades hoy lunes, ma\u00f1ana ser\u00e1 la apertura formal, con la presencia del intendente Daniel Passerini.<\/p>\n<p>Se trata de la tercera edici\u00f3n de esta propuesta que invita a conocer y compartir las pr\u00e1cticas llevadas a cabo en diferentes municipios para mejorar el v\u00ednculo Ciudadano-Estado Municipal, as\u00ed como tambi\u00e9n modernizarlo ante los nuevos contextos y necesidades.<\/p>\n<p>Algunos de sus ejes ser\u00e1n la tecnolog\u00eda, la inteligencia artificial, la innovaci\u00f3n, la construcci\u00f3n de comunidad y la representaci\u00f3n pol\u00edtica.<\/p>\n<p>Tendr\u00e1 como sedes el Centro Cultural C\u00f3rdoba, el Museo Metropolitano de Arte Urbano, el Museo Superior de Bellas Artes Evita Palacio Ferreyra y la Capilla del Buen Pastor.<\/p>\n<p>Para m\u00e1s informaci\u00f3n e inscripciones, visitar <a href=\"https:\/\/yoparticipo.cordoba.gob.ar\/\">esta web<\/a>.<\/p>\n<p><strong>Participaci\u00f3n: una pol\u00edtica de Estado<\/strong><\/p>\n<p>Los conceptos de participaci\u00f3n ciudadana y descentralizaci\u00f3n llegar\u00e1n al congreso el d\u00eda de ma\u00f1ana, pero no son ideas ajenas a la cotidianidad de nuestra ciudad ni a la actual gesti\u00f3n del municipio.<\/p>\n<p>En C\u00f3rdoba, 16 Centros de Participaci\u00f3n Comunal atienden las necesidades de los vecinos y vecinas, quienes se acercan por tr\u00e1mites de Registro Civil, matrimonios y licencias de conducir, entre otras gestiones; adem\u00e1s de ofrecer actividades culturales, recreativas, deportivas y de capacitaci\u00f3n.<\/p>\n<p>Todos los CPC, desde el a\u00f1o pasado, tambi\u00e9n cuentan con un Centro Operativo, que no solo descentraliza la administraci\u00f3n, sino tambi\u00e9n el mantenimiento, con tareas de desmalezado, poda, poda, pintura, arreglos y barrido en los barrios.<\/p>\n<p>Al mismo tiempo, las propuestas de Presupuesto Participativo Barrial, Presupuesto Participativo Joven y las Juntas de Participaci\u00f3n Vecinal, por nombrar algunas, constituyen una verdadera pol\u00edtica p\u00fablica de descentralizar la toma de decisiones y promover la participaci\u00f3n ciudadana en los barrios.<\/p>\n<p>La inclusi\u00f3n de las nuevas tecnolog\u00edas permite mejorar los procesos de participaci\u00f3n ciudadana, haci\u00e9ndolos m\u00e1s \u00e1giles, eficientes y accesibles para todas las personas.<\/p>\n<p>Una buena parte de estos temas ser\u00e1n debatidos durante el Congreso, bajo el lema #YoParticipo, en el que el municipio brindar\u00e1 una oportunidad para debatir junto con profesionales de todo el pa\u00eds, del exterior, funcionarios, representantes de la sociedad civil y vecinos, las experiencias y desaf\u00edos que estos asuntos conllevan.<\/p>\n","protected":false},"excerpt":{"rendered":"<p>Cualquier ciudadano o ciudadana puede participar del Congreso. Inscripciones ac\u00e1. Los d\u00edas 12, 13 y 14 de agosto tendr\u00e1 lugar en la ciudad de C\u00f3rdoba el III Congreso de Participaci\u00f3n Ciudadana y Descentralizaci\u00f3n. Si bien habr\u00e1 actividades hoy lunes, ma\u00f1ana ser\u00e1 la apertura formal, con la presencia del intendente Daniel Passerini. Se trata de la [&hellip;]<\/p>\n","protected":false},"author":1,"featured_media":154195,"comment_status":"closed","ping_status":"closed","sticky":false,"template":"","format":"standard","meta":[],"categories":[44],"tags":[],"_links":{"self":[{"href":"http:\/\/cordobadirecto.com\/index.php\/wp-json\/wp\/v2\/posts\/154194"}],"collection":[{"href":"http:\/\/cordobadirecto.com\/index.php\/wp-json\/wp\/v2\/posts"}],"about":[{"href":"http:\/\/cordobadirecto.com\/index.php\/wp-json\/wp\/v2\/types\/post"}],"author":[{"embeddable":true,"href":"http:\/\/cordobadirecto.com\/index.php\/wp-json\/wp\/v2\/users\/1"}],"replies":[{"embeddable":true,"href":"http:\/\/cordobadirecto.com\/index.php\/wp-json\/wp\/v2\/comments?post=154194"}],"version-history":[{"count":0,"href":"http:\/\/cordobadirecto.com\/index.php\/wp-json\/wp\/v2\/posts\/154194\/revisions"}],"wp:featuredmedia":[{"embeddable":true,"href":"http:\/\/cordobadirecto.com\/index.php\/wp-json\/wp\/v2\/media\/154195"}],"wp:attachment":[{"href":"http:\/\/cordobadirecto.com\/index.php\/wp-json\/wp\/v2\/media?parent=154194"}],"wp:term":[{"taxonomy":"category","embeddable":true,"href":"http:\/\/cordobadirecto.com\/index.php\/wp-json\/wp\/v2\/categories?post=154194"},{"taxonomy":"post_tag","embeddable":true,"href":"http:\/\/cordobadirecto.com\/index.php\/wp-json\/wp\/v2\/tags?post=154194"}],"curies":[{"name":"wp","href":"https:\/\/api.w.org\/{rel}","templated":true}]}}