{"id":154217,"date":"2024-08-12T22:24:32","date_gmt":"2024-08-12T22:24:32","guid":{"rendered":"https:\/\/www.ole.com.ar\/autos\/franco-colapinto-buenos-aires-ford-shelby-cobra-tour-gulf-calles_0_9Du0GujVzF.html"},"modified":"2024-08-12T22:24:32","modified_gmt":"2024-08-12T22:24:32","slug":"colapinto-volo-por-las-calles-de-buenos-aires-arriba-de-un-auto-historico","status":"publish","type":"post","link":"http:\/\/cordobadirecto.com\/index.php\/2024\/08\/12\/colapinto-volo-por-las-calles-de-buenos-aires-arriba-de-un-auto-historico\/","title":{"rendered":"Colapinto vol\u00f3 por las calles de Buenos Aires arriba de un auto hist\u00f3rico"},"content":{"rendered":"<p><time class=\"createDate\" datetime=\"2024-08-12T19:24:32-03:00\">12\/08\/2024 19:24hs.<\/time><\/p>\n<div id=\"storyBody\">\n<div class=\"custom-text \" readability=\"40\">\n<p>Muchos se levantaron, se hicieron un caf\u00e9, sacaron el auto y partieron hacia sus trabajos como todos los d\u00edas.<strong> <\/strong>En alg\u00fan sem\u00e1foro, <strong>los m\u00e1s afortunados sintieron un rugido de esos capaces de romper o\u00eddos acerc\u00e1ndose a sus puertas laterales<\/strong>. \u00bfEl causante? Nada m\u00e1s y nada menos que un piloto argentino de F\u00f3rmula 2 que sue\u00f1a con llegar a la M\u00e1xima. No hace falta mayor introducci\u00f3n: <strong>Franco Colapinto<\/strong>, a bordo de un bell\u00edsimo Shelby Cobra, dio una vuelta por varios puntos centrales de la Ciudad Aut\u00f3noma de Buenos Aires y enloqueci\u00f3 al pa\u00eds.<\/p>\n<\/div>\n<div class=\"custom-text \" readability=\"38\">\n<p><strong>&#8220;Anda bien, boludo. Anda fuerte. \u00a1Tiene una potencia! L\u00e1stima que no lo puedo acelerar, unas ganas de ir a las pistas&#8230;&#8221;<\/strong>, le dijo el pilarense de 21 a\u00f1os a <strong>Ol\u00e9<\/strong>, que estaba ubicado en el tour bus que recorri\u00f3 las calles a su lado en el marco del Gulf Tour Buenos Aires.<\/p>\n<\/div>\n<div class=\"sc-e7b891c4-0 jPbnQF\"><img alt=\"Colapinto en medio del tr\u00e1fico porte\u00f1o. A su lado, el micro en el que lo acompa\u00f1aron los periodistas. (Juan Lopetegui)\" src=\"http:\/\/cordobadirecto.com\/wp-content\/uploads\/2024\/08\/colapinto-volo-por-las-calles-de-buenos-aires-arriba-de-un-auto-historico.jpg\" width=\"720\" height=\"100\" decoding=\"async\" data-nimg=\"future\" loading=\"lazy\"><span class=\"epigraphe\">Colapinto en medio del tr\u00e1fico porte\u00f1o. A su lado, el micro en el que lo acompa\u00f1aron los periodistas. (Juan Lopetegui)<\/span><\/div>\n<div class=\"custom-text \" readability=\"45\">\n<p>La bestia que manej\u00f3 Colapinto, adaptada para las calles porte\u00f1as, tuvo competencia. Y no fue una Ferrari, una Kawasaki Ninja ni nada por el estilo:<strong> Nicol\u00e1s y Augusto, dos pibitos de secundario, lo siguieron de principio a fin \u00a1arriba de una bicicleta! <\/strong>Sorprendentemente, nunca le perdieron el rastro, pegaron onda con el piloto y luego le dijeron a este diario que &#8220;no lo quer\u00edamos molestar, pero era una oportunidad \u00fanica en la vida y nos agradeci\u00f3&#8221;. <strong>Franco, por su parte, les devolvi\u00f3 la buena onda con un &#8220;est\u00e1n para el Tour de France&#8221;.<\/strong><\/p>\n<\/div>\n<div class=\"custom-text \" readability=\"38\">\n<p>En el Planetario, el ultimo destino del Cobra, el argentino sac\u00f3 una bandera albiceleste y pos\u00f3 para las c\u00e1maras. Dentro de poco, cuando se reinicie la actividad en la F2 (ser\u00e1 en la \u00faltima semana de agosto), <strong>buscar\u00e1 llevarla a lo m\u00e1s alto del podio como ya supo hacerlo<\/strong>.<\/p>\n<\/div>\n<div class=\"sc-e7b891c4-0 jPbnQF\"><img alt=\"Franco Colapinto hizo rugir al Cobra. (Juan Lopetegui)\" src=\"http:\/\/cordobadirecto.com\/wp-content\/uploads\/2024\/08\/colapinto-volo-por-las-calles-de-buenos-aires-arriba-de-un-auto-historico-1.jpg\" width=\"720\" height=\"100\" decoding=\"async\" data-nimg=\"future\" loading=\"lazy\"><span class=\"epigraphe\">Franco Colapinto hizo rugir al Cobra. (Juan Lopetegui)<\/span><\/div>\n<p><h2><strong>Los mejores videos de Colapinto recorriendo las calles porte\u00f1as<\/strong><\/h2>\n<\/p>\n<div class=\"custom-embedhtml\" readability=\"6.9519867549669\">\n<blockquote class=\"twitter-tweet\" readability=\"8.1788079470199\">\n<p lang=\"es\" dir=\"ltr\">\ud83e\udd2f\ud83d\udeb4\u200d\u2642\ufe0f SIGUIERON A COLAPINTO DURANTE \u00a12 KM! EN BICIS<\/p>\n<p>Dos chicos de 16 y 17 a\u00f1os acompa\u00f1aron en bicicletas a Franco Colapinto durante su recorrido por la Ciudad de Buenos Aires\ud83d\ude4c<\/p>\n<p>\ud83c\udfa5 @nicolaroccanarvaez <a href=\"https:\/\/twitter.com\/SilvaFabrizio?ref_src=twsrc%5Etfw\">@SilvaFabrizio<\/a> <a href=\"https:\/\/t.co\/sWC97vLmSR\">pic.twitter.com\/sWC97vLmSR<\/a><\/p>\n<p>\u2014 Diario Ol\u00e9 (@DiarioOle) <a href=\"https:\/\/twitter.com\/DiarioOle\/status\/1823066600893001757?ref_src=twsrc%5Etfw\">August 12, 2024<\/a><\/p><\/blockquote><\/div>\n<div class=\"sc-a7166897-0 exHLBh\" readability=\"6\">\n<section readability=\"2\"><picture><img alt=\"Qu\u00e9 dijo Canapino luego de su salida de la IndyCar\" src=\"http:\/\/cordobadirecto.com\/wp-content\/uploads\/2024\/08\/colapinto-volo-por-las-calles-de-buenos-aires-arriba-de-un-auto-historico-2.jpg\" width=\"290\" height=\"290\" decoding=\"async\" data-nimg=\"future\" loading=\"lazy\"><\/picture>\n<p><span>Mir\u00e1 tambi\u00e9n<\/span><\/p>\n<hr>\n<h3>Qu\u00e9 dijo Canapino luego de su salida de la IndyCar<\/h3>\n<\/p>\n<\/section>\n<\/div>\n<div class=\"sc-a7166897-0 exHLBh\" readability=\"7\">\n<section readability=\"4\"><picture><img alt=\"Canapino en IndyCar: sus n\u00fameros, mejores resultados y un conflicto que fue el principio del fin\" src=\"http:\/\/cordobadirecto.com\/wp-content\/uploads\/2024\/08\/colapinto-volo-por-las-calles-de-buenos-aires-arriba-de-un-auto-historico-3.jpg\" width=\"290\" height=\"290\" decoding=\"async\" data-nimg=\"future\" loading=\"lazy\"><\/picture>\n<p><span>Mir\u00e1 tambi\u00e9n<\/span><\/p>\n<hr>\n<h3>Canapino en IndyCar: sus n\u00fameros, mejores resultados y un conflicto que fue el principio del fin<\/h3>\n<\/p>\n<\/section>\n<\/div>\n<div class=\"sc-a7166897-0 exHLBh\" readability=\"6\">\n<section readability=\"2\"><picture><img alt=\"Canapino se merece una medalla\" src=\"http:\/\/cordobadirecto.com\/wp-content\/uploads\/2024\/08\/colapinto-volo-por-las-calles-de-buenos-aires-arriba-de-un-auto-historico-4.jpg\" width=\"290\" height=\"290\" decoding=\"async\" data-nimg=\"future\" loading=\"lazy\"><\/picture>\n<p><span>Mir\u00e1 tambi\u00e9n<\/span><\/p>\n<hr>\n<h3>Canapino se merece una medalla<\/h3>\n<\/p>\n<\/section>\n<\/div>\n<\/div>\n","protected":false},"excerpt":{"rendered":"<p>12\/08\/2024 19:24hs. Muchos se levantaron, se hicieron un caf\u00e9, sacaron el auto y partieron hacia sus trabajos como todos los d\u00edas. En alg\u00fan sem\u00e1foro, los m\u00e1s afortunados sintieron un rugido de esos capaces de romper o\u00eddos acerc\u00e1ndose a sus puertas laterales. \u00bfEl causante? Nada m\u00e1s y nada menos que un piloto argentino de F\u00f3rmula 2 [&hellip;]<\/p>\n","protected":false},"author":1,"featured_media":154218,"comment_status":"closed","ping_status":"closed","sticky":false,"template":"","format":"standard","meta":[],"categories":[21],"tags":[],"_links":{"self":[{"href":"http:\/\/cordobadirecto.com\/index.php\/wp-json\/wp\/v2\/posts\/154217"}],"collection":[{"href":"http:\/\/cordobadirecto.com\/index.php\/wp-json\/wp\/v2\/posts"}],"about":[{"href":"http:\/\/cordobadirecto.com\/index.php\/wp-json\/wp\/v2\/types\/post"}],"author":[{"embeddable":true,"href":"http:\/\/cordobadirecto.com\/index.php\/wp-json\/wp\/v2\/users\/1"}],"replies":[{"embeddable":true,"href":"http:\/\/cordobadirecto.com\/index.php\/wp-json\/wp\/v2\/comments?post=154217"}],"version-history":[{"count":0,"href":"http:\/\/cordobadirecto.com\/index.php\/wp-json\/wp\/v2\/posts\/154217\/revisions"}],"wp:featuredmedia":[{"embeddable":true,"href":"http:\/\/cordobadirecto.com\/index.php\/wp-json\/wp\/v2\/media\/154218"}],"wp:attachment":[{"href":"http:\/\/cordobadirecto.com\/index.php\/wp-json\/wp\/v2\/media?parent=154217"}],"wp:term":[{"taxonomy":"category","embeddable":true,"href":"http:\/\/cordobadirecto.com\/index.php\/wp-json\/wp\/v2\/categories?post=154217"},{"taxonomy":"post_tag","embeddable":true,"href":"http:\/\/cordobadirecto.com\/index.php\/wp-json\/wp\/v2\/tags?post=154217"}],"curies":[{"name":"wp","href":"https:\/\/api.w.org\/{rel}","templated":true}]}}