{"id":154219,"date":"2024-08-13T11:56:17","date_gmt":"2024-08-13T11:56:17","guid":{"rendered":"https:\/\/www.ole.com.ar\/futbol-ascenso\/ascenso_0_wuR37t1FxK.html"},"modified":"2024-08-13T11:56:17","modified_gmt":"2024-08-13T11:56:17","slug":"deportivo-madryn-gano-en-el-final-y-saco-a-temperley-del-reducido","status":"publish","type":"post","link":"http:\/\/cordobadirecto.com\/index.php\/2024\/08\/13\/deportivo-madryn-gano-en-el-final-y-saco-a-temperley-del-reducido\/","title":{"rendered":"Deportivo Madryn gan\u00f3 en el final y sac\u00f3 a Temperley del Reducido"},"content":{"rendered":"<p><time class=\"createDate\" datetime=\"2024-08-12T23:16:50-03:00\">12\/08\/2024 23:16hs.<\/time><\/p>\n<div id=\"storyBody\">\n<div class=\"custom-text \" readability=\"32.932975871314\">\n<p><strong>El punto met\u00eda a <a href=\"https:\/\/www.ole.com.ar\/tema\/temperley.html\" title=\"temperley\" alt=\"temperley\" class=\"slug\">Temperley<\/a> en puestos de Reducido y dejaba a <a href=\"https:\/\/www.ole.com.ar\/tema\/deportivo-madryn.html\" title=\"Deportivo Madryn\" alt=\"Deportivo Madryn\" class=\"slug\">Deportivo Madryn<\/a> sin la posibilidad de trepar a la zona de pelea<\/strong> por el segundo ascenso del grupo B de la <a href=\"https:\/\/www.ole.com.ar\/tema\/primera-nacional.html\" title=\"Primera Nacional\" alt=\"Primera Nacional\" class=\"slug\">Primera Nacional<\/a>. Sin embargo, cuando parec\u00eda que el encuentro finalizaba sin goles, <strong>Diego Crego puso toda su fe para que el Aurinegro se quedara con un triunfazo en Turdera y venciera de manera ag\u00f3nica.<\/strong><\/p>\n<\/div>\n<div class=\"custom-text \" readability=\"36\">\n<p><strong>Si bien no fue arrollador, el Celeste hizo m\u00e9ritos para quedarse con la victoria en el Alfredo Beranger.<\/strong> Tuvo la iniciativa y cont\u00f3 con las mejores situaciones, aunque la falta de punter\u00eda y la s\u00f3lida actuaci\u00f3n de Yair Bonnin llevaron a que no pudiera abrir el marcador.<\/p>\n<\/div>\n<div class=\"custom-text \" readability=\"36\">\n<p>\u00bfEl Aurinegro? S<strong>e despert\u00f3 en el cierre y, a los 48 minutos del complemento, arm\u00f3 una buena jugada individual<\/strong> (pareci\u00f3 que Juli\u00e1n Eseiza estaba un pasito adelantado) <strong>que Crego defini\u00f3 con mucha calidad.<\/strong><\/p>\n<\/div>\n<div class=\"custom-text \" readability=\"33\">\n<p>S\u00ed, Crego en los milagros.<\/p>\n<\/div>\n<div class=\"sc-a7166897-0 exHLBh\" readability=\"6\">\n<section readability=\"2\"><picture><img alt=\"La tabla anual de la Liga Profesional: as\u00ed est\u00e1 la clasificaci\u00f3n a las copas 2025\" src=\"http:\/\/cordobadirecto.com\/wp-content\/uploads\/2024\/08\/deportivo-madryn-gano-en-el-final-y-saco-a-temperley-del-reducido.jpg\" width=\"290\" height=\"290\" decoding=\"async\" data-nimg=\"future\" loading=\"lazy\"><\/picture>\n<p><span>Mir\u00e1 tambi\u00e9n<\/span><\/p>\n<hr>\n<h3>La tabla anual de la Liga Profesional: as\u00ed est\u00e1 la clasificaci\u00f3n a las copas 2025<\/h3>\n<\/p>\n<\/section>\n<\/div>\n<div class=\"sc-a7166897-0 exHLBh\" readability=\"6\">\n<section readability=\"2\"><picture><img alt=\"Vivas qued\u00f3 en lugar de Alfaro en Costa Rica\" src=\"http:\/\/cordobadirecto.com\/wp-content\/uploads\/2024\/08\/deportivo-madryn-gano-en-el-final-y-saco-a-temperley-del-reducido-1.jpg\" width=\"290\" height=\"290\" decoding=\"async\" data-nimg=\"future\" loading=\"lazy\"><\/picture>\n<p><span>Mir\u00e1 tambi\u00e9n<\/span><\/p>\n<hr>\n<h3>Vivas qued\u00f3 en lugar de Alfaro en Costa Rica<\/h3>\n<\/p>\n<\/section>\n<\/div>\n<div class=\"sc-a7166897-0 exHLBh\" readability=\"6\">\n<section readability=\"2\"><picture><img alt=\"\u00bfC\u00f3mo se prepara Belgrano para visitar a Paranaense?\" src=\"http:\/\/cordobadirecto.com\/wp-content\/uploads\/2024\/08\/deportivo-madryn-gano-en-el-final-y-saco-a-temperley-del-reducido-2.jpg\" width=\"290\" height=\"290\" decoding=\"async\" data-nimg=\"future\" loading=\"lazy\"><\/picture>\n<p><span>Mir\u00e1 tambi\u00e9n<\/span><\/p>\n<hr>\n<h3>\u00bfC\u00f3mo se prepara Belgrano para visitar a Paranaense?<\/h3>\n<\/p>\n<\/section>\n<\/div>\n<div class=\"sc-a7166897-0 exHLBh\" readability=\"6\">\n<section readability=\"2\"><picture><img alt=\"Banfield suma un nuevo delantero \" src=\"http:\/\/cordobadirecto.com\/wp-content\/uploads\/2024\/08\/deportivo-madryn-gano-en-el-final-y-saco-a-temperley-del-reducido-3.jpg\" width=\"290\" height=\"290\" decoding=\"async\" data-nimg=\"future\" loading=\"lazy\"><\/picture>\n<p><span>Mir\u00e1 tambi\u00e9n<\/span><\/p>\n<hr>\n<h3>Banfield suma un nuevo delantero <\/h3>\n<\/p>\n<\/section>\n<\/div>\n<div class=\"sc-a7166897-0 exHLBh\" readability=\"7\">\n<section readability=\"4\"><picture><img alt=\"A 10 a\u00f1os de la obtenci\u00f3n de la Libertadores, San Lorenzo buscar\u00e1 aire ante Atl\u00e9tico Mineiro\" src=\"http:\/\/cordobadirecto.com\/wp-content\/uploads\/2024\/08\/deportivo-madryn-gano-en-el-final-y-saco-a-temperley-del-reducido-4.jpg\" width=\"290\" height=\"290\" decoding=\"async\" data-nimg=\"future\" loading=\"lazy\"><\/picture>\n<p><span>Mir\u00e1 tambi\u00e9n<\/span><\/p>\n<hr>\n<h3>A 10 a\u00f1os de la obtenci\u00f3n de la Libertadores, San Lorenzo buscar\u00e1 aire ante Atl\u00e9tico Mineiro<\/h3>\n<\/p>\n<\/section>\n<\/div>\n<\/div>\n","protected":false},"excerpt":{"rendered":"<p>12\/08\/2024 23:16hs. El punto met\u00eda a Temperley en puestos de Reducido y dejaba a Deportivo Madryn sin la posibilidad de trepar a la zona de pelea por el segundo ascenso del grupo B de la Primera Nacional. Sin embargo, cuando parec\u00eda que el encuentro finalizaba sin goles, Diego Crego puso toda su fe para que [&hellip;]<\/p>\n","protected":false},"author":1,"featured_media":154220,"comment_status":"closed","ping_status":"closed","sticky":false,"template":"","format":"standard","meta":[],"categories":[21],"tags":[],"_links":{"self":[{"href":"http:\/\/cordobadirecto.com\/index.php\/wp-json\/wp\/v2\/posts\/154219"}],"collection":[{"href":"http:\/\/cordobadirecto.com\/index.php\/wp-json\/wp\/v2\/posts"}],"about":[{"href":"http:\/\/cordobadirecto.com\/index.php\/wp-json\/wp\/v2\/types\/post"}],"author":[{"embeddable":true,"href":"http:\/\/cordobadirecto.com\/index.php\/wp-json\/wp\/v2\/users\/1"}],"replies":[{"embeddable":true,"href":"http:\/\/cordobadirecto.com\/index.php\/wp-json\/wp\/v2\/comments?post=154219"}],"version-history":[{"count":0,"href":"http:\/\/cordobadirecto.com\/index.php\/wp-json\/wp\/v2\/posts\/154219\/revisions"}],"wp:featuredmedia":[{"embeddable":true,"href":"http:\/\/cordobadirecto.com\/index.php\/wp-json\/wp\/v2\/media\/154220"}],"wp:attachment":[{"href":"http:\/\/cordobadirecto.com\/index.php\/wp-json\/wp\/v2\/media?parent=154219"}],"wp:term":[{"taxonomy":"category","embeddable":true,"href":"http:\/\/cordobadirecto.com\/index.php\/wp-json\/wp\/v2\/categories?post=154219"},{"taxonomy":"post_tag","embeddable":true,"href":"http:\/\/cordobadirecto.com\/index.php\/wp-json\/wp\/v2\/tags?post=154219"}],"curies":[{"name":"wp","href":"https:\/\/api.w.org\/{rel}","templated":true}]}}