{"id":154223,"date":"2024-08-13T13:43:42","date_gmt":"2024-08-13T13:43:42","guid":{"rendered":"https:\/\/cordoba.gob.ar\/?p=60275"},"modified":"2024-08-13T13:43:42","modified_gmt":"2024-08-13T13:43:42","slug":"proyectate-en-la-universidad-jornadas-de-talleres-vocacionales-y-espacios-para-conocer-y-descubrir-diferentes-carreras","status":"publish","type":"post","link":"http:\/\/cordobadirecto.com\/index.php\/2024\/08\/13\/proyectate-en-la-universidad-jornadas-de-talleres-vocacionales-y-espacios-para-conocer-y-descubrir-diferentes-carreras\/","title":{"rendered":"\u201cProy\u00e9ctate en la Universidad\u201d: jornadas de talleres vocacionales y espacios para conocer y descubrir diferentes carreras"},"content":{"rendered":"<div><img src=\"http:\/\/cordobadirecto.com\/wp-content\/uploads\/2024\/08\/proyectate-en-la-universidad-jornadas-de-talleres-vocacionales-y-espacios-para-conocer-y-descubrir-diferentes-carreras.jpg\" class=\"ff-og-image-inserted\"><\/div>\n<ul>\n<li><strong>La propuesta est\u00e1 destinada a estudiantes de sexto a\u00f1o.<\/strong><\/li>\n<li><strong>En el mes de agosto se realizar\u00e1n en el Parque Educativo Norte, Sureste y Estaci\u00f3n Flores.<\/strong><\/li>\n<\/ul>\n<hr>\n<p>La Municipalidad de C\u00f3rdoba, a trav\u00e9s de la Subsecretar\u00eda de Educaci\u00f3n Social, Cient\u00edfica y Tecnol\u00f3gica de la Secretar\u00eda de Educaci\u00f3n, junto a la Universidad Nacional de C\u00f3rdoba y la Universidad Nacional de Villa Mar\u00eda, invita a estudiantes de sexto a\u00f1o a participar en \u201cProy\u00e9ctate en la Universidad\u201d.<\/p>\n<p>Esta innovadora propuesta est\u00e1 destinada a orientar a los j\u00f3venes sobre las m\u00faltiples opciones educativas disponibles al finalizar la escuela secundaria.<\/p>\n<p>Este proyecto plantea el desarrollo de seis jornadas itinerantes con postas de experiencias y charlas sobre el acceso a la universidad p\u00fablica, una por cada Parque Educativo.<\/p>\n<p>A lo largo de estas seis jornadas, los estudiantes tendr\u00e1n la oportunidad de participar en talleres vocacionales, juegos y postas de experiencias, as\u00ed como charlas informativas sobre el acceso a la universidad p\u00fablica.<\/p>\n<p>Permitir\u00e1n a los estudiantes de nivel medio interactuar directamente con universitarios, quienes compartir\u00e1n sus experiencias y motivar\u00e1n a los j\u00f3venes a continuar con su educaci\u00f3n superior.<\/p>\n<p>Adem\u00e1s, en septiembre se planifican visitas a la Muestra de Carreras de la UNC y el \u201cOperativo Ingreso\u201d, una jornada de apoyo en cada Parque Educativo para asesorar a los futuros universitarios que deseen inscribirse durante el mes de noviembre.<\/p>\n<p>Durante el mes de agosto se realizar\u00e1n los primeros tres encuentros:<\/p>\n<p>14 de Agosto en el Parque Educativo Norte<\/p>\n<p>19 de Agosto en el Parque Educativo Sureste<\/p>\n<p>21 de Agosto en el Parque Educativo Estaci\u00f3n Flores<\/p>\n","protected":false},"excerpt":{"rendered":"<p>La propuesta est\u00e1 destinada a estudiantes de sexto a\u00f1o. En el mes de agosto se realizar\u00e1n en el Parque Educativo Norte, Sureste y Estaci\u00f3n Flores. La Municipalidad de C\u00f3rdoba, a trav\u00e9s de la Subsecretar\u00eda de Educaci\u00f3n Social, Cient\u00edfica y Tecnol\u00f3gica de la Secretar\u00eda de Educaci\u00f3n, junto a la Universidad Nacional de C\u00f3rdoba y la Universidad [&hellip;]<\/p>\n","protected":false},"author":1,"featured_media":154224,"comment_status":"closed","ping_status":"closed","sticky":false,"template":"","format":"standard","meta":[],"categories":[44],"tags":[],"_links":{"self":[{"href":"http:\/\/cordobadirecto.com\/index.php\/wp-json\/wp\/v2\/posts\/154223"}],"collection":[{"href":"http:\/\/cordobadirecto.com\/index.php\/wp-json\/wp\/v2\/posts"}],"about":[{"href":"http:\/\/cordobadirecto.com\/index.php\/wp-json\/wp\/v2\/types\/post"}],"author":[{"embeddable":true,"href":"http:\/\/cordobadirecto.com\/index.php\/wp-json\/wp\/v2\/users\/1"}],"replies":[{"embeddable":true,"href":"http:\/\/cordobadirecto.com\/index.php\/wp-json\/wp\/v2\/comments?post=154223"}],"version-history":[{"count":0,"href":"http:\/\/cordobadirecto.com\/index.php\/wp-json\/wp\/v2\/posts\/154223\/revisions"}],"wp:featuredmedia":[{"embeddable":true,"href":"http:\/\/cordobadirecto.com\/index.php\/wp-json\/wp\/v2\/media\/154224"}],"wp:attachment":[{"href":"http:\/\/cordobadirecto.com\/index.php\/wp-json\/wp\/v2\/media?parent=154223"}],"wp:term":[{"taxonomy":"category","embeddable":true,"href":"http:\/\/cordobadirecto.com\/index.php\/wp-json\/wp\/v2\/categories?post=154223"},{"taxonomy":"post_tag","embeddable":true,"href":"http:\/\/cordobadirecto.com\/index.php\/wp-json\/wp\/v2\/tags?post=154223"}],"curies":[{"name":"wp","href":"https:\/\/api.w.org\/{rel}","templated":true}]}}