{"id":15423,"date":"2021-08-24T15:05:57","date_gmt":"2021-08-24T15:05:57","guid":{"rendered":"https:\/\/cordoba.gob.ar\/?p=12574"},"modified":"2021-08-24T15:05:57","modified_gmt":"2021-08-24T15:05:57","slug":"el-municipio-lanzo-un-curso-de-formacion-virtual-para-jardines-maternales-privados","status":"publish","type":"post","link":"http:\/\/cordobadirecto.com\/index.php\/2021\/08\/24\/el-municipio-lanzo-un-curso-de-formacion-virtual-para-jardines-maternales-privados\/","title":{"rendered":"El Municipio lanz\u00f3 un curso de formaci\u00f3n virtual para jardines maternales privados"},"content":{"rendered":"<div><img src=\"http:\/\/cordobadirecto.com\/wp-content\/uploads\/2021\/08\/el-municipio-lanzo-un-curso-de-formacion-virtual-para-jardines-maternales-privados.jpg\" class=\"ff-og-image-inserted\"><\/div>\n<ul>\n<li><strong>La capacitaci\u00f3n tiene como destinatarios a docentes, auxiliares y personal de jardines maternales privados.<\/strong><\/li>\n<li><strong>Se entregar\u00e1 certificaci\u00f3n oficial y puntaje docente a quienes lo realicen.<\/strong><\/li>\n<\/ul>\n<hr>\n<p>La Municipalidad de C\u00f3rdoba dio inicio a la formaci\u00f3n virtual \u201cPrimera infancia, el desaf\u00edo del regreso a las salas\u201d, dirigido a docentes, auxiliares y personal de los jardines maternales privados de la ciudad.<\/p>\n<p>Se trata de una capacitaci\u00f3n cuyo objetivo es promover la incorporaci\u00f3n de nuevas pr\u00e1cticas y herramientas que permitan favorecer el desarrollo integral de los ni\u00f1os y ni\u00f1as, y a su vez acercar propuestas de trabajo que faciliten y fortalezcan el v\u00ednculo con sus familias.<\/p>\n<p>\u201c<em>En la gesti\u00f3n del intendente Mart\u00edn Llaryora buscamos generar v\u00ednculos de colaboraci\u00f3n y capacitaci\u00f3n en nuestras instituciones, porque si los docentes son mejores, nuestros ni\u00f1os tambi\u00e9n. Si nuestros ni\u00f1os son mejores, la ciudad crece y hemos cumplido nuestro deber de avanzar como sociedad. Y eso es lo que debe garantizar un Estado<\/em>\u201d, expres\u00f3 Miguel Siciliano, Secretario de Gobierno.<\/p>\n<p>La conferencia de apertura estuvo a cargo del m\u00e9dico pediatra Dr. Enrique Orschanski, disertando acerca de la \u201cPrimera infancia; territorio fundante de derechos\u201d.<\/p>\n<p>El cursado, de tres meses de duraci\u00f3n, contin\u00faa con ocho talleres bajo una carga horaria de 40 horas, dividido en dos m\u00f3dulos: por un lado, el rol de los docentes en el contexto de pandemia y la generaci\u00f3n de nuevas herramientas de trabajo; y por otro el desarrollo de los ni\u00f1os y ni\u00f1as para generar espacios de trabajo espec\u00edficos para su etapa evolutiva. Las mismas son llevadas a cabo por profesionales, con videos y clases online. La certificaci\u00f3n final es emitida por la Universidad Cat\u00f3lica de C\u00f3rdoba, con puntaje para quienes lo realicen. El dictado se realiza a trav\u00e9s de la plataforma de la Defensor\u00eda (http:\/\/monitoreoddna.com\/cursos\/)<\/p>\n<p>En la presentaci\u00f3n, que reuni\u00f3 a una veintena de referentes de la actividad de manera presencial y a m\u00e1s de 300 maestras y personal de jardines por zoom, la Directora de Entes Privados, Gabriela Guzm\u00e1n se\u00f1al\u00f3 que desde su \u00e1rea \u201c<em>existe una gran responsabilidad con las Instituciones y estamos comprometidas a seguir con ustedes, a acompa\u00f1arnos para crecer y aprender despu\u00e9s de lo que nos dej\u00f3 esta pandemia<\/em>\u201c.<\/p>\n<p>En el mismo sentido se expres\u00f3 la Directora General de Coordinaci\u00f3n de Actividades Econ\u00f3micas, Soledad Flores, y agreg\u00f3 que \u201c<em>la capacitaci\u00f3n se enmarca en uno de los ejes que el intendente ha definido: hacer de C\u00f3rdoba una ciudad del conocimiento<\/em>\u201c.<\/p>\n<p>Por su parte, Amelia L\u00f3pez, Defensora de los Derechos de las Ni\u00f1as, Ni\u00f1os y Adolescentes de la provincia de C\u00f3rdoba, reflexion\u00f3 a ra\u00edz del dictado de esta capacitaci\u00f3n que surgi\u00f3 tras las consecuencias por el aislamiento social: \u201c<em>Tenemos que ser creativos y poner a la luz los derechos de los ni\u00f1os, en estos momentos tan particulares de pandemia. Estas capacitaciones son una obligaci\u00f3n \u00e9tica y moral para nosotros, de transmitirles a los docentes las herramientas posibles para fomentar una primera infancia como se merecen los peque\u00f1os<\/em>\u201c.<\/p>\n<p>El curso de formaci\u00f3n es organizado por la Direcci\u00f3n General de Coordinaci\u00f3n de Actividades Econ\u00f3micas y la Direcci\u00f3n de Entes Privados de la Secretar\u00eda de Gobierno de la Municipalidad de C\u00f3rdoba, junto a la Defensor\u00eda de los Ni\u00f1os, Ni\u00f1as y Adolescentes de la Provincia de C\u00f3rdoba, UNICEF y la Universidad Cat\u00f3lica de C\u00f3rdoba (UCC), en coordinaci\u00f3n con la Asociaci\u00f3n de Jardines Maternales y la C\u00e1mara de Jardines Maternales de la ciudad.<\/p>\n","protected":false},"excerpt":{"rendered":"<p>La capacitaci\u00f3n tiene como destinatarios a docentes, auxiliares y personal de jardines maternales privados. Se entregar\u00e1 certificaci\u00f3n oficial y puntaje docente a quienes lo realicen. La Municipalidad de C\u00f3rdoba dio inicio a la formaci\u00f3n virtual \u201cPrimera infancia, el desaf\u00edo del regreso a las salas\u201d, dirigido a docentes, auxiliares y personal de los jardines maternales privados [&hellip;]<\/p>\n","protected":false},"author":1,"featured_media":15424,"comment_status":"closed","ping_status":"closed","sticky":false,"template":"","format":"standard","meta":[],"categories":[44],"tags":[],"_links":{"self":[{"href":"http:\/\/cordobadirecto.com\/index.php\/wp-json\/wp\/v2\/posts\/15423"}],"collection":[{"href":"http:\/\/cordobadirecto.com\/index.php\/wp-json\/wp\/v2\/posts"}],"about":[{"href":"http:\/\/cordobadirecto.com\/index.php\/wp-json\/wp\/v2\/types\/post"}],"author":[{"embeddable":true,"href":"http:\/\/cordobadirecto.com\/index.php\/wp-json\/wp\/v2\/users\/1"}],"replies":[{"embeddable":true,"href":"http:\/\/cordobadirecto.com\/index.php\/wp-json\/wp\/v2\/comments?post=15423"}],"version-history":[{"count":0,"href":"http:\/\/cordobadirecto.com\/index.php\/wp-json\/wp\/v2\/posts\/15423\/revisions"}],"wp:featuredmedia":[{"embeddable":true,"href":"http:\/\/cordobadirecto.com\/index.php\/wp-json\/wp\/v2\/media\/15424"}],"wp:attachment":[{"href":"http:\/\/cordobadirecto.com\/index.php\/wp-json\/wp\/v2\/media?parent=15423"}],"wp:term":[{"taxonomy":"category","embeddable":true,"href":"http:\/\/cordobadirecto.com\/index.php\/wp-json\/wp\/v2\/categories?post=15423"},{"taxonomy":"post_tag","embeddable":true,"href":"http:\/\/cordobadirecto.com\/index.php\/wp-json\/wp\/v2\/tags?post=15423"}],"curies":[{"name":"wp","href":"https:\/\/api.w.org\/{rel}","templated":true}]}}