{"id":154268,"date":"2024-08-13T16:58:10","date_gmt":"2024-08-13T16:58:10","guid":{"rendered":"https:\/\/www.ole.com.ar\/autos\/agustin-canapino-confirmacion-turismo-carretera_0_3SrooVctCD.html"},"modified":"2024-08-13T16:58:10","modified_gmt":"2024-08-13T16:58:10","slug":"la-confirmacion-de-agustin-canapino-que-todo-el-mundo-esperaba-vuelve-al-tc","status":"publish","type":"post","link":"http:\/\/cordobadirecto.com\/index.php\/2024\/08\/13\/la-confirmacion-de-agustin-canapino-que-todo-el-mundo-esperaba-vuelve-al-tc\/","title":{"rendered":"La confirmaci\u00f3n de Agust\u00edn Canapino que todo el mundo esperaba: vuelve al TC"},"content":{"rendered":"<p><time class=\"createDate\" datetime=\"2024-08-13T13:58:10-03:00\">13\/08\/2024 13:58hs.<\/time><time class=\"modificatedDate\" datetime=\"2024-08-13T18:14:37-03:00\"> Actualizado al 13\/08\/2024 18:14hs.<\/time><\/p>\n<div id=\"storyBody\">\n<div class=\"custom-text \" readability=\"35.63309352518\">\n<p>Despu\u00e9s de haberse quedado sin butaca en la <strong><a href=\"https:\/\/www.ole.com.ar\/tema\/indycar.html\" title=\"Indycar\" alt=\"Indycar\" class=\"slug\">IndyCar<\/a><\/strong>, categor\u00eda en la que corri\u00f3 una temporada y media, se esperaba saber cu\u00e1l ser\u00eda el futuro de <strong><a href=\"https:\/\/www.ole.com.ar\/tema\/agustin-canapino.html\" title=\"Agust\u00edn Canapino\" alt=\"Agust\u00edn Canapino\" class=\"slug\">Agust\u00edn Canapino<\/a><\/strong>, uno de los mejores pilotos argentinos de la actualidad. La cuenta, al cabo, dio que dos m\u00e1s dos es cuatro&#8230;<\/p>\n<\/div>\n<div class=\"custom-text \" readability=\"38\">\n<p>Porque el propio arrecife\u00f1o confirm\u00f3 lo que todo el mundo del ambiente esperaba, esto es, <strong>que regrese al Turismo Carretera<\/strong>, divisional popular argentina en la que gan\u00f3 cuatro t\u00edtulos y suma 15 victorias. Como era de prever, el Tit\u00e1n lo har\u00e1 manejando un <strong>Chevrolet<\/strong>.<\/p>\n<\/div>\n<p><h2><strong>Las palabras de Canapino confirmando su vuelta al TC<\/strong><\/h2>\n<\/p>\n<div class=\"custom-text \" readability=\"35\">\n<p>&#8220;A partir de este fin de semana en Buenos Aires, vuelvo a correr en el Turismo Carretera, en el equipo Canning Motorsports&#8221;.<\/p>\n<\/div>\n<div class=\"sc-e7b891c4-0 jPbnQF\"><img alt=\"La foto que poste\u00f3 Canapino.\" src=\"http:\/\/cordobadirecto.com\/wp-content\/uploads\/2024\/08\/la-confirmacion-de-agustin-canapino-que-todo-el-mundo-esperaba-vuelve-al-tc.jpg\" width=\"720\" height=\"100\" decoding=\"async\" data-nimg=\"future\" loading=\"lazy\"><span class=\"epigraphe\">La foto que poste\u00f3 Canapino.<\/span><\/div>\n<div class=\"custom-text \" readability=\"34\">\n<p>&#8220;Voy a estar corriendo con una Chevy y a partir de la pr\u00f3xima ya vamos a estar a bordo de un Camaro, usando el #86&#8221;.<\/p>\n<\/div>\n<div class=\"custom-text \" readability=\"36\">\n<p>&#8220;Muchas gracias a quienes lo hicieron posible, Gustavo Lema, Walter P\u00e9rez y Sergio Vagnoni, todos los integrantes del Equipo y a cada uno de los sponsors que forman parte del proyecto&#8221;.<\/p>\n<\/div>\n<div class=\"custom-text \" readability=\"33\">\n<p>&#8220;Vamos a dar el m\u00e1ximo en cada fecha, como siempre lo hemos hecho&#8221;.<\/p>\n<\/div>\n<div class=\"custom-text \" readability=\"32\">\n<p>&#8220;Nos vemos en el aut\u00f3dromo! Ah&#8230; y VAMOS CHEVROLET!&#8221;.<\/p>\n<\/div>\n<div class=\"custom-text \" readability=\"42\">\n<p>Enseguida las redes se llenaron de mensajes de bienvenida de los fan\u00e1ticos, y hasta de sus colegas. &#8220;En cualquier categor\u00eda que corra, Agust\u00edn eleva el nivel, no solo en el TC. Siempre me gusta competir contra los mejores rivales, y Agust\u00edn es uno de ellos&#8221;, se\u00f1al\u00f3 <strong>Mariano Werner, \u00eddolo de Ford<\/strong>, defensor del t\u00edtulo y tricampe\u00f3n tece\u00edsta.<\/p>\n<\/div>\n<div class=\"sc-e7b891c4-0 jPbnQF\"><img alt=\"Agust\u00edn Canapino con el TC del 2023 en San Luis.\" src=\"http:\/\/cordobadirecto.com\/wp-content\/uploads\/2024\/08\/la-confirmacion-de-agustin-canapino-que-todo-el-mundo-esperaba-vuelve-al-tc-1.jpg\" width=\"720\" height=\"100\" decoding=\"async\" data-nimg=\"future\" loading=\"lazy\"><span class=\"epigraphe\">Agust\u00edn Canapino con el TC del 2023 en San Luis.<\/span><\/div>\n<div class=\"custom-text \" readability=\"37\">\n<p>\u201cBienvenido a casa! Que lindo poder seguir disfrutando juntos\u2026\u201d, escribi\u00f3 <strong>Guillermo Ortelli, el siete veces campe\u00f3n del TC con Chevrolet<\/strong>, que volver\u00e1 a la categor\u00eda para esta fecha especial en Buenos Aires y ser\u00e1 compa\u00f1ero del Tit\u00e1n.<\/p>\n<\/div>\n<div class=\"custom-text \" readability=\"39\">\n<p>Canapino, quien aparentemente estuvo sondeando otras opciones en el automovilismo internacional pero termin\u00f3 decant\u00e1ndose nuevamente con correr en el pa\u00eds, <strong>volver\u00e1 a un TC que este fin de semana del 16, 17 y 18 de agosto disputar\u00e1 la \u00faltima fecha de la fase regular en Buenos Aires<\/strong>. El a\u00f1o pasado tambi\u00e9n corri\u00f3 las \u00faltimas fechas, pero en un par\u00e9ntesis con la IndyCar.<\/p>\n<\/div>\n<div class=\"custom-text \" readability=\"42\">\n<p><strong>El torneo est\u00e1 dominado por cuatro Ford Mustang<\/strong>, uno de los autos de la nueva generaci\u00f3n, que tiene como pilotos a: Jos\u00e9 Manuel Urcera (258 puntos), Mauricio Lambiris, Mauricio (253,5, todav\u00eda no gan\u00f3), Juli\u00e1n Santero (247) y Werner (238,5).<\/p>\n<\/div>\n<p><h2>La salida de Canapino de la IndyCar<\/h2>\n<\/p>\n<div class=\"custom-text \" readability=\"44\">\n<p>Hace seis d\u00edas, el Juncos Hollinger Racing inform\u00f3 que el argentino dejaba de ser integrante del equipo. El desempe\u00f1o de Canapino, es cierto, <strong>no hab\u00eda sido el esperado<\/strong>, ya que tras competir en 11 de las 12 fechas consigui\u00f3 un 12\u00b0 puesto en el callejero de Detroit como su mejor ubicaci\u00f3n. Agust\u00edn era 23\u00b0 en las posiciones, con 109 puntos, mientras que Romain Grosjean, su compa\u00f1ero de equipo, iba 16\u00b0 con 199; lideraba Alex Palou, con 411.<\/p>\n<\/div>\n<div class=\"custom-text \" readability=\"39\">\n<p>Los problemas gestados en las redes sociales por hinchas argentinos amenazando a pilotos que, en pista, hab\u00edan protagonizado incidentes con Canapino, m\u00e1s el apoyo econ\u00f3mico que el actual Gobierno le quit\u00f3 respecto del anterior, <strong>tambi\u00e9n sumaron su granito de arena para que el arrecife\u00f1o dejara la IndyCar.<\/strong><\/p>\n<\/div>\n<div class=\"sc-a7166897-0 exHLBh\" readability=\"7\">\n<section readability=\"4\"><picture><img alt=\"Los sue\u00f1os de Colapinto: salir campe\u00f3n, llegar a la F\u00f3rmula 1 y traerla a la Argentina\" src=\"http:\/\/cordobadirecto.com\/wp-content\/uploads\/2024\/08\/la-confirmacion-de-agustin-canapino-que-todo-el-mundo-esperaba-vuelve-al-tc-2.jpg\" width=\"290\" height=\"290\" decoding=\"async\" data-nimg=\"future\" loading=\"lazy\"><\/picture>\n<p><span>Mir\u00e1 tambi\u00e9n<\/span><\/p>\n<hr>\n<h3>Los sue\u00f1os de Colapinto: salir campe\u00f3n, llegar a la F\u00f3rmula 1 y traerla a la Argentina<\/h3>\n<\/p>\n<\/section>\n<\/div>\n<div class=\"sc-a7166897-0 exHLBh\" readability=\"6\">\n<section readability=\"2\"><picture><img alt=\"Colapinto vol\u00f3 por las calles de Buenos Aires arriba de un auto hist\u00f3rico\" src=\"http:\/\/cordobadirecto.com\/wp-content\/uploads\/2024\/08\/la-confirmacion-de-agustin-canapino-que-todo-el-mundo-esperaba-vuelve-al-tc-3.jpg\" width=\"290\" height=\"290\" decoding=\"async\" data-nimg=\"future\" loading=\"lazy\"><\/picture>\n<p><span>Mir\u00e1 tambi\u00e9n<\/span><\/p>\n<hr>\n<h3>Colapinto vol\u00f3 por las calles de Buenos Aires arriba de un auto hist\u00f3rico<\/h3>\n<\/p>\n<\/section>\n<\/div>\n<div class=\"sc-a7166897-0 exHLBh\" readability=\"6\">\n<section readability=\"2\"><picture><img alt=\"Canapino se merece una medalla\" src=\"http:\/\/cordobadirecto.com\/wp-content\/uploads\/2024\/08\/la-confirmacion-de-agustin-canapino-que-todo-el-mundo-esperaba-vuelve-al-tc-4.jpg\" width=\"290\" height=\"290\" decoding=\"async\" data-nimg=\"future\" loading=\"lazy\"><\/picture>\n<p><span>Mir\u00e1 tambi\u00e9n<\/span><\/p>\n<hr>\n<h3>Canapino se merece una medalla<\/h3>\n<\/p>\n<\/section>\n<\/div>\n<\/div>\n","protected":false},"excerpt":{"rendered":"<p>13\/08\/2024 13:58hs. Actualizado al 13\/08\/2024 18:14hs. Despu\u00e9s de haberse quedado sin butaca en la IndyCar, categor\u00eda en la que corri\u00f3 una temporada y media, se esperaba saber cu\u00e1l ser\u00eda el futuro de Agust\u00edn Canapino, uno de los mejores pilotos argentinos de la actualidad. La cuenta, al cabo, dio que dos m\u00e1s dos es cuatro&#8230; Porque [&hellip;]<\/p>\n","protected":false},"author":1,"featured_media":154269,"comment_status":"closed","ping_status":"closed","sticky":false,"template":"","format":"standard","meta":[],"categories":[21],"tags":[],"_links":{"self":[{"href":"http:\/\/cordobadirecto.com\/index.php\/wp-json\/wp\/v2\/posts\/154268"}],"collection":[{"href":"http:\/\/cordobadirecto.com\/index.php\/wp-json\/wp\/v2\/posts"}],"about":[{"href":"http:\/\/cordobadirecto.com\/index.php\/wp-json\/wp\/v2\/types\/post"}],"author":[{"embeddable":true,"href":"http:\/\/cordobadirecto.com\/index.php\/wp-json\/wp\/v2\/users\/1"}],"replies":[{"embeddable":true,"href":"http:\/\/cordobadirecto.com\/index.php\/wp-json\/wp\/v2\/comments?post=154268"}],"version-history":[{"count":0,"href":"http:\/\/cordobadirecto.com\/index.php\/wp-json\/wp\/v2\/posts\/154268\/revisions"}],"wp:featuredmedia":[{"embeddable":true,"href":"http:\/\/cordobadirecto.com\/index.php\/wp-json\/wp\/v2\/media\/154269"}],"wp:attachment":[{"href":"http:\/\/cordobadirecto.com\/index.php\/wp-json\/wp\/v2\/media?parent=154268"}],"wp:term":[{"taxonomy":"category","embeddable":true,"href":"http:\/\/cordobadirecto.com\/index.php\/wp-json\/wp\/v2\/categories?post=154268"},{"taxonomy":"post_tag","embeddable":true,"href":"http:\/\/cordobadirecto.com\/index.php\/wp-json\/wp\/v2\/tags?post=154268"}],"curies":[{"name":"wp","href":"https:\/\/api.w.org\/{rel}","templated":true}]}}