{"id":15432,"date":"2021-08-25T19:36:38","date_gmt":"2021-08-25T19:36:38","guid":{"rendered":"https:\/\/puntoapunto.com.ar\/?p=315340"},"modified":"2021-08-25T19:36:38","modified_gmt":"2021-08-25T19:36:38","slug":"de-loredo-lleva-al-congreso-un-proyecto-de-conectividad-para-asegurar-el-acceso-a-internet","status":"publish","type":"post","link":"http:\/\/cordobadirecto.com\/index.php\/2021\/08\/25\/de-loredo-lleva-al-congreso-un-proyecto-de-conectividad-para-asegurar-el-acceso-a-internet\/","title":{"rendered":"De Loredo lleva al Congreso un proyecto de conectividad para asegurar el acceso a Internet"},"content":{"rendered":"<p><strong>Rodrigo de Loredo,<\/strong> precandidato de Juntos por el Cambio (Cambiando Juntos), present\u00f3 el martes una serie de medidas que llevar\u00e1 al Congreso para asegurar el acceso a internet.<\/p>\n<p>El dirigente pol\u00edtico pas\u00f3 por el &nbsp;programa <strong>Aunque Parezca Tarde<\/strong>, que se emite por<strong>&nbsp;Punto a Punto<\/strong>&nbsp;<strong>Radio 90.7&nbsp;<\/strong>y que conduce<strong> Gabriel Silva,<\/strong> y dijo:&nbsp;\u201cPresentamos una serie de medidas que vamos a llevar al Congreso que tiene que ver con la infraestructura tecnol\u00f3gica que necesita el pa\u00eds. Tenemos que involucrarnos en la econom\u00eda de los bytes\u201d.<\/p>\n<p>\u201cSi algo nos tiene que dejar de ense\u00f1anza la pandemia es la importancia del acceso a la conectividad.<strong> El acceso a internet hoy es elemental y b\u00e1sico tanto para el trabajo, la educaci\u00f3n, informaci\u00f3n<\/strong>, etc\u201d, asegur\u00f3.<\/p>\n<p>El proyecto que propone <a href=\"https:\/\/puntoapunto.com.ar\/las-propuestas-de-los-candidatos-para-la-macro-rodrigo-de-loredo\/\" target=\"_blank\" rel=\"noopener\">De Loredo<\/a> y que present\u00f3 junto a los precandidatos Hector Baldasi, Laura Rodr\u00edguez Machado y Gabriela Brouwer de Koning, plantea la derogaci\u00f3n del DNU que present\u00f3 el presidente Alberto Fern\u00e1ndez, el cual contempla que el internet sea un servicio p\u00fablico.<\/p>\n<h5><strong>\u00bfQu\u00e9 medidas contempla el proyecto de Conectividad?<\/strong><\/h5>\n<p><!--[if lt IE 9]><script>document.createElement('audio');<\/script><![endif]--><br \/>\n<audio class=\"wp-audio-shortcode\" id=\"audio-315340-1\" preload=\"none\" controls=\"controls\"><source type=\"audio\/mpeg\" src=\"https:\/\/s3.us-west-2.amazonaws.com\/puntoapunto.com.ar\/wp-content\/uploads\/2021\/08\/25151513\/20210824-183557-AqPrT-De-Loredo-Previa-PASO-y-Proyecto-Conectividad.mp3?_=1\"><a href=\"https:\/\/s3.us-west-2.amazonaws.com\/puntoapunto.com.ar\/wp-content\/uploads\/2021\/08\/25151513\/20210824-183557-AqPrT-De-Loredo-Previa-PASO-y-Proyecto-Conectividad.mp3\">https:\/\/s3.us-west-2.amazonaws.com\/puntoapunto.com.ar\/wp-content\/uploads\/2021\/08\/25151513\/20210824-183557-AqPrT-De-Loredo-Previa-PASO-y-Proyecto-Conectividad.mp3<\/a><\/audio> <\/p>\n<div class=\"saboxplugin-wrap\" itemtype=\"http:\/\/schema.org\/Person\" itemscope itemprop=\"author\">\n<div class=\"saboxplugin-tab\">\n<div class=\"saboxplugin-gravatar\"><img alt src=\"http:\/\/cordobadirecto.com\/wp-content\/uploads\/2021\/08\/de-loredo-lleva-al-congreso-un-proyecto-de-conectividad-para-asegurar-el-acceso-a-internet.jpg\" srcset=\"http:\/\/cordobadirecto.com\/wp-content\/uploads\/2021\/08\/de-loredo-lleva-al-congreso-un-proyecto-de-conectividad-para-asegurar-el-acceso-a-internet-1.jpg 2x\" class=\"avatar avatar-100 photo\" height=\"100\" width=\"100\" itemprop=\"image\" loading=\"lazy\"><\/div>\n<div class=\"saboxplugin-desc\" readability=\"6.5\">\n<div itemprop=\"description\" readability=\"8\">\n<p>Este articulo fue escrito por la redacci\u00f3n de Punto a Punto. Seguinos en todas nuestras redes sociales<\/p>\n<\/div>\n<\/div>\n<\/div>\n<\/div>\n","protected":false},"excerpt":{"rendered":"<p>Rodrigo de Loredo, precandidato de Juntos por el Cambio (Cambiando Juntos), present\u00f3 el martes una serie de medidas que llevar\u00e1 al Congreso para asegurar el acceso a internet. El dirigente pol\u00edtico pas\u00f3 por el &nbsp;programa Aunque Parezca Tarde, que se emite por&nbsp;Punto a Punto&nbsp;Radio 90.7&nbsp;y que conduce Gabriel Silva, y dijo:&nbsp;\u201cPresentamos una serie de medidas [&hellip;]<\/p>\n","protected":false},"author":1,"featured_media":15433,"comment_status":"closed","ping_status":"closed","sticky":false,"template":"","format":"standard","meta":[],"categories":[25],"tags":[],"_links":{"self":[{"href":"http:\/\/cordobadirecto.com\/index.php\/wp-json\/wp\/v2\/posts\/15432"}],"collection":[{"href":"http:\/\/cordobadirecto.com\/index.php\/wp-json\/wp\/v2\/posts"}],"about":[{"href":"http:\/\/cordobadirecto.com\/index.php\/wp-json\/wp\/v2\/types\/post"}],"author":[{"embeddable":true,"href":"http:\/\/cordobadirecto.com\/index.php\/wp-json\/wp\/v2\/users\/1"}],"replies":[{"embeddable":true,"href":"http:\/\/cordobadirecto.com\/index.php\/wp-json\/wp\/v2\/comments?post=15432"}],"version-history":[{"count":0,"href":"http:\/\/cordobadirecto.com\/index.php\/wp-json\/wp\/v2\/posts\/15432\/revisions"}],"wp:featuredmedia":[{"embeddable":true,"href":"http:\/\/cordobadirecto.com\/index.php\/wp-json\/wp\/v2\/media\/15433"}],"wp:attachment":[{"href":"http:\/\/cordobadirecto.com\/index.php\/wp-json\/wp\/v2\/media?parent=15432"}],"wp:term":[{"taxonomy":"category","embeddable":true,"href":"http:\/\/cordobadirecto.com\/index.php\/wp-json\/wp\/v2\/categories?post=15432"},{"taxonomy":"post_tag","embeddable":true,"href":"http:\/\/cordobadirecto.com\/index.php\/wp-json\/wp\/v2\/tags?post=15432"}],"curies":[{"name":"wp","href":"https:\/\/api.w.org\/{rel}","templated":true}]}}