{"id":154358,"date":"2024-08-15T19:17:38","date_gmt":"2024-08-15T19:17:38","guid":{"rendered":"https:\/\/www.ole.com.ar\/autos\/turismo-carretera-buenos-aires-vuelta-canapino-atractivos-ortelli-martinez_0_Y7YbUSPSMh.html"},"modified":"2024-08-15T19:17:38","modified_gmt":"2024-08-15T19:17:38","slug":"las-cinco-razones-por-las-que-la-carrera-del-tc-en-buenos-aires-sera-especial","status":"publish","type":"post","link":"http:\/\/cordobadirecto.com\/index.php\/2024\/08\/15\/las-cinco-razones-por-las-que-la-carrera-del-tc-en-buenos-aires-sera-especial\/","title":{"rendered":"Las cinco razones por las que la carrera del TC en Buenos Aires ser\u00e1 especial"},"content":{"rendered":"<p><time class=\"createDate\" datetime=\"2024-08-15T16:17:38-03:00\">15\/08\/2024 16:17hs.<\/time><\/p>\n<div id=\"storyBody\">\n<div class=\"custom-text \" readability=\"39\">\n<p>Enclavado en la Avenida Coronel Roca al 6900, el <strong>aut\u00f3dromo Oscar y Juan G\u00e1lvez<\/strong> es el sitio emblem\u00e1tico del automovilismo argentino. Pese a que hay circuitos que fueron ganando preponderancia en los \u00faltimos a\u00f1os, la m\u00edstica permanece en el asfalto porte\u00f1o. Y si bien hubo cambios en los trazados, los fines de semanas de carrera en el Coliseo porte\u00f1o tienen un sabor especial. Con gente que se movilizar\u00e1 desde diferentes puntos del pa\u00eds, la d\u00e9cima fecha del campeonato del <strong>Turismo Carretera<\/strong> despierta una ilusi\u00f3n sin igual en el ambiente. Y en <strong>Ol\u00e9 <\/strong>te traemos cinco razones por los que la actividad que suceder\u00e1 el s\u00e1bado y el domingo ser\u00e1 especial.<\/p>\n<\/div>\n<p><h2><strong>La vuelta de Canapino<\/strong><\/h2>\n<\/p>\n<div class=\"custom-text \" readability=\"35.915254237288\">\n<p>Despu\u00e9s de una temporada y media en la <strong>IndyCar<\/strong>, donde se code\u00f3 con los mejores,<strong> Agust\u00edn Canapino<\/strong> cerr\u00f3 su etapa en los Estados Unidos y regres\u00f3 a la Argentina para competir en las \u00faltimas seis fechas del principal campeonato. &#8220;Hay que dar vuelta la p\u00e1gina&#8221;, confes\u00f3 a Carburando. Y es por eso que no quiso permanecer mucho tiempo haciendo el duelo, dado que arrib\u00f3 hace unos d\u00edas al Aeropuerto de Ezeiza y directamente enfil\u00f3 <strong><a href=\"https:\/\/www.ole.com.ar\/autos\/agustin-canapino-regreso-tc-buenos-aires-chevrolet_0_hJ4h3pKmUj.html\" target=\"_blank\" title=\"hacia los talleres del Canning Motor Sport\" alt=\"hacia los talleres del Canning Motor Sport\" rel=\"noopener\">hacia los talleres del Canning Motor Sport<\/a><\/strong> para conocer la Chevy que utilizar\u00e1 en el G\u00e1lvez.<\/p>\n<\/div>\n<div class=\"sc-e7b891c4-0 jPbnQF\"><img alt=\"La Chevy que conducir\u00e1 Canapino. (Prensa: Canning Motor Sport)\" src=\"http:\/\/cordobadirecto.com\/wp-content\/uploads\/2024\/08\/las-cinco-razones-por-las-que-la-carrera-del-tc-en-buenos-aires-sera-especial.jpg\" width=\"720\" height=\"100\" decoding=\"async\" data-nimg=\"future\" loading=\"lazy\"><span class=\"epigraphe\">La Chevy que conducir\u00e1 Canapino. (Prensa: Canning Motor Sport)<\/span><\/div>\n<div class=\"custom-text \" readability=\"37\">\n<p>Con los colores negro y rojo, el nacido en Arrecifes hace 34 a\u00f1os retornar\u00e1 a la categor\u00eda que lo vio ganar 15 carreras y cuatro t\u00edtulos (<strong>NdeR<\/strong>: el \u00faltimo obtenido por Chevrolet se lo llev\u00f3 el exvolante del Juncos Holliger Racing), hecho que lo ubica en la s\u00e9ptima colocaci\u00f3n de la tabla de los m\u00e1ximos campeones del certamen nacional.<\/p>\n<\/div>\n<p><h2><strong>Habr\u00e1 otros dos regresos: Ortelli y el Gur\u00ed Mart\u00ednez<\/strong><\/h2>\n<\/p>\n<div class=\"custom-text \" readability=\"41\">\n<p>La CDA aval\u00f3 los regresos en calidad de invitados de <strong>Guillermo Ortelli,<\/strong> ganador de siete t\u00edtulos en el TC, y del <strong>Gur\u00ed Mart\u00ednez<\/strong>, campe\u00f3n en 2004 y 2015, para la d\u00e9cima jornada del certamen. Si bien podr\u00e1n sumar una victoria a bordo de los autos de nueva generaci\u00f3n (un Camaro y un Mustang, respectivamente), no se llevar\u00e1n puntos para no perjudicar a los que est\u00e1n luchando por ingresar a la Copa de Oro. El objetivo de la categor\u00eda es mostrar que estas dos leyendas puedan correr con las nuevas carrocer\u00edas.<\/p>\n<\/div>\n<div class=\"sc-e7b891c4-0 jPbnQF\"><img alt=\"Ortelli y el Gur\u00ed Mart\u00ednez volver\u00e1n al TC. (Prensa ACTC)\" src=\"http:\/\/cordobadirecto.com\/wp-content\/uploads\/2024\/08\/las-cinco-razones-por-las-que-la-carrera-del-tc-en-buenos-aires-sera-especial-1.jpg\" width=\"720\" height=\"100\" decoding=\"async\" data-nimg=\"future\" loading=\"lazy\"><span class=\"epigraphe\">Ortelli y el Gur\u00ed Mart\u00ednez volver\u00e1n al TC. (Prensa ACTC)<\/span><\/div>\n<div class=\"custom-text \" readability=\"38\">\n<p>&#8220;<strong>Los dos ya estamos retirados<\/strong>, pero lo habl\u00e9 con Guille y a m\u00ed me gustar\u00eda dar una vuelta en un auto de nueva generaci\u00f3n, que es algo que no pensamos que se pod\u00eda dar&#8221;, se\u00f1al\u00f3 el entrerriano que se despidi\u00f3 de las pistas en 2019, en una charla con SoloTC.<\/p>\n<\/div>\n<p><h2><strong>Cierre de la etapa regular con los 12 clasificados a la Copa de Oro<\/strong><\/h2>\n<\/p>\n<div class=\"custom-text \" readability=\"40\">\n<p>Luego de la final del domingo, se conocer\u00e1n los 12 volantes que luchar\u00e1n por el t\u00edtulo en la <strong>Copa de Oro<\/strong>. <strong>Con cinco ya clasificados (Jos\u00e9 Manuel Urcera, Mauricio Lambiris, Juli\u00e1n Santero, Mariano Werner y Diego Ciantini)<\/strong>, hay varios que luchar\u00e1n por terminar la fase regular dentro de los 12 mejores de la tabla. Esta situaci\u00f3n llevar\u00e1 a muchos a tener un fin de semana perfecto (desde la clasificaci\u00f3n pasando por la serie y terminando en la carrera) para escalar al lote indicado.<\/p>\n<\/div>\n<div class=\"sc-e7b891c4-0 jPbnQF\"><img alt=\"Mariano Werner, el \u00faltimo campe\u00f3n del torneo. \" src=\"http:\/\/cordobadirecto.com\/wp-content\/uploads\/2024\/08\/las-cinco-razones-por-las-que-la-carrera-del-tc-en-buenos-aires-sera-especial-2.jpg\" width=\"720\" height=\"100\" decoding=\"async\" data-nimg=\"future\" loading=\"lazy\"><span class=\"epigraphe\">Mariano Werner, el \u00faltimo campe\u00f3n del torneo. <\/span><\/div>\n<div class=\"custom-text \" readability=\"47\">\n<p>Hasta el momento, Marcos Quijada (219,5) y Esteban Gini (217) parecen tener un pie y medio adentro, aunque una muy mala actuaci\u00f3n y otros resultados positivos de los perseguidores podr\u00edan comprometer su lugar. Luego, ya m\u00e1s pegados en las posiciones, vienen: Santiago Mangoni (195,5), Germ\u00e1n Todino (195), Juan De Benedictis (194,5), Valent\u00edn Aguirre (192) y Marcos Landa (186,5), quien es el \u00faltimo en el top 12.<\/p>\n<\/div>\n<div class=\"custom-text \" readability=\"44\">\n<p>Eso s\u00ed, Ricardo Risatti (184), Nicol\u00e1s Trosset (178,5), Juan Jos\u00e9 Ebarl\u00edn (174), Jonatan Castellano (173), Lautaro de la Iglesia (166,5), Santiago \u00c1lvarez (164), Elio Craparo (160) y Tob\u00edas Mart\u00ednez (159,5) sue\u00f1an con meterse aunque corren de atr\u00e1s.<\/p>\n<\/div>\n<p><h2><strong>Habr\u00e1 34 autos de nueva generaci\u00f3n<\/strong><\/h2>\n<\/p>\n<div class=\"custom-text \" readability=\"38\">\n<p>De los 50 autos que saldr\u00e1n a la pista porte\u00f1a,<strong> 34 tendr\u00e1n la carrocer\u00eda de nueva generaci\u00f3n<\/strong>. Los que debutar\u00e1n con los modelos nuevos ser\u00e1n Sergio Alaux, Ortelli, Mangoni y Diego De Carlo con el Chevrolet Camaro; Marcelo Agrelo y Gini con el Toyota Camry; el Guri Mart\u00ednez con el Mustang y Nicol\u00e1s Cotignola con el Torino.<\/p>\n<\/div>\n<div class=\"sc-e7b891c4-0 jPbnQF\"><img alt=\"Ardusso, con el nuevo Camaro. (Prensa ACTC)\" src=\"http:\/\/cordobadirecto.com\/wp-content\/uploads\/2024\/08\/las-cinco-razones-por-las-que-la-carrera-del-tc-en-buenos-aires-sera-especial-3.jpg\" width=\"720\" height=\"100\" decoding=\"async\" data-nimg=\"future\" loading=\"lazy\"><span class=\"epigraphe\">Ardusso, con el nuevo Camaro. (Prensa ACTC)<\/span><\/div>\n<p><h2><strong>El G\u00e1lvez, el circuito con m\u00e1s historia y en el que todos quieren ganar<\/strong><\/h2>\n<\/p>\n<div class=\"custom-text \" readability=\"39\">\n<p>La M\u00e1xima corri\u00f3 en Buenos Aires en 174 oportunidades (80 \u00e9xitos de Ford, 54 de Chevrolet, 24 de Dodge y 13 de Torino) y le saca una ventaja muy amplia a Balcarce (48), que ocupa el segundo escal\u00f3n del podio. M\u00e1s all\u00e1 de que el campamento tece\u00edsta se ausent\u00f3 en varias oportunidades de la capital argentina, no deja de ser un cl\u00e1sico en el que todos quieren ganar.<\/p>\n<\/div>\n<div class=\"sc-a7166897-0 exHLBh\" readability=\"6\">\n<section readability=\"2\"><picture><img alt=\"Canapino se prepara para su vuelta al TC: auto listo y una meta bien definida\" src=\"http:\/\/cordobadirecto.com\/wp-content\/uploads\/2024\/08\/las-cinco-razones-por-las-que-la-carrera-del-tc-en-buenos-aires-sera-especial-4.jpg\" width=\"290\" height=\"290\" decoding=\"async\" data-nimg=\"future\" loading=\"lazy\"><\/picture>\n<p><span>Mir\u00e1 tambi\u00e9n<\/span><\/p>\n<hr>\n<h3>Canapino se prepara para su vuelta al TC: auto listo y una meta bien definida<\/h3>\n<\/p>\n<\/section>\n<\/div>\n<div class=\"sc-a7166897-0 exHLBh\" readability=\"6\">\n<section readability=\"2\"><picture><img alt=\"TC en Buenos Aires: hora y d\u00f3nde ver por TV el Turismo Carretera en el G\u00e1lvez\" src=\"http:\/\/cordobadirecto.com\/wp-content\/uploads\/2024\/08\/las-cinco-razones-por-las-que-la-carrera-del-tc-en-buenos-aires-sera-especial-5.jpg\" width=\"290\" height=\"290\" decoding=\"async\" data-nimg=\"future\" loading=\"lazy\"><\/picture>\n<p><span>Mir\u00e1 tambi\u00e9n<\/span><\/p>\n<hr>\n<h3>TC en Buenos Aires: hora y d\u00f3nde ver por TV el Turismo Carretera en el G\u00e1lvez<\/h3>\n<\/p>\n<\/section>\n<\/div>\n<\/div>\n","protected":false},"excerpt":{"rendered":"<p>15\/08\/2024 16:17hs. Enclavado en la Avenida Coronel Roca al 6900, el aut\u00f3dromo Oscar y Juan G\u00e1lvez es el sitio emblem\u00e1tico del automovilismo argentino. Pese a que hay circuitos que fueron ganando preponderancia en los \u00faltimos a\u00f1os, la m\u00edstica permanece en el asfalto porte\u00f1o. Y si bien hubo cambios en los trazados, los fines de semanas [&hellip;]<\/p>\n","protected":false},"author":1,"featured_media":154359,"comment_status":"closed","ping_status":"closed","sticky":false,"template":"","format":"standard","meta":[],"categories":[21],"tags":[],"_links":{"self":[{"href":"http:\/\/cordobadirecto.com\/index.php\/wp-json\/wp\/v2\/posts\/154358"}],"collection":[{"href":"http:\/\/cordobadirecto.com\/index.php\/wp-json\/wp\/v2\/posts"}],"about":[{"href":"http:\/\/cordobadirecto.com\/index.php\/wp-json\/wp\/v2\/types\/post"}],"author":[{"embeddable":true,"href":"http:\/\/cordobadirecto.com\/index.php\/wp-json\/wp\/v2\/users\/1"}],"replies":[{"embeddable":true,"href":"http:\/\/cordobadirecto.com\/index.php\/wp-json\/wp\/v2\/comments?post=154358"}],"version-history":[{"count":0,"href":"http:\/\/cordobadirecto.com\/index.php\/wp-json\/wp\/v2\/posts\/154358\/revisions"}],"wp:featuredmedia":[{"embeddable":true,"href":"http:\/\/cordobadirecto.com\/index.php\/wp-json\/wp\/v2\/media\/154359"}],"wp:attachment":[{"href":"http:\/\/cordobadirecto.com\/index.php\/wp-json\/wp\/v2\/media?parent=154358"}],"wp:term":[{"taxonomy":"category","embeddable":true,"href":"http:\/\/cordobadirecto.com\/index.php\/wp-json\/wp\/v2\/categories?post=154358"},{"taxonomy":"post_tag","embeddable":true,"href":"http:\/\/cordobadirecto.com\/index.php\/wp-json\/wp\/v2\/tags?post=154358"}],"curies":[{"name":"wp","href":"https:\/\/api.w.org\/{rel}","templated":true}]}}