{"id":154360,"date":"2024-08-15T16:44:32","date_gmt":"2024-08-15T16:44:32","guid":{"rendered":"https:\/\/www.ole.com.ar\/autos\/agustin-canapino-regreso-tc-buenos-aires-chevrolet_0_hJ4h3pKmUj.html"},"modified":"2024-08-15T16:44:32","modified_gmt":"2024-08-15T16:44:32","slug":"canapino-se-prepara-para-su-vuelta-al-tc-auto-listo-y-una-meta-bien-definida","status":"publish","type":"post","link":"http:\/\/cordobadirecto.com\/index.php\/2024\/08\/15\/canapino-se-prepara-para-su-vuelta-al-tc-auto-listo-y-una-meta-bien-definida\/","title":{"rendered":"Canapino se prepara para su vuelta al TC: auto listo y una meta bien definida"},"content":{"rendered":"<p><time class=\"createDate\" datetime=\"2024-08-15T13:44:32-03:00\">15\/08\/2024 13:44hs.<\/time><\/p>\n<div id=\"storyBody\">\n<div class=\"custom-text \" readability=\"35.952380952381\">\n<p>La vuelta de <strong>Agust\u00edn Canapino<\/strong> al automovilismo argentino est\u00e1 despertando sensaciones encontradas. Por un lado, est\u00e1 la desaz\u00f3n por no seguir vi\u00e9ndolo <strong><a href=\"https:\/\/www.ole.com.ar\/autos\/agustin-canapino-correra-indycar-2024_0_zL885iVyY4.html\" target=\"_blank\" title=\"en la Indycar\" alt=\"en la Indycar\" rel=\"noopener\">en la Indycar<\/a><\/strong>. Y, por el otro, la alegr\u00eda por volver a tener en el pa\u00eds a uno de los pilotos m\u00e1s convocantes y destacados del pa\u00eds. Este \u00faltimo camino es el que est\u00e1 tomando el Tit\u00e1n, que ya dej\u00f3 atr\u00e1s su aventura por los Estados Unidos y se puso el chip de competidor nato, porque quiere mostrar su <strong><a href=\"https:\/\/www.ole.com.ar\/autos\/agustin-canapino-confirmacion-turismo-carretera_0_3SrooVctCD.html\" target=\"_blank\" title=\"mejor versi\u00f3n en el Turismo Carretera\" alt=\"mejor versi\u00f3n en el Turismo Carretera\" rel=\"noopener\">mejor versi\u00f3n en el Turismo Carretera<\/a><\/strong>. <\/p>\n<\/div>\n<p><h2><strong>La IndyCar, una etapa -por ahora- cerrada<\/strong><\/h2>\n<\/p>\n<div class=\"custom-text \" readability=\"35.423728813559\">\n<p>&#8220;Todo esto de la IndyCar no lo esperaba, ya saben c\u00f3mo soy. <strong>Hay que levantarse y seguir adelante, dar vuelta la p\u00e1gina<\/strong>&#8220;, dijo en charla con Carburando. En ese sentido, este mi\u00e9rcoles se acerc\u00f3 hasta el sur del Conurbano para visitar los talleres del Canning Motor Sport, donde Gustavo Lema y equipo le mostraron la Chevy que utilizar\u00e1 <strong><a href=\"https:\/\/www.ole.com.ar\/tema\/En.html ese sentido, este mi\u00e9rcoles se acerc\u00f3 hasta el sur del Conurbano para visitar los talleres del Canning Motor Sport, donde Gustavo Lema y equipo le mostraron la Chevy que utilizar\u00e1 el fin de semana en el Aut\u00f3dromo Oscar y Juan G\u00e1lvez.\" title=\"el fin de semana en el Aut\u00f3dromo Oscar y Juan G\u00e1lvez\" alt=\"el fin de semana en el Aut\u00f3dromo Oscar y Juan G\u00e1lvez\">el fin de semana en el Aut\u00f3dromo Oscar y Juan G\u00e1lvez<\/a><\/strong>. Y este mismo jueves ya se dio el gusto de probarlo en el Mouras de La Plata. <\/p>\n<\/div>\n<div class=\"sc-e7b891c4-0 jPbnQF\"><img alt=\"La Chevy que conducir\u00e1 Canapino. (Prensa: Canning Motor Sport)\" src=\"http:\/\/cordobadirecto.com\/wp-content\/uploads\/2024\/08\/canapino-se-prepara-para-su-vuelta-al-tc-auto-listo-y-una-meta-bien-definida.jpg\" width=\"720\" height=\"100\" decoding=\"async\" data-nimg=\"future\" loading=\"lazy\"><span class=\"epigraphe\">La Chevy que conducir\u00e1 Canapino. (Prensa: Canning Motor Sport)<\/span><\/div>\n<div class=\"custom-text \" readability=\"41\">\n<p>Con los colores negro y rojo, el nacido en Arrecifes hace 34 a\u00f1os retornar\u00e1 a la categor\u00eda que lo vio ganar 15 carreras y cuatro t\u00edtulos (<strong>NdeR<\/strong>: el \u00faltimo obtenido por Chevrolet se lo llev\u00f3 el exvolante del Juncos Holliger Racing), hecho que lo ubica en la s\u00e9ptima colocaci\u00f3n de la tabla de los m\u00e1ximos campeones del certamen nacional. Eso s\u00ed, la Chevy le durar\u00e1 poco: a partir de la und\u00e9cima jornada, en San Luis, <strong>se subir\u00e1 al Camaro de nueva generaci\u00f3n que este s\u00e1bado<\/strong> y domingo utilizar\u00e1 Guillermo Ortelli. Es por eso que el Tit\u00e1n sue\u00f1a con ser el \u00faltimo piloto del Mo\u00f1o en ganar a bordo de un veh\u00edculo de la vieja generaci\u00f3n. &#8220;Soy el \u00faltimo campe\u00f3n y obvio que me gustar\u00eda ser el \u00faltimo ganador con Chevrolet&#8221;, asegur\u00f3.<\/p>\n<\/div>\n<div class=\"custom-text \" readability=\"40\">\n<p>Naturalmente, Canapa ya no cuenta con posibilidades de aspirar al trofeo, aunque s\u00ed tratar\u00e1 de luchar por las victorias. Es que la carrera en Baires ser\u00e1 trascendental, puesto que marcar\u00e1 el cierre de la etapa regular y determinar\u00e1 qu\u00e9 12 pilotos participar\u00e1n en la Copa de Oro, m\u00e1s all\u00e1 de que luego el campeonato ofrecer\u00e1 lugar a \u201clos tres de \u00faltimo minuto\u201d, con lo cual se incentiva al resto del parque tece\u00edsta a seguir acelerando.<\/p>\n<\/div>\n<div class=\"custom-text \" readability=\"33\">\n<p>Con la actividad programada para iniciarse el s\u00e1bado, el TC ya palpita el regreso de un campe\u00f3n.<\/p>\n<\/div>\n<div class=\"sc-a7166897-0 exHLBh\" readability=\"6\">\n<section readability=\"2\"><picture><img alt=\"TC en Buenos Aires: hora y d\u00f3nde ver por TV el Turismo Carretera en el G\u00e1lvez\" src=\"http:\/\/cordobadirecto.com\/wp-content\/uploads\/2024\/08\/canapino-se-prepara-para-su-vuelta-al-tc-auto-listo-y-una-meta-bien-definida-1.jpg\" width=\"290\" height=\"290\" decoding=\"async\" data-nimg=\"future\" loading=\"lazy\"><\/picture>\n<p><span>Mir\u00e1 tambi\u00e9n<\/span><\/p>\n<hr>\n<h3>TC en Buenos Aires: hora y d\u00f3nde ver por TV el Turismo Carretera en el G\u00e1lvez<\/h3>\n<\/p>\n<\/section>\n<\/div>\n<div class=\"sc-a7166897-0 exHLBh\" readability=\"6\">\n<section readability=\"2\"><picture><img alt=\"TC en Buenos Aires con previa gratis en el Casino\" src=\"http:\/\/cordobadirecto.com\/wp-content\/uploads\/2024\/08\/canapino-se-prepara-para-su-vuelta-al-tc-auto-listo-y-una-meta-bien-definida-2.jpg\" width=\"290\" height=\"290\" decoding=\"async\" data-nimg=\"future\" loading=\"lazy\"><\/picture>\n<p><span>Mir\u00e1 tambi\u00e9n<\/span><\/p>\n<hr>\n<h3>TC en Buenos Aires con previa gratis en el Casino<\/h3>\n<\/p>\n<\/section>\n<\/div>\n<div class=\"sc-a7166897-0 exHLBh\" readability=\"6\">\n<section readability=\"2\"><picture><img alt=\"Canapino se merece una medalla\" src=\"http:\/\/cordobadirecto.com\/wp-content\/uploads\/2024\/08\/canapino-se-prepara-para-su-vuelta-al-tc-auto-listo-y-una-meta-bien-definida-3.jpg\" width=\"290\" height=\"290\" decoding=\"async\" data-nimg=\"future\" loading=\"lazy\"><\/picture>\n<p><span>Mir\u00e1 tambi\u00e9n<\/span><\/p>\n<hr>\n<h3>Canapino se merece una medalla<\/h3>\n<\/p>\n<\/section>\n<\/div>\n<\/div>\n","protected":false},"excerpt":{"rendered":"<p>15\/08\/2024 13:44hs. La vuelta de Agust\u00edn Canapino al automovilismo argentino est\u00e1 despertando sensaciones encontradas. Por un lado, est\u00e1 la desaz\u00f3n por no seguir vi\u00e9ndolo en la Indycar. Y, por el otro, la alegr\u00eda por volver a tener en el pa\u00eds a uno de los pilotos m\u00e1s convocantes y destacados del pa\u00eds. Este \u00faltimo camino es [&hellip;]<\/p>\n","protected":false},"author":1,"featured_media":154361,"comment_status":"closed","ping_status":"closed","sticky":false,"template":"","format":"standard","meta":[],"categories":[21],"tags":[],"_links":{"self":[{"href":"http:\/\/cordobadirecto.com\/index.php\/wp-json\/wp\/v2\/posts\/154360"}],"collection":[{"href":"http:\/\/cordobadirecto.com\/index.php\/wp-json\/wp\/v2\/posts"}],"about":[{"href":"http:\/\/cordobadirecto.com\/index.php\/wp-json\/wp\/v2\/types\/post"}],"author":[{"embeddable":true,"href":"http:\/\/cordobadirecto.com\/index.php\/wp-json\/wp\/v2\/users\/1"}],"replies":[{"embeddable":true,"href":"http:\/\/cordobadirecto.com\/index.php\/wp-json\/wp\/v2\/comments?post=154360"}],"version-history":[{"count":0,"href":"http:\/\/cordobadirecto.com\/index.php\/wp-json\/wp\/v2\/posts\/154360\/revisions"}],"wp:featuredmedia":[{"embeddable":true,"href":"http:\/\/cordobadirecto.com\/index.php\/wp-json\/wp\/v2\/media\/154361"}],"wp:attachment":[{"href":"http:\/\/cordobadirecto.com\/index.php\/wp-json\/wp\/v2\/media?parent=154360"}],"wp:term":[{"taxonomy":"category","embeddable":true,"href":"http:\/\/cordobadirecto.com\/index.php\/wp-json\/wp\/v2\/categories?post=154360"},{"taxonomy":"post_tag","embeddable":true,"href":"http:\/\/cordobadirecto.com\/index.php\/wp-json\/wp\/v2\/tags?post=154360"}],"curies":[{"name":"wp","href":"https:\/\/api.w.org\/{rel}","templated":true}]}}