{"id":154379,"date":"2024-08-17T02:31:15","date_gmt":"2024-08-17T02:31:15","guid":{"rendered":"http:\/\/cordobadirecto.com\/index.php\/2024\/08\/17\/rio-cuarto-provincia-y-municipio-impulsan-acciones-sobre-la-agenda-ambiental\/"},"modified":"2024-08-17T02:31:15","modified_gmt":"2024-08-17T02:31:15","slug":"rio-cuarto-provincia-y-municipio-impulsan-acciones-sobre-la-agenda-ambiental","status":"publish","type":"post","link":"http:\/\/cordobadirecto.com\/index.php\/2024\/08\/17\/rio-cuarto-provincia-y-municipio-impulsan-acciones-sobre-la-agenda-ambiental\/","title":{"rendered":"R\u00edo Cuarto: Provincia y municipio impulsan acciones sobre la agenda ambiental"},"content":{"rendered":"<p>&#8230; <b>Econom\u00eda<\/b> Circular de <b>C\u00f3rdoba<\/b>, Victoria Flores. Durante el encuentro, el &#8230; Habr\u00e1 una <b>nueva<\/b> jornada de Ecocanje en la Plaza del CAS. Esta&nbsp;&#8230; <\/p>\n","protected":false},"excerpt":{"rendered":"<p>&#8230; Econom\u00eda Circular de C\u00f3rdoba, Victoria Flores. Durante el encuentro, el &#8230; Habr\u00e1 una nueva jornada de Ecocanje en la Plaza del CAS. Esta&nbsp;&#8230;<\/p>\n","protected":false},"author":1,"featured_media":0,"comment_status":"closed","ping_status":"closed","sticky":false,"template":"","format":"standard","meta":[],"categories":[40],"tags":[],"_links":{"self":[{"href":"http:\/\/cordobadirecto.com\/index.php\/wp-json\/wp\/v2\/posts\/154379"}],"collection":[{"href":"http:\/\/cordobadirecto.com\/index.php\/wp-json\/wp\/v2\/posts"}],"about":[{"href":"http:\/\/cordobadirecto.com\/index.php\/wp-json\/wp\/v2\/types\/post"}],"author":[{"embeddable":true,"href":"http:\/\/cordobadirecto.com\/index.php\/wp-json\/wp\/v2\/users\/1"}],"replies":[{"embeddable":true,"href":"http:\/\/cordobadirecto.com\/index.php\/wp-json\/wp\/v2\/comments?post=154379"}],"version-history":[{"count":0,"href":"http:\/\/cordobadirecto.com\/index.php\/wp-json\/wp\/v2\/posts\/154379\/revisions"}],"wp:attachment":[{"href":"http:\/\/cordobadirecto.com\/index.php\/wp-json\/wp\/v2\/media?parent=154379"}],"wp:term":[{"taxonomy":"category","embeddable":true,"href":"http:\/\/cordobadirecto.com\/index.php\/wp-json\/wp\/v2\/categories?post=154379"},{"taxonomy":"post_tag","embeddable":true,"href":"http:\/\/cordobadirecto.com\/index.php\/wp-json\/wp\/v2\/tags?post=154379"}],"curies":[{"name":"wp","href":"https:\/\/api.w.org\/{rel}","templated":true}]}}