{"id":154382,"date":"2024-08-16T22:31:53","date_gmt":"2024-08-16T22:31:53","guid":{"rendered":"https:\/\/cordoba.gob.ar\/?p=60456"},"modified":"2024-08-16T22:31:53","modified_gmt":"2024-08-16T22:31:53","slug":"este-fin-de-semana-el-parque-de-la-biodiversidad-invita-a-celebrar-el-dia-de-las-infancias","status":"publish","type":"post","link":"http:\/\/cordobadirecto.com\/index.php\/2024\/08\/16\/este-fin-de-semana-el-parque-de-la-biodiversidad-invita-a-celebrar-el-dia-de-las-infancias\/","title":{"rendered":"Este fin de semana, el Parque de la Biodiversidad invita a celebrar el D\u00eda de las Infancias"},"content":{"rendered":"<div><img src=\"http:\/\/cordobadirecto.com\/wp-content\/uploads\/2024\/08\/este-fin-de-semana-el-parque-de-la-biodiversidad-invita-a-celebrar-el-dia-de-las-infancias.jpg\" class=\"ff-og-image-inserted\"><\/div>\n<ul>\n<li><strong>Los ni\u00f1os podr\u00e1n disfrutar de este espacio este s\u00e1bado y el domingo de 9:00 a 17:00 horas.<\/strong><\/li>\n<li><strong>Durante las jornada habr\u00e1 t\u00edteres, shows y carrera de postas jugando y aprendiendo sobre temas de fauna y flora aut\u00f3ctona.<\/strong><\/li>\n<\/ul>\n<hr>\n<p>La Municipalidad de C\u00f3rdoba a trav\u00e9s del ente BioC\u00f3rdoba invita a participar a todos los ni\u00f1os, ni\u00f1as y sus familias a celebrar el D\u00eda de las Infancias en el Parque de la Biodiversidad. Ser\u00e1 este s\u00e1bado 17 y domingo 18 desde las 9:00 y hasta las 17:00 horas, con entrada libre y gratuita.<\/p>\n<p>Se realizar\u00e1n diversas actividades educativas, did\u00e1cticas y abiertas al p\u00fablico que promueven la educaci\u00f3n ambiental y el cuidado de nuestro planeta.<\/p>\n<p>La din\u00e1mica de la propuesta est\u00e1 planteada en dos actividades que se desarrollar\u00e1n paralelamente. En la primera de ellas, los gu\u00edas invitar\u00e1n particularmente a los ni\u00f1os a descifrar acertijos, descubrir animales y conocer m\u00e1s sobre el vasto mundo de la biodiversidad cordobesa.<\/p>\n<p>La segunda, consta de la confecci\u00f3n de antifaces de animales y t\u00edteres con materiales reciclados. Los ni\u00f1os que participen podr\u00e1n llevarse un juguete creado por ellos mismos.<\/p>\n<p>Durante los dos d\u00edas de celebraci\u00f3n, habr\u00e1 tambi\u00e9n confecci\u00f3n de t\u00edteres y animales, una actividad que se desarrollar\u00e1 en paralelo y que tendr\u00e1 lugar frente a la Explanada de Ansenuza.<\/p>\n<p>Est\u00e1 destinada a los m\u00e1s peque\u00f1os para que se puedan divertir aprendiendo sobre los animales que vieron mientras crean sus propios antifaces y t\u00edteres con materiales reciclados que &nbsp;podr\u00e1n pintarlos con t\u00e9mperas y llev\u00e1rselos de regalo a su &nbsp;casa.<\/p>\n","protected":false},"excerpt":{"rendered":"<p>Los ni\u00f1os podr\u00e1n disfrutar de este espacio este s\u00e1bado y el domingo de 9:00 a 17:00 horas. Durante las jornada habr\u00e1 t\u00edteres, shows y carrera de postas jugando y aprendiendo sobre temas de fauna y flora aut\u00f3ctona. La Municipalidad de C\u00f3rdoba a trav\u00e9s del ente BioC\u00f3rdoba invita a participar a todos los ni\u00f1os, ni\u00f1as y [&hellip;]<\/p>\n","protected":false},"author":1,"featured_media":154383,"comment_status":"closed","ping_status":"closed","sticky":false,"template":"","format":"standard","meta":[],"categories":[44],"tags":[],"_links":{"self":[{"href":"http:\/\/cordobadirecto.com\/index.php\/wp-json\/wp\/v2\/posts\/154382"}],"collection":[{"href":"http:\/\/cordobadirecto.com\/index.php\/wp-json\/wp\/v2\/posts"}],"about":[{"href":"http:\/\/cordobadirecto.com\/index.php\/wp-json\/wp\/v2\/types\/post"}],"author":[{"embeddable":true,"href":"http:\/\/cordobadirecto.com\/index.php\/wp-json\/wp\/v2\/users\/1"}],"replies":[{"embeddable":true,"href":"http:\/\/cordobadirecto.com\/index.php\/wp-json\/wp\/v2\/comments?post=154382"}],"version-history":[{"count":0,"href":"http:\/\/cordobadirecto.com\/index.php\/wp-json\/wp\/v2\/posts\/154382\/revisions"}],"wp:featuredmedia":[{"embeddable":true,"href":"http:\/\/cordobadirecto.com\/index.php\/wp-json\/wp\/v2\/media\/154383"}],"wp:attachment":[{"href":"http:\/\/cordobadirecto.com\/index.php\/wp-json\/wp\/v2\/media?parent=154382"}],"wp:term":[{"taxonomy":"category","embeddable":true,"href":"http:\/\/cordobadirecto.com\/index.php\/wp-json\/wp\/v2\/categories?post=154382"},{"taxonomy":"post_tag","embeddable":true,"href":"http:\/\/cordobadirecto.com\/index.php\/wp-json\/wp\/v2\/tags?post=154382"}],"curies":[{"name":"wp","href":"https:\/\/api.w.org\/{rel}","templated":true}]}}