{"id":154402,"date":"2024-08-17T11:46:07","date_gmt":"2024-08-17T11:46:07","guid":{"rendered":"https:\/\/www.ole.com.ar\/autos\/actividad-horarios-sabado-super-accion-tc-buenos-aires_0_PxTTd6PA9e.html"},"modified":"2024-08-17T11:46:07","modified_gmt":"2024-08-17T11:46:07","slug":"horarios-y-actividad-de-un-sabado-de-super-accion-del-tc-en-buenos-aires","status":"publish","type":"post","link":"http:\/\/cordobadirecto.com\/index.php\/2024\/08\/17\/horarios-y-actividad-de-un-sabado-de-super-accion-del-tc-en-buenos-aires\/","title":{"rendered":"Horarios y actividad de un s\u00e1bado de s\u00faper acci\u00f3n del TC en Buenos Aires"},"content":{"rendered":"<p><time class=\"createDate\" datetime=\"2024-08-17T08:46:07-03:00\">17\/08\/2024 08:46hs.<\/time><\/p>\n<div id=\"storyBody\">\n<div class=\"custom-text \" readability=\"31.666666666667\">\n<p>El <strong>Turismo Carretera<\/strong> disputa este fin de semana una de las carreras m\u00e1s esperadas del a\u00f1o, que tiene la yapa de contar con <strong><a href=\"https:\/\/www.ole.com.ar\/tema\/3SrooVctCD.html\" title=\"una presencia que har\u00e1 recordar a esta final en los pr\u00f3ximos a\u00f1os\" alt=\"una presencia que har\u00e1 recordar a esta final en los pr\u00f3ximos a\u00f1os\">Agust\u00edn Canapino, que regresa a la divisional tras su alejamiento de la IndyCar<\/a>.<\/strong> La m\u00e1xima categor\u00eda del automovilismo nacional ver\u00e1 este s\u00e1bado el inicio de la acci\u00f3n de su 10\u00aa y \u00faltima fecha de la etapa regular del campeonato en el hist\u00f3rico Aut\u00f3dromo Oscar y Juan G\u00e1lvez, que definir\u00e1 a los 12 pilotos que se clasificar\u00e1n a la<strong> Copa de Oro<\/strong>.<\/p>\n<\/div>\n<div class=\"custom-text \" readability=\"38\">\n<p>La acci\u00f3n en el G\u00e1lvez<strong> larga a las 11.05 de este s\u00e1bado, aunque antes se iniciar\u00e1 la de la telonera, el TC Pista.<\/strong> El domingo los motores se encender\u00e1n a las 9.50. Las pr\u00e1cticas se podr\u00e1n ver por DeporTV, mientras que la clasificaci\u00f3n y la carrera ir\u00e1n por la <strong>TV P\u00fablica<\/strong>. Adem\u00e1s transmite el stream de Motorplay de forma online.<\/p>\n<\/div>\n<p><h2><strong>La agenda del fin de semana en el Galvez<\/strong><\/h2>\n<\/p>\n<p><h3>S\u00e1bado<\/h3>\n<\/p>\n<div class=\"custom-text \" readability=\"32\">\n<p>9.30 a 10.00 1er entrenamiento TC Pista (Grupo B) 30 minutos<\/p>\n<\/div>\n<div class=\"custom-text \" readability=\"32\">\n<p>10.05 a 10.35 1er entrenamiento TC Pista (Grupo A) 30 minutos<\/p>\n<\/div>\n<div class=\"custom-text \" readability=\"32\">\n<p>11.05 a 11.25 1er entrenamiento TC (Grupo A) 20 minutos<\/p>\n<\/div>\n<div class=\"custom-text \" readability=\"32\">\n<p>11.10 a 11.50 1er entrenamiento TC (Grupo B ) 20 minutos<\/p>\n<\/div>\n<div class=\"custom-text \" readability=\"32\">\n<p>12.20 a 12.50 2do entrenamiento TC Pista (Grupo B) 30 minutis<\/p>\n<\/div>\n<div class=\"custom-text \" readability=\"32\">\n<p>12.55 a 13.25 2do entrenamiento TC Pista (Grupo A) 30 minutos.<\/p>\n<\/div>\n<div class=\"custom-text \" readability=\"32\">\n<p>13.30 a 14.00 2do entrenamiento TC (Grupo B) 30 minutos<\/p>\n<\/div>\n<div class=\"custom-text \" readability=\"32\">\n<p>14.05 a 14.35 2do entrenamiento TC (Grupo A) 30 minutos<\/p>\n<\/div>\n<div class=\"custom-text \" readability=\"32\">\n<p>15.20 a 15.28 clasificaci\u00f3n TC Pista 1er tercio 8 minutos<\/p>\n<\/div>\n<div class=\"custom-text \" readability=\"32\">\n<p>15.33 a 15.41 clasificaci\u00f3n TC Pista 2do tercio 8 minutos<\/p>\n<\/div>\n<div class=\"custom-text \" readability=\"32\">\n<p>15.46 a 15.54 clasificaci\u00f3n TC Pista 3er tercio 8 minutos<\/p>\n<\/div>\n<div class=\"custom-text \" readability=\"32\">\n<p>16.00 a 16.08 clasificaci\u00f3n TC 1er cuarto 8 minutos<\/p>\n<\/div>\n<div class=\"custom-text \" readability=\"32\">\n<p>16.13 a 16.21 clasificaci\u00f3n TC 2do cuarto 8 minutos<\/p>\n<\/div>\n<div class=\"custom-text \" readability=\"32\">\n<p>16.26 a 16.34 clasificaci\u00f3n TC 3er cuarto 8 minutos<\/p>\n<\/div>\n<div class=\"custom-text \" readability=\"32\">\n<p>16.39 a 16.47 clasificaci\u00f3n TC 4to cuarto 8 minutos<\/p>\n<\/div>\n<div class=\"custom-text \" readability=\"32\">\n<p>17.00 a 17.05 salida al circuito del TC Pista<\/p>\n<\/div>\n<div class=\"custom-text \" readability=\"32\">\n<p>17.07 Inicio de vuelta previa<\/p>\n<\/div>\n<div class=\"custom-text \" readability=\"32\">\n<p>17.10 Primera serie TC Pista 5 vueltas<\/p>\n<\/div>\n<div class=\"custom-text \" readability=\"32\">\n<p>17.25 a 17.30 Salida al circuito del TC Pista<\/p>\n<\/div>\n<div class=\"custom-text \" readability=\"32\">\n<p>17.32 Inicio de vuelta previa<\/p>\n<\/div>\n<div class=\"custom-text \" readability=\"32\">\n<p>17.35 Segunda Serie TC pista 5 vueltas<\/p>\n<\/div>\n<div class=\"sc-e7b891c4-0 jPbnQF\"><img alt=\"El TC gir\u00f3 en las calles de Buenos Aires. (Prensa ACTC)\" src=\"http:\/\/cordobadirecto.com\/wp-content\/uploads\/2024\/08\/horarios-y-actividad-de-un-sabado-de-super-accion-del-tc-en-buenos-aires.jpg\" width=\"720\" height=\"100\" decoding=\"async\" data-nimg=\"future\" loading=\"lazy\"><span class=\"epigraphe\">El TC gir\u00f3 en las calles de Buenos Aires. (Prensa ACTC)<\/span><\/div>\n<p><h3>Domingo<\/h3>\n<\/p>\n<div class=\"custom-text \" readability=\"32\">\n<p>9.55 a 10 Salida al circuito del TC<\/p>\n<\/div>\n<div class=\"custom-text \" readability=\"32\">\n<p>10.02 Inicio de vuelta previa<\/p>\n<\/div>\n<div class=\"custom-text \" readability=\"32\">\n<p>10.05 Primera serie TC 5 vueltas<\/p>\n<\/div>\n<div class=\"custom-text \" readability=\"32\">\n<p>10.20 a 10.25 Salida al circuito del TC<\/p>\n<\/div>\n<div class=\"custom-text \" readability=\"32\">\n<p>10.27 Inicio de vuelta previa<\/p>\n<\/div>\n<div class=\"custom-text \" readability=\"32\">\n<p>10.30 Segunda serie TC 5 vueltas<\/p>\n<\/div>\n<div class=\"custom-text \" readability=\"32\">\n<p>10.45 a 10.50 Salida al circuito del TC<\/p>\n<\/div>\n<div class=\"custom-text \" readability=\"32\">\n<p>10.52 Inicio de vuelta previa<\/p>\n<\/div>\n<div class=\"custom-text \" readability=\"32\">\n<p>10.55 Tercera serie TC 5 vueltas<\/p>\n<\/div>\n<div class=\"custom-text \" readability=\"32\">\n<p>11.40 a 11.45 Salida al circuito del TC Pista<\/p>\n<\/div>\n<div class=\"custom-text \" readability=\"32\">\n<p>11.47 Inicio de vuelta previa<\/p>\n<\/div>\n<div class=\"custom-text \" readability=\"32\">\n<p>11.50 a 12.30 final TC Pista 20 vueltas o 40 minutos m\u00e1ximo<\/p>\n<\/div>\n<div class=\"custom-text \" readability=\"32\">\n<p>12.50 Pregrilla del TC. Todos los pilotos deben bajar de los autos<\/p>\n<\/div>\n<div class=\"custom-text \" readability=\"32\">\n<p>13.17 Inicio de vuelta previa<\/p>\n<\/div>\n<div class=\"custom-text \" readability=\"32\">\n<p>13.20 a 14.10 Final TC 25 vueltas o 50 minutos m\u00e1ximo<\/p>\n<\/div>\n<div class=\"sc-e7b891c4-0 jPbnQF\"><img alt=\"Ortelli y el Gur\u00ed Mart\u00ednez volver\u00e1n al TC. (Prensa ACTC)\" src=\"http:\/\/cordobadirecto.com\/wp-content\/uploads\/2024\/08\/horarios-y-actividad-de-un-sabado-de-super-accion-del-tc-en-buenos-aires-1.jpg\" width=\"720\" height=\"100\" decoding=\"async\" data-nimg=\"future\" loading=\"lazy\"><span class=\"epigraphe\">Ortelli y el Gur\u00ed Mart\u00ednez volver\u00e1n al TC. (Prensa ACTC)<\/span><\/div>\n<div class=\"custom-text \" readability=\"44\">\n<p>El m\u00edtico circuito de 5,651 kil\u00f3metros, inaugurado en 1953 y que recibi\u00f3 a la F\u00f3rmula 1 por \u00faltima vez en 1995, tiene el r\u00e9cord justamente con Canapino, cuando en octubre del 2020 hizo la vuelta m\u00e1s r\u00e1pida en 1m32s335, a una velocidad de 219,934 kil\u00f3metros por hora. Desde el 2009, se le agreg\u00f3 al por ese entonces llamado Aut\u00f3dromo Oscar Alfredo G\u00e1lvez, el nombre de su hermano Juan, <strong>el piloto con m\u00e1s victorias y m\u00e1s campeonatos en la historia de la categor\u00eda.<\/strong><\/p>\n<\/div>\n<div class=\"custom-text \" readability=\"36\">\n<p>Otras de las vueltas m\u00e1s esperadas para esta edici\u00f3n son las de <strong>Guillermo Ortelli<\/strong> y el <strong>Gur\u00ed Omar Mart\u00ednez<\/strong>. \u00eddolos de Ford y Chevrolet, respectivamente. Los experimentados pilotos manejar\u00e1n dos modelos nueva generaci\u00f3n de sus marcas para revivir la cl\u00e1sica rivalidad entre ambos. Pero no sumar\u00e1n puntos para el campeonato.<\/p>\n<\/div>\n<div class=\"sc-e7b891c4-0 jPbnQF\"><img alt=\"Canapino regresa a la categor\u00eda que lo vio cuatro veces campe\u00f3n. (Prensa ACTC)\" src=\"http:\/\/cordobadirecto.com\/wp-content\/uploads\/2024\/08\/horarios-y-actividad-de-un-sabado-de-super-accion-del-tc-en-buenos-aires-2.jpg\" width=\"720\" height=\"100\" decoding=\"async\" data-nimg=\"future\" loading=\"lazy\"><span class=\"epigraphe\">Canapino regresa a la categor\u00eda que lo vio cuatro veces campe\u00f3n. (Prensa ACTC)<\/span><\/div>\n<div class=\"custom-text \" readability=\"40\">\n<p>Este finde tiene <strong>51 pilotos anotados y habr\u00e1 ocho autos de la nueva generaci\u00f3n que ser\u00e1n presentados<\/strong>: cuatro Chevrolet Camaro (Guillermo Ortelli, Sergio Alaux, Santiago Mangoni y Diego De Carlo), dos Toyota Camry (Marcelo Agrelo y Esteban Gini), un Ford Mustang (Omar Mart\u00ednez) y un Torino (Nicol\u00e1s Cotignola). As\u00ed, la parrilla asciende a 35 autos con estas caraceter\u00edsticas.<\/p>\n<\/div>\n<div class=\"custom-text \" readability=\"38\">\n<p>Asimismo, esta carrera ser\u00e1 importante porque cerrar\u00e1 la fase regular y confirmar\u00e1 qui\u00e9nes ser\u00e1n los 12 pilotos que se clasificar\u00e1n a la Copa de Oro, a quienes m\u00e1s adelante se les sumar\u00e1n tres corredores para la definici\u00f3n (los que mejor est\u00e9n ubicados en el campeonato general de las fechas 11 a 14). El ganador de la primera etapa iniciar\u00e1 con una ventaja de 15 puntos, mientras que los clasificados pueden sumar unidades bonus por cada victoria obtenida hasta ese momento.<\/p>\n<\/div>\n<div class=\"sc-e7b891c4-0 jPbnQF\"><img alt=\"El auto de Ortelli para su vuelta al TC. (@Campeonesnet)\" src=\"http:\/\/cordobadirecto.com\/wp-content\/uploads\/2024\/08\/horarios-y-actividad-de-un-sabado-de-super-accion-del-tc-en-buenos-aires-3.jpg\" width=\"720\" height=\"100\" decoding=\"async\" data-nimg=\"future\" loading=\"lazy\"><span class=\"epigraphe\">El auto de Ortelli para su vuelta al TC. (@Campeonesnet)<\/span><\/div>\n<p><h2><strong>El Top 20 del Turismo Carretera<\/strong><\/h2>\n<\/p>\n<div class=\"custom-text \">\n<ol>\n<li>Jos\u00e9 Manuel Urcera: 258 puntos y una victoria (Neuqu\u00e9n).<\/li>\n<li>Mauricio Lambiris: 253.5<\/li>\n<li>Juli\u00e1n Santero: 247 y una victoria (Viedma).<\/li>\n<li>Mariano Werner: 238.5 y una victoria (Toay).<\/li>\n<li>Diego Ciantini: 236<\/li>\n<li>Marcos Quijada: 219.5<\/li>\n<li>Esteban Gini: 217 y una victoria (Rafaela).<\/li>\n<li>Santiago Mangoni: 195.5<\/li>\n<li>Germ\u00e1n Todino: 195 y una victoria (Concepci\u00f3n del Uruguay).<\/li>\n<li>Juan De Benedictis: 194.5<\/li>\n<li>Valent\u00edn Aguirre: 192 y una victoria (Termas de R\u00edo Hondo).<\/li>\n<li>Marcos Landa: 186.5<\/li>\n<li>Ricardo Risatti: 184.<\/li>\n<li>Nicol\u00e1s Trosset: 178.5 y una victoria (Posadas).<\/li>\n<li>Juan Jos\u00e9 Ebarl\u00edn: 174<\/li>\n<li>Jonatan Castellano: 173<\/li>\n<li>Lautaro de la Iglesia: 166.5<\/li>\n<li>Santiago \u00c1lvarez: 164 y una victoria (Villicum).<\/li>\n<li>Elio Capraro: 160<\/li>\n<li>Tob\u00edas Mart\u00ednez: 159.5 y una victoria (El Calafate).<\/li>\n<\/ol>\n<\/div>\n<div class=\"sc-a7166897-0 exHLBh\" readability=\"6.5\">\n<section readability=\"3\"><picture><img alt=\"La Legislatura de la Ciudad Aut\u00f3noma de Buenos Aires reconoci\u00f3 al ACA por su 120\u00b0 aniversario\" src=\"http:\/\/cordobadirecto.com\/wp-content\/uploads\/2024\/08\/horarios-y-actividad-de-un-sabado-de-super-accion-del-tc-en-buenos-aires-4.jpg\" width=\"290\" height=\"290\" decoding=\"async\" data-nimg=\"future\" loading=\"lazy\"><\/picture>\n<p><span>Mir\u00e1 tambi\u00e9n<\/span><\/p>\n<hr>\n<h3>La Legislatura de la Ciudad Aut\u00f3noma de Buenos Aires reconoci\u00f3 al ACA por su 120\u00b0 aniversario<\/h3>\n<\/p>\n<\/section>\n<\/div>\n<div class=\"sc-a7166897-0 exHLBh\" readability=\"6\">\n<section readability=\"2\"><picture><img alt=\"De piloto a ingeniero: la incre\u00edble actuaci\u00f3n de Colapinto en un rodaje de Williams\" src=\"http:\/\/cordobadirecto.com\/wp-content\/uploads\/2024\/08\/horarios-y-actividad-de-un-sabado-de-super-accion-del-tc-en-buenos-aires-5.jpg\" width=\"290\" height=\"290\" decoding=\"async\" data-nimg=\"future\" loading=\"lazy\"><\/picture>\n<p><span>Mir\u00e1 tambi\u00e9n<\/span><\/p>\n<hr>\n<h3>De piloto a ingeniero: la incre\u00edble actuaci\u00f3n de Colapinto en un rodaje de Williams<\/h3>\n<\/p>\n<\/section>\n<\/div>\n<div class=\"sc-a7166897-0 exHLBh\" readability=\"6\">\n<section readability=\"2\"><picture><img alt=\"Las cinco razones por las que la carrera del TC en Buenos Aires ser\u00e1 especial\" src=\"http:\/\/cordobadirecto.com\/wp-content\/uploads\/2024\/08\/horarios-y-actividad-de-un-sabado-de-super-accion-del-tc-en-buenos-aires-6.jpg\" width=\"290\" height=\"290\" decoding=\"async\" data-nimg=\"future\" loading=\"lazy\"><\/picture>\n<p><span>Mir\u00e1 tambi\u00e9n<\/span><\/p>\n<hr>\n<h3>Las cinco razones por las que la carrera del TC en Buenos Aires ser\u00e1 especial<\/h3>\n<\/p>\n<\/section>\n<\/div>\n<\/div>\n","protected":false},"excerpt":{"rendered":"<p>17\/08\/2024 08:46hs. El Turismo Carretera disputa este fin de semana una de las carreras m\u00e1s esperadas del a\u00f1o, que tiene la yapa de contar con Agust\u00edn Canapino, que regresa a la divisional tras su alejamiento de la IndyCar. La m\u00e1xima categor\u00eda del automovilismo nacional ver\u00e1 este s\u00e1bado el inicio de la acci\u00f3n de su 10\u00aa [&hellip;]<\/p>\n","protected":false},"author":1,"featured_media":154403,"comment_status":"closed","ping_status":"closed","sticky":false,"template":"","format":"standard","meta":[],"categories":[21],"tags":[],"_links":{"self":[{"href":"http:\/\/cordobadirecto.com\/index.php\/wp-json\/wp\/v2\/posts\/154402"}],"collection":[{"href":"http:\/\/cordobadirecto.com\/index.php\/wp-json\/wp\/v2\/posts"}],"about":[{"href":"http:\/\/cordobadirecto.com\/index.php\/wp-json\/wp\/v2\/types\/post"}],"author":[{"embeddable":true,"href":"http:\/\/cordobadirecto.com\/index.php\/wp-json\/wp\/v2\/users\/1"}],"replies":[{"embeddable":true,"href":"http:\/\/cordobadirecto.com\/index.php\/wp-json\/wp\/v2\/comments?post=154402"}],"version-history":[{"count":0,"href":"http:\/\/cordobadirecto.com\/index.php\/wp-json\/wp\/v2\/posts\/154402\/revisions"}],"wp:featuredmedia":[{"embeddable":true,"href":"http:\/\/cordobadirecto.com\/index.php\/wp-json\/wp\/v2\/media\/154403"}],"wp:attachment":[{"href":"http:\/\/cordobadirecto.com\/index.php\/wp-json\/wp\/v2\/media?parent=154402"}],"wp:term":[{"taxonomy":"category","embeddable":true,"href":"http:\/\/cordobadirecto.com\/index.php\/wp-json\/wp\/v2\/categories?post=154402"},{"taxonomy":"post_tag","embeddable":true,"href":"http:\/\/cordobadirecto.com\/index.php\/wp-json\/wp\/v2\/tags?post=154402"}],"curies":[{"name":"wp","href":"https:\/\/api.w.org\/{rel}","templated":true}]}}