{"id":154406,"date":"2024-08-17T12:25:29","date_gmt":"2024-08-17T12:25:29","guid":{"rendered":"https:\/\/www.ole.com.ar\/futbol-ascenso\/ascenso-copa-argentina-primera-nacional-talleres-remedios-escalada-damian-tello_0_qkjMpKQgYN.html"},"modified":"2024-08-17T12:25:29","modified_gmt":"2024-08-17T12:25:29","slug":"damian-tello-heroe-de-talleres-con-ole-estoy-en-mi-lugar-en-el-mundo","status":"publish","type":"post","link":"http:\/\/cordobadirecto.com\/index.php\/2024\/08\/17\/damian-tello-heroe-de-talleres-con-ole-estoy-en-mi-lugar-en-el-mundo\/","title":{"rendered":"Dami\u00e1n Tello, her\u00f3e de Talleres, con Ol\u00e9: &#8220;Estoy en mi lugar en el mundo&#8221;"},"content":{"rendered":"<p><time class=\"createDate\" datetime=\"2024-08-16T20:42:31-03:00\">16\/08\/2024 20:42hs.<\/time><\/p>\n<div id=\"storyBody\">\n<div class=\"custom-text \" readability=\"29.497382198953\">\n<p><strong><a href=\"https:\/\/www.ole.com.ar\/tema\/talleres-re.html\" title=\"Talleres (RE)\" alt=\"Talleres (RE)\" class=\"slug\">Talleres de Remedios de Escalada<\/a>. <\/strong>Ese es el equipo que asumi\u00f3 el rol d<strong>e gran protagonista y revelaci\u00f3n en la <a href=\"https:\/\/www.ole.com.ar\/tema\/copa-argentina.html\" title=\"Copa Argentina\" alt=\"Copa Argentina\" class=\"slug\">Copa Argentina<\/a> 2024<\/strong>. El jueves<strong> se meti\u00f3 en cuartos de final tras ganarle el cl\u00e1sico a <a href=\"https:\/\/www.ole.com.ar\/tema\/banfield.html\" title=\"Banfield\" alt=\"Banfield\" class=\"slug\">Banfield <\/a>por penales.<\/strong> Antes se carg\u00f3 <strong>a <a href=\"https:\/\/www.ole.com.ar\/tema\/racing.html\" title=\"Racing\" alt=\"Racing\" class=\"slug\">Racing<\/a> e <a href=\"https:\/\/www.ole.com.ar\/tema\/instituto-cordoba.html\" title=\"Instituto (C\u00f3rdoba)\" alt=\"Instituto (C\u00f3rdoba)\" class=\"slug\">Instituto<\/a><\/strong>. Nada de este sue\u00f1o que vive el pueblo Albirrojo ser\u00eda posible sin su arquero y figura <strong>Dami\u00e1n Tello<\/strong>, que habl\u00f3 con <strong>Ol\u00e9. <\/strong><\/p>\n<\/div>\n<div class=\"custom-text \" readability=\"36\">\n<p>El Loco, como lo apodan todos en Escalada, fue h\u00e9roe en la tarde de Quilmes ante el Taladro: <strong>le ataj\u00f3 el primer penal de la tanda a Juan Bisanz y repiti\u00f3 ante Marcos Echeverr\u00eda en la tercera ejecuci\u00f3n.<\/strong><\/p>\n<\/div>\n<div type=\"embed\" class=\"sc-3f46f5ae-0 djVTgz\">\n<div class=\"sc-3f46f5ae-1 fTjZec videoText\" id=\"contentTitleembed7zl583Es\" type=\"embed\"><svg fill=\"#ffffff\"><symbol id=\"play\" viewBox=\"0 0 512 512\"><path d=\"M512 256C512 397.4 397.4 512 256 512C114.6 512 0 397.4 0 256C0 114.6 114.6 0 256 0C397.4 0 512 114.6 512 256zM176 168V344C176 352.7 180.7 360.7 188.3 364.9C195.8 369.2 205.1 369 212.5 364.5L356.5 276.5C363.6 272.1 368 264.4 368 256C368 247.6 363.6 239.9 356.5 235.5L212.5 147.5C205.1 142.1 195.8 142.8 188.3 147.1C180.7 151.3 176 159.3 176 168V168z\" \/><\/symbol><use xlink:href=\"#play\" \/><\/svg><\/p>\n<div class=\"right\">\n<p>Talleres (RE)<!-- --> &#8211;<!-- --> <span>&nbsp;<\/span><\/p>\n<h2 class=\"title-vid\">El resumen de la victoria de Talleres (RdE) ante Banfield<\/h2>\n<\/div>\n<\/div>\n<p><span class=\"back\" id=\"spanBackembed7zl583Es\"><\/span><\/div>\n<p><h2><strong>El valor que tiene el triunfo ante Banfield en Copa Argentina<\/strong><\/h2>\n<\/p>\n<div class=\"custom-text \" readability=\"36\">\n<p>La victoria copera no fue una m\u00e1s para el Tallarin. Probablemente pueda entrar en una de las m\u00e1s importantes de la historia del club. As\u00ed lo detall\u00f3 el protagonista: &#8220;Tenemos mucha felicidad.<strong> Sabemos lo que representaba para el Club y para el hincha este partido, es un cl\u00e1sico. <\/strong>La hinchada merec\u00eda el pase a cuartos m\u00e1s que nadie.&#8221;<\/p>\n<\/div>\n<div class=\"custom-text \" readability=\"39\">\n<p><strong>&#8220;Es un partido que va a quedar en la historia.<\/strong> Fue algo muy lindo, muy valioso. Hicimos un gran primer tiempo y podr\u00edamos haberlo ganado en los 90 minutos. <strong>Este equipo, que ya viene de un proceso desde el a\u00f1o pasado, est\u00e1 quedando en la historia.<\/strong> Tuvimos partidos muy significativos. Estamos cumpliendo los objetivos que tiene la instituci\u00f3n&#8221;, sigui\u00f3 el mendocino.<\/p>\n<\/div>\n<div class=\"sc-e7b891c4-0 jPbnQF\"><img alt=\"Copa Argentina.Talleres Remedios de Escalada - Banfield.@Copa_Argentina\" src=\"http:\/\/cordobadirecto.com\/wp-content\/uploads\/2024\/08\/damian-tello-heroe-de-talleres-con-ole-estoy-en-mi-lugar-en-el-mundo.jpg\" width=\"720\" height=\"100\" decoding=\"async\" data-nimg=\"future\" loading=\"lazy\"><span class=\"epigraphe\">Copa Argentina.Talleres Remedios de Escalada &#8211; Banfield.@Copa_Argentina<\/span><\/div>\n<p><h2><strong>La importancia de Talleres en su carrera y lo que se viene a futuro&#8230;<\/strong><\/h2>\n<\/p>\n<div class=\"custom-text \" readability=\"39\">\n<p>&#8220;Es el equipo donde mejor estuve en mi carrera. <strong>Hoy en d\u00eda es mi lugar en el mundo y va a ser siempre mi casa<\/strong>, tienen un gran lugar en mi coraz\u00f3n. Estoy agradecido a los dirigentes, cuerpo t\u00e9cnico e hinchas. Ac\u00e1 pude desenvolverme tanto profesionalmente como personalmente. <strong>Logr\u00e9 un ascenso, un r\u00e9cord hist\u00f3rico del f\u00fatbol argentino y estos partidos fueron puntuales para mi carrera&#8221;<\/strong>, coment\u00f3 el arquero a <strong>Ol\u00e9.<\/strong><\/p>\n<\/div>\n<div class=\"sc-e7b891c4-0 jPbnQF\"><img alt=\"Tello, h\u00e9roe de Talleres. (Foto: Instagram Damian Tello)\" src=\"http:\/\/cordobadirecto.com\/wp-content\/uploads\/2024\/08\/damian-tello-heroe-de-talleres-con-ole-estoy-en-mi-lugar-en-el-mundo-1.jpg\" width=\"720\" height=\"100\" decoding=\"async\" data-nimg=\"future\" loading=\"lazy\"><span class=\"epigraphe\">Tello, h\u00e9roe de Talleres. (Foto: Instagram Damian Tello)<\/span><\/div>\n<div class=\"custom-text \" readability=\"36\">\n<p>&#8220;Yo trato de vivir el d\u00eda a d\u00eda. Soy muy meticuloso y le meto mucha dedicaci\u00f3n al laburo. Voy partido a partido. <strong>Ojal\u00e1 llegue la posibilidad de jugar en Primera, es la \u00fanica categor\u00eda que me falta.<\/strong> Sue\u00f1o con eso y trabajo para lograrlo&#8221;, lanz\u00f3 acerca de su futuro.<\/p>\n<\/div>\n<p><h2><strong> Su papel en los penales y el \u00eddolo de la infancia<\/strong><\/h2>\n<\/p>\n<div class=\"custom-text \" readability=\"39\">\n<p>Siempre se habla mucho acerca de las ayudas que tienen los arqueros al estudiar a los pateadores rivales. En este caso existi\u00f3, pero casi no fue necesario utilizar del mismo. &#8220;Hubo estudio pero no us\u00e9 machete. <strong>Fue una mezcla de intuici\u00f3n, de ver c\u00f3mo se paran los pateadores y un poco de suerte, je<\/strong>. Un poco de todo&#8221;, confes\u00f3 el Loco.<\/p>\n<\/div>\n<div class=\"custom-text \" readability=\"42\">\n<p>Acerca del referente en el puesto, sorprendi\u00f3. Lejos de decir Goycochea, Pumpido, Filliol, Chilavert, Casillas o Buffon, por nombrar a algunos, dijo: <strong>&#8220;Mi \u00eddolo siempre fue mi viejo (Alejandro Tello)<\/strong>. Era un gran arquero y yo empec\u00e9 a atajar por \u00e9l. Ahora <strong>suelo mirar a varios colegas y sacar lo positivo de cada uno <\/strong>para implementarlo a mi estilo.&#8221;<\/p>\n<\/div>\n<p><h2><strong>La confesi\u00f3n acerca de su pasado y la posibilidad de abandonar el f\u00fatbol<\/strong><\/h2>\n<\/p>\n<div class=\"custom-text \" readability=\"42\">\n<p>Es cierto que no todo fue color de rosas en la carrera del 1. Le toc\u00f3 no ser t\u00edtular en dos de los desaf\u00edos m\u00e1s grandes que afront\u00f3 (Atlanta 2021 y Chacarita 2022). Por este motivo, reflexion\u00f3 acerca de qu\u00e9 le dir\u00eda hoy al Damian Tello de hace algunos a\u00f1os atr\u00e1s: &#8220;Que se tranquilice, que piense en el hoy. Que aproveche cada entrenamiento, partido, momento, para mejorar. Todo se equilibra al final.<strong> Pas\u00e9 por momentos no tan buenos, hasta quise dejar el f\u00fatbol.<\/strong> Por suerte siempre est\u00e1 la gente que lo acompa\u00f1a, le da fuerzas para seguir y no lo deja caer.&#8221;<\/p>\n<\/div>\n<div class=\"sc-e7b891c4-0 jPbnQF\"><img alt=\"Dami\u00e1n Tello habl\u00f3 con Ol\u00e9\" src=\"http:\/\/cordobadirecto.com\/wp-content\/uploads\/2024\/08\/damian-tello-heroe-de-talleres-con-ole-estoy-en-mi-lugar-en-el-mundo-2.jpg\" width=\"720\" height=\"100\" decoding=\"async\" data-nimg=\"future\" loading=\"lazy\"><span class=\"epigraphe\">Dami\u00e1n Tello habl\u00f3 con Ol\u00e9<\/span><\/div>\n<p><h2><strong>El presente del Albirrojo y lo que se viene en la Copa&#8230;<\/strong><\/h2>\n<\/p>\n<div class=\"custom-text \" readability=\"34\">\n<p>Cabe destacar que el cuadro del Sur del conurbano bonaerense <strong>est\u00e1 comprometido con el descenso en la Primera Nacional (17\u00b0 con 28 puntos en la Zona A).<\/strong> Otra realidad muy distinta a la de la Copa Argentina.<\/p>\n<\/div>\n<div class=\"custom-text \" readability=\"37\">\n<p>&#8220;Este grupo est\u00e1 acostumbrado y le gusta jugar partidos mano a mano. <strong>En Copa nos sentimos c\u00f3modos y nos favorece como juega el rival<\/strong>. En la categor\u00eda <strong>nos quedan 11 finales para salvarnos del descenso y queremos asegurar la permanencia <\/strong>lo antes posible. So\u00f1amos con seguir dando batacazos, pero nuestro objetivo est\u00e1 en seguir en la B&#8221;, explic\u00f3 Tello.<\/p>\n<\/div>\n<div class=\"sc-e7b891c4-0 jPbnQF\"><img alt=\"Dami\u00e1n Tello habl\u00f3 con Ol\u00e9\" src=\"http:\/\/cordobadirecto.com\/wp-content\/uploads\/2024\/08\/damian-tello-heroe-de-talleres-con-ole-estoy-en-mi-lugar-en-el-mundo-3.jpg\" width=\"720\" height=\"100\" decoding=\"async\" data-nimg=\"future\" loading=\"lazy\"><span class=\"epigraphe\">Dami\u00e1n Tello habl\u00f3 con Ol\u00e9<\/span><\/div>\n<div class=\"sc-a7166897-0 exHLBh\" readability=\"7\">\n<section readability=\"4\"><picture><img alt=\"Maxi Meza, su primera convocatoria en River y la foto que podr\u00eda reeditarse en el Bosque\" src=\"http:\/\/cordobadirecto.com\/wp-content\/uploads\/2024\/08\/damian-tello-heroe-de-talleres-con-ole-estoy-en-mi-lugar-en-el-mundo-4.jpg\" width=\"290\" height=\"290\" decoding=\"async\" data-nimg=\"future\" loading=\"lazy\"><\/picture>\n<p><span>Mir\u00e1 tambi\u00e9n<\/span><\/p>\n<hr>\n<h3>Maxi Meza, su primera convocatoria en River y la foto que podr\u00eda reeditarse en el Bosque<\/h3>\n<\/p>\n<\/section>\n<\/div>\n<div class=\"sc-a7166897-0 exHLBh\" readability=\"6\">\n<section readability=\"2\"><picture><img alt=\"Sevilla empat\u00f3: Ocampos capit\u00e1n y Montiel y Acu\u00f1a afuera\" src=\"http:\/\/cordobadirecto.com\/wp-content\/uploads\/2024\/08\/damian-tello-heroe-de-talleres-con-ole-estoy-en-mi-lugar-en-el-mundo-5.jpg\" width=\"290\" height=\"290\" decoding=\"async\" data-nimg=\"future\" loading=\"lazy\"><\/picture>\n<p><span>Mir\u00e1 tambi\u00e9n<\/span><\/p>\n<hr>\n<h3>Sevilla empat\u00f3: Ocampos capit\u00e1n y Montiel y Acu\u00f1a afuera<\/h3>\n<\/p>\n<\/section>\n<\/div>\n<div class=\"sc-a7166897-0 exHLBh\" readability=\"7\">\n<section readability=\"4\"><picture><img alt=\"Lleg\u00f3 a River por Scocco, recibi\u00f3 consejos de Gallardo y ahora lo enfrentar\u00e1 con Gimnasia \" src=\"http:\/\/cordobadirecto.com\/wp-content\/uploads\/2024\/08\/damian-tello-heroe-de-talleres-con-ole-estoy-en-mi-lugar-en-el-mundo-6.jpg\" width=\"290\" height=\"290\" decoding=\"async\" data-nimg=\"future\" loading=\"lazy\"><\/picture>\n<p><span>Mir\u00e1 tambi\u00e9n<\/span><\/p>\n<hr>\n<h3>Lleg\u00f3 a River por Scocco, recibi\u00f3 consejos de Gallardo y ahora lo enfrentar\u00e1 con Gimnasia <\/h3>\n<\/p>\n<\/section>\n<\/div>\n<div class=\"sc-a7166897-0 exHLBh\" readability=\"6.5\">\n<section readability=\"3\"><picture><img alt=\"En medio de la serie contra River, Ram\u00f3n Sosa fue presentado en Nottingham Forest \" src=\"http:\/\/cordobadirecto.com\/wp-content\/uploads\/2024\/08\/damian-tello-heroe-de-talleres-con-ole-estoy-en-mi-lugar-en-el-mundo-7.jpg\" width=\"290\" height=\"290\" decoding=\"async\" data-nimg=\"future\" loading=\"lazy\"><\/picture>\n<p><span>Mir\u00e1 tambi\u00e9n<\/span><\/p>\n<hr>\n<h3>En medio de la serie contra River, Ram\u00f3n Sosa fue presentado en Nottingham Forest <\/h3>\n<\/p>\n<\/section>\n<\/div>\n<\/div>\n","protected":false},"excerpt":{"rendered":"<p>16\/08\/2024 20:42hs. Talleres de Remedios de Escalada. Ese es el equipo que asumi\u00f3 el rol de gran protagonista y revelaci\u00f3n en la Copa Argentina 2024. El jueves se meti\u00f3 en cuartos de final tras ganarle el cl\u00e1sico a Banfield por penales. Antes se carg\u00f3 a Racing e Instituto. Nada de este sue\u00f1o que vive el [&hellip;]<\/p>\n","protected":false},"author":1,"featured_media":154407,"comment_status":"closed","ping_status":"closed","sticky":false,"template":"","format":"standard","meta":[],"categories":[21],"tags":[],"_links":{"self":[{"href":"http:\/\/cordobadirecto.com\/index.php\/wp-json\/wp\/v2\/posts\/154406"}],"collection":[{"href":"http:\/\/cordobadirecto.com\/index.php\/wp-json\/wp\/v2\/posts"}],"about":[{"href":"http:\/\/cordobadirecto.com\/index.php\/wp-json\/wp\/v2\/types\/post"}],"author":[{"embeddable":true,"href":"http:\/\/cordobadirecto.com\/index.php\/wp-json\/wp\/v2\/users\/1"}],"replies":[{"embeddable":true,"href":"http:\/\/cordobadirecto.com\/index.php\/wp-json\/wp\/v2\/comments?post=154406"}],"version-history":[{"count":0,"href":"http:\/\/cordobadirecto.com\/index.php\/wp-json\/wp\/v2\/posts\/154406\/revisions"}],"wp:featuredmedia":[{"embeddable":true,"href":"http:\/\/cordobadirecto.com\/index.php\/wp-json\/wp\/v2\/media\/154407"}],"wp:attachment":[{"href":"http:\/\/cordobadirecto.com\/index.php\/wp-json\/wp\/v2\/media?parent=154406"}],"wp:term":[{"taxonomy":"category","embeddable":true,"href":"http:\/\/cordobadirecto.com\/index.php\/wp-json\/wp\/v2\/categories?post=154406"},{"taxonomy":"post_tag","embeddable":true,"href":"http:\/\/cordobadirecto.com\/index.php\/wp-json\/wp\/v2\/tags?post=154406"}],"curies":[{"name":"wp","href":"https:\/\/api.w.org\/{rel}","templated":true}]}}