{"id":154429,"date":"2024-08-17T14:46:03","date_gmt":"2024-08-17T14:46:03","guid":{"rendered":"https:\/\/cordoba.gob.ar\/?p=60463"},"modified":"2024-08-17T14:46:03","modified_gmt":"2024-08-17T14:46:03","slug":"la-municipalidad-de-cordoba-conmemoro-el-174o-aniversario-del-paso-a-la-inmortalidad-del-general-san-martin","status":"publish","type":"post","link":"http:\/\/cordobadirecto.com\/index.php\/2024\/08\/17\/la-municipalidad-de-cordoba-conmemoro-el-174o-aniversario-del-paso-a-la-inmortalidad-del-general-san-martin\/","title":{"rendered":"La Municipalidad de C\u00f3rdoba conmemor\u00f3 el 174\u00ba aniversario del paso a la Inmortalidad del General San Mart\u00edn"},"content":{"rendered":"<div><img src=\"http:\/\/cordobadirecto.com\/wp-content\/uploads\/2024\/08\/la-municipalidad-de-cordoba-conmemoro-el-174o-aniversario-del-paso-a-la-inmortalidad-del-general-san-martin.jpg\" class=\"ff-og-image-inserted\"><\/div>\n<ul>\n<li><strong>El acto fue encabezado por el viceintendente a cargo del ejecutivo municipal, Javier Pretto.<\/strong><\/li>\n<\/ul>\n<hr>\n<p>La Municipalidad de C\u00f3rdoba rindi\u00f3 homenaje al General San Mart\u00edn, con motivo de conmemorarse el aniversario 174\u00ba de su paso a la Inmortalidad. El acto oficial estuvo encabezado por el viceintendente a cargo del ejecutivo municipal, Javier Pretto.<\/p>\n<p>La ceremonia se realiz\u00f3 en la plaza central de la ciudad, en presencia de la guardia del Cabildo Hist\u00f3rico, a cargo de soldados del Regimiento de Infanter\u00eda Paracaidista II \u201cGeneral Balcarce\u201d.<\/p>\n<p>Durante el solemne acto se iz\u00f3 el Pabell\u00f3n Nacional y se enton\u00f3 el Himno Nacional Argentino, ejecutado por la Banda Militar Boquer\u00f3n.<\/p>\n<p>Posteriormente, se coloc\u00f3 una corona de laureles a los pies del monumento del General San Mart\u00edn, finalizando con un minuto de silencio en honor al Padre de la Patria.<\/p>\n<p>Al cierre del acto, el director del Instituto Sanmartiniano, Jorge Jofr\u00e9, brind\u00f3 unas palabras en torno a la figura del pr\u00f3cer.<\/p>\n<p>Del evento participaron tambi\u00e9n miembros del gabinete municipal, concejales, legisladores, autoridades del Tribunal Superior de Justicia, representantes del Cuerpo Consular, vecinos y miembros de distintas fuerzas vivas locales.<\/p>\n","protected":false},"excerpt":{"rendered":"<p>El acto fue encabezado por el viceintendente a cargo del ejecutivo municipal, Javier Pretto. La Municipalidad de C\u00f3rdoba rindi\u00f3 homenaje al General San Mart\u00edn, con motivo de conmemorarse el aniversario 174\u00ba de su paso a la Inmortalidad. El acto oficial estuvo encabezado por el viceintendente a cargo del ejecutivo municipal, Javier Pretto. La ceremonia se [&hellip;]<\/p>\n","protected":false},"author":1,"featured_media":154430,"comment_status":"closed","ping_status":"closed","sticky":false,"template":"","format":"standard","meta":[],"categories":[44],"tags":[],"_links":{"self":[{"href":"http:\/\/cordobadirecto.com\/index.php\/wp-json\/wp\/v2\/posts\/154429"}],"collection":[{"href":"http:\/\/cordobadirecto.com\/index.php\/wp-json\/wp\/v2\/posts"}],"about":[{"href":"http:\/\/cordobadirecto.com\/index.php\/wp-json\/wp\/v2\/types\/post"}],"author":[{"embeddable":true,"href":"http:\/\/cordobadirecto.com\/index.php\/wp-json\/wp\/v2\/users\/1"}],"replies":[{"embeddable":true,"href":"http:\/\/cordobadirecto.com\/index.php\/wp-json\/wp\/v2\/comments?post=154429"}],"version-history":[{"count":0,"href":"http:\/\/cordobadirecto.com\/index.php\/wp-json\/wp\/v2\/posts\/154429\/revisions"}],"wp:featuredmedia":[{"embeddable":true,"href":"http:\/\/cordobadirecto.com\/index.php\/wp-json\/wp\/v2\/media\/154430"}],"wp:attachment":[{"href":"http:\/\/cordobadirecto.com\/index.php\/wp-json\/wp\/v2\/media?parent=154429"}],"wp:term":[{"taxonomy":"category","embeddable":true,"href":"http:\/\/cordobadirecto.com\/index.php\/wp-json\/wp\/v2\/categories?post=154429"},{"taxonomy":"post_tag","embeddable":true,"href":"http:\/\/cordobadirecto.com\/index.php\/wp-json\/wp\/v2\/tags?post=154429"}],"curies":[{"name":"wp","href":"https:\/\/api.w.org\/{rel}","templated":true}]}}