{"id":154431,"date":"2024-08-18T01:45:08","date_gmt":"2024-08-18T01:45:08","guid":{"rendered":"https:\/\/puntoapunto.com.ar\/?p=364086"},"modified":"2024-08-18T01:45:08","modified_gmt":"2024-08-18T01:45:08","slug":"caputo-en-cordoba-sin-fecha-para-el-fin-del-cepo-asegura-que-esta-vez-sera-diferente-con-milei-y-el-orden-macro","status":"publish","type":"post","link":"http:\/\/cordobadirecto.com\/index.php\/2024\/08\/18\/caputo-en-cordoba-sin-fecha-para-el-fin-del-cepo-asegura-que-esta-vez-sera-diferente-con-milei-y-el-orden-macro\/","title":{"rendered":"Caputo en C\u00f3rdoba: sin fecha para el fin del cepo, asegura que \u00abesta vez ser\u00e1 diferente con Milei y el orden macro\u00bb"},"content":{"rendered":"<div class=\"g g-36\">\n<div class=\"g-dyn a-29 c-1\"><a class=\"gofollow\" data-track=\"MjksMzYsMSw2MA==\" href=\"https:\/\/www.harmoniechateau.com.ar\/\" target=\"_blank\" rel=\"noopener\"><img src=\"http:\/\/cordobadirecto.com\/wp-content\/uploads\/2024\/08\/caputo-en-cordoba-sin-fecha-para-el-fin-del-cepo-asegura-que-esta-vez-sera-diferente-con-milei-y-el-orden-macro.gif\" loading=\"lazy\"><\/a><\/div>\n<\/div>\n<p>&nbsp;\n<\/p>\n<p>El<strong> ministro de Econom\u00eda, Luis \u00abToto\u00bb Caputo,<\/strong> se reuni\u00f3 este viernes 16 de agosto con<strong> m\u00e1s de 300 empresarios en la<a href=\"https:\/\/www.bolsacba.com.ar\/\"> Bolsa de Comercio de C\u00f3rdoba<\/a><\/strong>, donde particip\u00f3 como expositor en los \u00abCiclos de Coyuntura\u00bb organizados por esta entidad bajo la presidencia de Manuel Tagle.<!-- \u00a1O bien no hay banners, estan desactivados o no estan programados para esta ubicaci\u00f3n! -->\n<\/p>\n<p>El evento estuvo dirigido a miembros de la organizaci\u00f3n y cont\u00f3 con la participaci\u00f3n del gobernador de la provincia de C\u00f3rdoba, Mart\u00edn Llaryora, junto con otras autoridades provinciales y municipales, as\u00ed como los presidentes de las c\u00e1maras que integran el G6.\n<\/p>\n<p>En su disertaci\u00f3n Caputo<strong>&nbsp;<\/strong>dijo&nbsp;\u201cesta vez\u201d va a \u201cser diferente\u201d&nbsp;porque el presidente&nbsp;<a href=\"https:\/\/puntoapunto.com.ar\/empleo-en-crisis-en-los-primeros-cinco-meses-de-la-gestion-de-milei-se-perdieron-115-000-puestos-de-trabajo-registrados\/\"><strong>Javier Milei<\/strong>&nbsp;<\/a>tiene la \u201c<strong>convicci\u00f3n de no moverse del orden macroecon\u00f3mico\u201d&nbsp;<\/strong>lo que \u201c<strong>no pas\u00f3 nunca en los \u00faltimos 80 a\u00f1os\u201d,&nbsp;<\/strong>salvo en algunos momentos en que despu\u00e9s de una crisis se hac\u00eda un ajuste.<!-- \u00a1O bien no hay banners, estan desactivados o no estan programados para esta ubicaci\u00f3n! -->\n<\/p>\n<p>Repas\u00f3 que en seis meses el Gobierno <strong>\u201ctermin\u00f3 con el d\u00e9ficit fiscal, con el d\u00e9ficit cero, con los piquetes<\/strong>\u201d. Con esa frase consigui\u00f3 el primer aplauso de los participantes. Se mostr\u00f3 confiado en una&nbsp;<strong>recuperaci\u00f3n de la actividad que \u201cva a sorprender a muchos\u201d<\/strong>.<\/p>\n<p>Seg\u00fan el ministro de Econom\u00eda,&nbsp;\u00aba&nbsp;la Argentina le fue mal porque siempre tom\u00f3 malas decisiones.&nbsp;<strong>Era un alumno muy inteligente, pero un mal alumno que no quer\u00eda estudiar.<\/strong>&nbsp;Esta es la primera vez en mucho tiempo que tenemos un presidente que garantiza que no nos vamos a mover del orden macroecon\u00f3mico\u00bb.\n<\/p>\n<p><iframe id=\"_ytid_21756\" width=\"480\" height=\"270\" data-origwidth=\"480\" data-origheight=\"270\" src=\"https:\/\/www.youtube.com\/embed\/qztT3l1K0yU?enablejsapi=1&amp;autoplay=0&amp;cc_load_policy=0&amp;cc_lang_pref=&amp;iv_load_policy=1&amp;loop=0&amp;modestbranding=0&amp;rel=0&amp;fs=1&amp;playsinline=0&amp;autohide=2&amp;theme=dark&amp;color=red&amp;controls=1&amp;\" class=\"__youtube_prefs__ epyt-is-override no-lazyload\" title=\"YouTube player\" allow=\"fullscreen; accelerometer; autoplay; clipboard-write; encrypted-media; gyroscope; picture-in-picture\" allowfullscreen data-no-lazy=\"1\" data-skipgform_ajax_framebjll>[embedded content]<\/iframe>\n<\/p>\n<p>Caputo resalt\u00f3 que los ciudadanos respaldaron las medidas actuales porque fue precisamente lo que \u00abel presidente dijo que iba a hacer\u00bb.&nbsp;Subray\u00f3 que, <strong>a pesar de estar en medio de un ajuste, la gente contin\u00faa apoyando al gobierno porque comprendieron y aceptaron la necesidad de estas acciones.<\/strong>\n<\/p>\n<p class=\"com-paragraph --s\">El ministro destac\u00f3 tambi\u00e9n el rol del<strong>&nbsp;blanqueo<\/strong>&nbsp;instrumentado: \u201cNo tiene un fin recaudatorio; es porque queremos construir una Argentina nueva.&nbsp;<strong>Estamos pensando en que saquen la plata, genere mayor inversi\u00f3n, mayor cantidad de empleos, mayor recaudaci\u00f3n que se va a traducir en baja de impuestos. El pa\u00eds lo necesita y ojal\u00e1 todos respondan\u201d.<\/strong>\n<\/p>\n<p class=\"com-paragraph --s\">Proyect\u00f3 que la inflaci\u00f3n&nbsp;<strong>seguir\u00e1 bajando porque \u201catacamos todas las causas. Est\u00e1<\/strong>&nbsp;encaminada a ser sustancialmente m\u00e1s baja que la de julio\u201d, continu\u00f3 y ponder\u00f3 que tambi\u00e9n impactar\u00e1 en esa tendencia la reducci\u00f3n del impuesto PAIS.\n<\/p>\n<p class=\"com-paragraph --s\">\u201cSiempre cuando al ajuste lo hace el mercado, es m\u00e1s mucho m\u00e1s violento\u201d, grafic\u00f3 y sostuvo que las recuperaciones \u201cduraban poco\u201d porque no estaba la \u201cconvicci\u00f3n\u201d de que \u201ceste era el camino\u201d. En ese contexto repas\u00f3 las recetas de financiamiento del d\u00e9ficit fiscal, y critic\u00f3 que la Argentina \u201c<strong>nunca se decidi\u00f3 hacer los deberes\u201d. \u201cNo es una casualidad sino una causalidad que nos haya ido mal<\/strong>; la Argentina era mal alumno\u201d, insisti\u00f3.\n<\/p>\n<p><strong>Los resultados<\/strong>\n<\/p>\n<p>El ministro destac\u00f3 que los resultados obtenidos hasta el momento respaldan las pol\u00edticas de Javier Milei, subrayando que la rapidez del cambio ha sido notable y los logros son consecuencia directa de las acciones emprendidas. En este contexto, solicit\u00f3 al empresariado un voto de confianza en la pol\u00edtica econ\u00f3mica actual.\n<\/p>\n<p>\u00abEn menos de seis meses,&nbsp;<strong>este pa\u00eds termin\u00f3 con el d\u00e9ficit fiscal, el cuasi fiscal, la emisi\u00f3n monetaria, los piquetes,<\/strong>&nbsp;la corrupci\u00f3n. No es un gobierno que est\u00e1 prometiendo, est\u00e1 haciendo y qu\u00e9 m\u00e1s garant\u00eda podemos darles que eso\u00bb, a\u00f1adi\u00f3.\n<\/p>\n<p><strong>\u00abMostramos resultados desde el d\u00eda uno y terminamos con el mito de que Argentina&nbsp;<\/strong>no pod\u00eda tener equilibrio fiscal por decisi\u00f3n propia, sino cuando el mercado forzaba el ajuste y destrozaba todos los agregados monetarios\u00bb.\n<\/p>\n<p>En relaci\u00f3n con el papel del sector privado, el titular del Palacio de Hacienda expres\u00f3 que, en la medida en que el empresariado y la ciudadan\u00eda comprenda&nbsp;y respalde&nbsp;el proceso de cambio a largo plazo, la recuperaci\u00f3n ser\u00e1 m\u00e1s fuerte y r\u00e1pida. \u00abEso nos va a dar no solo equilibrio fiscal, sino super\u00e1vit, es decir que nos va a sobrar plata y&nbsp;<strong>este gobierno va a bajar impuestos.&nbsp;<\/strong>No tengan dudas de que lo vamos a hacer, les vamos a sacar el pie de la cabeza al sector privado\u00bb.\n<\/p>\n<p>Consultado sobre la salida del cepo cambiario, Caputo apunt\u00f3 que \u201cno hay nada de improvisaci\u00f3n\u201d y que llevan adelante lo que ven\u00edan trabajando hace m\u00e1s de un a\u00f1o. \u201cNo nos ponemos como meta una fecha, sino que <strong>nos ponemos condiciones<\/strong>\u201d, a\u00f1adi\u00f3 y detall\u00f3 que todav\u00eda hay que \u201csanear m\u00e1s\u201d el balance del Banco Central.\n<\/p>\n<p class=\"com-paragraph --s\">\u201cLa salida del cepo ya llegar\u00e1.<strong>&nbsp;No es cierto que no se puede crecer con cepo; ya lo estamos viendo que puede haber recuperaci\u00f3n. Vamos a salir tranquilos<\/strong>\u201d, reiter\u00f3. Tambi\u00e9n sostuvo el concepto de que la moneda \u201cfuerte\u201d ser\u00e1 el peso; \u201cen la competencia de monedas, ganar\u00e1 el peso\u201d.\n<\/p>\n<div class=\"g g-38\">\n<div class=\"g-dyn a-12 c-1\"><a class=\"gofollow\" data-track=\"MTIsMzgsMSw2MA==\" href=\"https:\/\/form.jotform.com\/240784464263663\" target=\"_blank\" rel=\"noopener\"><img src=\"http:\/\/cordobadirecto.com\/wp-content\/uploads\/2024\/08\/caputo-en-cordoba-sin-fecha-para-el-fin-del-cepo-asegura-que-esta-vez-sera-diferente-con-milei-y-el-orden-macro.jpg\" loading=\"lazy\"><\/a><\/div>\n<\/div>\n","protected":false},"excerpt":{"rendered":"<p>&nbsp; El ministro de Econom\u00eda, Luis \u00abToto\u00bb Caputo, se reuni\u00f3 este viernes 16 de agosto con m\u00e1s de 300 empresarios en la Bolsa de Comercio de C\u00f3rdoba, donde particip\u00f3 como expositor en los \u00abCiclos de Coyuntura\u00bb organizados por esta entidad bajo la presidencia de Manuel Tagle. El evento estuvo dirigido a miembros de la organizaci\u00f3n [&hellip;]<\/p>\n","protected":false},"author":1,"featured_media":154432,"comment_status":"closed","ping_status":"closed","sticky":false,"template":"","format":"standard","meta":[],"categories":[25],"tags":[],"_links":{"self":[{"href":"http:\/\/cordobadirecto.com\/index.php\/wp-json\/wp\/v2\/posts\/154431"}],"collection":[{"href":"http:\/\/cordobadirecto.com\/index.php\/wp-json\/wp\/v2\/posts"}],"about":[{"href":"http:\/\/cordobadirecto.com\/index.php\/wp-json\/wp\/v2\/types\/post"}],"author":[{"embeddable":true,"href":"http:\/\/cordobadirecto.com\/index.php\/wp-json\/wp\/v2\/users\/1"}],"replies":[{"embeddable":true,"href":"http:\/\/cordobadirecto.com\/index.php\/wp-json\/wp\/v2\/comments?post=154431"}],"version-history":[{"count":0,"href":"http:\/\/cordobadirecto.com\/index.php\/wp-json\/wp\/v2\/posts\/154431\/revisions"}],"wp:featuredmedia":[{"embeddable":true,"href":"http:\/\/cordobadirecto.com\/index.php\/wp-json\/wp\/v2\/media\/154432"}],"wp:attachment":[{"href":"http:\/\/cordobadirecto.com\/index.php\/wp-json\/wp\/v2\/media?parent=154431"}],"wp:term":[{"taxonomy":"category","embeddable":true,"href":"http:\/\/cordobadirecto.com\/index.php\/wp-json\/wp\/v2\/categories?post=154431"},{"taxonomy":"post_tag","embeddable":true,"href":"http:\/\/cordobadirecto.com\/index.php\/wp-json\/wp\/v2\/tags?post=154431"}],"curies":[{"name":"wp","href":"https:\/\/api.w.org\/{rel}","templated":true}]}}