{"id":154452,"date":"2024-08-17T22:14:51","date_gmt":"2024-08-17T22:14:51","guid":{"rendered":"https:\/\/www.ole.com.ar\/autos\/turismo-carretera-esteban-gini-entrevista-premio-millones-rafaela_0_ARpOGt94hQ.html"},"modified":"2024-08-17T22:14:51","modified_gmt":"2024-08-17T22:14:51","slug":"el-tubo-gini-con-ole-que-hizo-con-los-8-millones-de-rafaela-y-su-objetivo-en-el-campeonato","status":"publish","type":"post","link":"http:\/\/cordobadirecto.com\/index.php\/2024\/08\/17\/el-tubo-gini-con-ole-que-hizo-con-los-8-millones-de-rafaela-y-su-objetivo-en-el-campeonato\/","title":{"rendered":"El Tubo Gini con Ol\u00e9: qu\u00e9 hizo con los 8 millones de Rafaela y su objetivo en el campeonato"},"content":{"rendered":"<p><time class=\"createDate\" datetime=\"2024-08-17T19:14:51-03:00\">17\/08\/2024 19:14hs.<\/time><\/p>\n<div id=\"storyBody\">\n<div class=\"custom-text \" readability=\"34.233628318584\">\n<p>Nunca se olvida de la primera vez. Y mucho menos si tuvieron que pasar 107 carreras para sacar ese nudo que ten\u00eda atragantado en la garganta que le estaba impidiendo festejar una victoria en el <strong>Turismo Carretera<\/strong>. El 16 junio de este a\u00f1o, <strong>Esteban Gini<\/strong> <strong><a href=\"https:\/\/www.ole.com.ar\/autos\/esteban-gini-ledesma-ciantini-tc-turismo-carretera-rafaela-2024-hoy-vivo-carrera-millones-series-final_0_18NuvAesUB.html\" target=\"_blank\" title=\"gan\u00f3 en el \u00f3valo de Rafaela\" alt=\"gan\u00f3 en el \u00f3valo de Rafaela\" rel=\"noopener\">gan\u00f3 en el \u00f3valo de Rafaela<\/a><\/strong> y se llev\u00f3 m\u00e1s que un triunfo: tambi\u00e9n embols\u00f3 los <strong>ocho millones de pesos<\/strong> que entrega el certamen. Y poco m\u00e1s de dos meses despu\u00e9s, el Tubo charl\u00f3 con <strong>Ol\u00e9 <\/strong>en pleno <strong><a href=\"https:\/\/www.ole.com.ar\/autos\/tc-buenos-aires-galvez-facundo-chapur-pole-position_0_O1YFrnHlRS.html\" target=\"_blank\" title=\"Gran Premio de Buenos Aires\" alt=\"Gran Premio de Buenos Aires\" rel=\"noopener\">Gran Premio de Buenos Aires<\/a><\/strong>, correspondiente a la d\u00e9cima jornada que le bajar\u00e1 el tel\u00f3n a la etapa regular.<\/p>\n<\/div>\n<div class=\"custom-text \" readability=\"34\">\n<p><strong>-El TC est\u00e1 cumpliendo 87 a\u00f1os y vos formas parte de un grupo selecto de ganadores. Y no solo eso, sino que esta temporada te tiene como un referente de Toyota. \u00bfC\u00f3mo lo llevas?<\/strong><\/p>\n<\/div>\n<div class=\"custom-text \" readability=\"33\">\n<p>-Es producto del trabajo de todo el equipo: apostamos hace un a\u00f1o por la marca a la que muy pocos apostaban y pudimos hacer un buen trabajo que nos deja como referencia.<\/p>\n<\/div>\n<div class=\"sc-e7b891c4-0 jPbnQF\"><img alt=\"El festejo del Tubo en Rafaela. (Prensa ACTC)\" src=\"http:\/\/cordobadirecto.com\/wp-content\/uploads\/2024\/08\/el-tubo-gini-con-ole-que-hizo-con-los-8-millones-de-rafaela-y-su-objetivo-en-el-campeonato.jpg\" width=\"720\" height=\"100\" decoding=\"async\" data-nimg=\"future\" loading=\"lazy\"><span class=\"epigraphe\">El festejo del Tubo en Rafaela. (Prensa ACTC)<\/span><\/div>\n<div class=\"custom-text \" readability=\"32\">\n<p><strong>-Muchos colegas y fan\u00e1ticos de la categor\u00eda en general se alegraron por vos. \u00bfQu\u00e9 sentiste?<\/strong><\/p>\n<\/div>\n<div class=\"custom-text \" readability=\"40\">\n<p>-Siempre lo dije, m\u00e1s all\u00e1 de Ford, Chevrolet, Toyota o la marca que sea, sent\u00ed la pasi\u00f3n de la gente. Y eso es lo que nos une en el automovilismo argentino. En mi caso me saluda gente de Ford, de Torino, tengo buena onda con todos y se trata de disfrutar de las pasiones.<\/p>\n<\/div>\n<div class=\"custom-text \" readability=\"33\">\n<p><strong>-\u00bfQu\u00e9 hiciste con los ocho millones? \u00bfYa se gastaron, se invirtieron en el auto o se guardaron?<\/strong><\/p>\n<\/div>\n<div class=\"custom-text \" readability=\"37\">\n<p>-Hicimos unos buenos asados y disfrutamos un poco, M\u00e1s all\u00e1 de los festejos de la victoria, la primera para m\u00ed, seguimos trabajando. Hoy tenemos un auto nuevo y ya pensamos siempre en la pelea del campeonato.<\/p>\n<\/div>\n<div type=\"embed\" class=\"sc-3f46f5ae-0 djVTgz\">\n<div class=\"sc-3f46f5ae-1 fTjZec videoText\" id=\"contentTitleembedL7WHnTPG\" type=\"embed\"><svg fill=\"#ffffff\"><symbol id=\"play\" viewBox=\"0 0 512 512\"><path d=\"M512 256C512 397.4 397.4 512 256 512C114.6 512 0 397.4 0 256C0 114.6 114.6 0 256 0C397.4 0 512 114.6 512 256zM176 168V344C176 352.7 180.7 360.7 188.3 364.9C195.8 369.2 205.1 369 212.5 364.5L356.5 276.5C363.6 272.1 368 264.4 368 256C368 247.6 363.6 239.9 356.5 235.5L212.5 147.5C205.1 142.1 195.8 142.8 188.3 147.1C180.7 151.3 176 159.3 176 168V168z\" \/><\/symbol><use xlink:href=\"#play\" \/><\/svg><\/p>\n<div class=\"right\">\n<p>Turismo Carretera<!-- --> &#8211;<!-- --> <span>&nbsp;<\/span><\/p>\n<h2 class=\"title-vid\">Esteban Tubo Gini mano a mano con Ol\u00e9<\/h2>\n<\/div>\n<\/div>\n<p><span class=\"back\" id=\"spanBackembedL7WHnTPG\"><\/span><\/div>\n<p><h2><strong>\u00bfC\u00f3mo est\u00e1 Gini en el campeonato?<\/strong><\/h2>\n<\/p>\n<div class=\"custom-text \" readability=\"42\">\n<p>Transcurridas nueve jornadas, <strong>Gini marcha 7\u00ba en el torneo con 217 puntos<\/strong>. Por el momento, le saca 33 a Ricardo Risatti, quien es el primero en quedarse afuera de los 12 que disputar\u00e1n la Copa de Oro. Adem\u00e1s, el Tubo ya cumple con un requisito: haber ganado una carrera. <strong>&#8220;Nuestro objetivo es entrar al playoff&#8221;<\/strong>, dijo, al cierre de la entrevista. Y si bien en la clasificaci\u00f3n tuvo problemas y finaliz\u00f3 45\u00ba, tratar\u00e1 de recuperarse en la final del domingo para llegar a la meta.<\/p>\n<\/div>\n<div class=\"sc-a7166897-0 exHLBh\" readability=\"6.5\">\n<section readability=\"3\"><picture><img alt=\"Iribarne explic\u00f3 por qu\u00e9 plote\u00f3 su Camaro de Boca: &quot;Es un auto de Primera, ja&quot;\" src=\"http:\/\/cordobadirecto.com\/wp-content\/uploads\/2024\/08\/el-tubo-gini-con-ole-que-hizo-con-los-8-millones-de-rafaela-y-su-objetivo-en-el-campeonato-1.jpg\" width=\"290\" height=\"290\" decoding=\"async\" data-nimg=\"future\" loading=\"lazy\"><\/picture>\n<p><span>Mir\u00e1 tambi\u00e9n<\/span><\/p>\n<hr>\n<h3>Iribarne explic\u00f3 por qu\u00e9 plote\u00f3 su Camaro de Boca: &#8220;Es un auto de Primera, ja&#8221;<\/h3>\n<\/p>\n<\/section>\n<\/div>\n<div class=\"sc-a7166897-0 exHLBh\" readability=\"6\">\n<section readability=\"2\"><picture><img alt=\"Las cinco razones por las que la carrera del TC en Buenos Aires ser\u00e1 especial\" src=\"http:\/\/cordobadirecto.com\/wp-content\/uploads\/2024\/08\/el-tubo-gini-con-ole-que-hizo-con-los-8-millones-de-rafaela-y-su-objetivo-en-el-campeonato-2.jpg\" width=\"290\" height=\"290\" decoding=\"async\" data-nimg=\"future\" loading=\"lazy\"><\/picture>\n<p><span>Mir\u00e1 tambi\u00e9n<\/span><\/p>\n<hr>\n<h3>Las cinco razones por las que la carrera del TC en Buenos Aires ser\u00e1 especial<\/h3>\n<\/p>\n<\/section>\n<\/div>\n<\/div>\n","protected":false},"excerpt":{"rendered":"<p>17\/08\/2024 19:14hs. Nunca se olvida de la primera vez. Y mucho menos si tuvieron que pasar 107 carreras para sacar ese nudo que ten\u00eda atragantado en la garganta que le estaba impidiendo festejar una victoria en el Turismo Carretera. El 16 junio de este a\u00f1o, Esteban Gini gan\u00f3 en el \u00f3valo de Rafaela y se [&hellip;]<\/p>\n","protected":false},"author":1,"featured_media":154453,"comment_status":"closed","ping_status":"closed","sticky":false,"template":"","format":"standard","meta":[],"categories":[21],"tags":[],"_links":{"self":[{"href":"http:\/\/cordobadirecto.com\/index.php\/wp-json\/wp\/v2\/posts\/154452"}],"collection":[{"href":"http:\/\/cordobadirecto.com\/index.php\/wp-json\/wp\/v2\/posts"}],"about":[{"href":"http:\/\/cordobadirecto.com\/index.php\/wp-json\/wp\/v2\/types\/post"}],"author":[{"embeddable":true,"href":"http:\/\/cordobadirecto.com\/index.php\/wp-json\/wp\/v2\/users\/1"}],"replies":[{"embeddable":true,"href":"http:\/\/cordobadirecto.com\/index.php\/wp-json\/wp\/v2\/comments?post=154452"}],"version-history":[{"count":0,"href":"http:\/\/cordobadirecto.com\/index.php\/wp-json\/wp\/v2\/posts\/154452\/revisions"}],"wp:featuredmedia":[{"embeddable":true,"href":"http:\/\/cordobadirecto.com\/index.php\/wp-json\/wp\/v2\/media\/154453"}],"wp:attachment":[{"href":"http:\/\/cordobadirecto.com\/index.php\/wp-json\/wp\/v2\/media?parent=154452"}],"wp:term":[{"taxonomy":"category","embeddable":true,"href":"http:\/\/cordobadirecto.com\/index.php\/wp-json\/wp\/v2\/categories?post=154452"},{"taxonomy":"post_tag","embeddable":true,"href":"http:\/\/cordobadirecto.com\/index.php\/wp-json\/wp\/v2\/tags?post=154452"}],"curies":[{"name":"wp","href":"https:\/\/api.w.org\/{rel}","templated":true}]}}