{"id":154551,"date":"2024-08-21T03:20:57","date_gmt":"2024-08-21T03:20:57","guid":{"rendered":"https:\/\/puntoapunto.com.ar\/?p=364146"},"modified":"2024-08-21T03:20:57","modified_gmt":"2024-08-21T03:20:57","slug":"edicion-semanal-pintan-tu-negocio-los-detalles-y-planes-de-tintte","status":"publish","type":"post","link":"http:\/\/cordobadirecto.com\/index.php\/2024\/08\/21\/edicion-semanal-pintan-tu-negocio-los-detalles-y-planes-de-tintte\/","title":{"rendered":"Edici\u00f3n semanal: Pintan tu negocio (los detalles y planes de Tintte)"},"content":{"rendered":"<div class=\"g g-36\">\n<div class=\"g-dyn a-29 c-1\"><a class=\"gofollow\" data-track=\"MjksMzYsMSw2MA==\" href=\"https:\/\/www.harmoniechateau.com.ar\/\" target=\"_blank\" rel=\"noopener\"><img src=\"http:\/\/cordobadirecto.com\/wp-content\/uploads\/2024\/08\/edicion-semanal-pintan-tu-negocio-los-detalles-y-planes-de-tintte.gif\" loading=\"lazy\"><\/a><\/div>\n<\/div>\n<p>&nbsp;\n<\/p>\n<p>La startup cordobesa <strong>Tintte<\/strong> desarroll\u00f3<strong> colorantes org\u00e1nicos para reemplazar las tinturas petroqu\u00edmicas<\/strong> y revolucionar la industria textil. C\u00f3mo trabajan y los planes globales de emprendedores que<strong> ya est\u00e1n levantando capital y generando acuerdos con marcas.<\/strong><!-- \u00a1O bien no hay banners, estan desactivados o no estan programados para esta ubicaci\u00f3n! -->\n<\/p>\n<p><strong>Le\u00e9 la revista en tu dispositivo favorito<\/strong>\n<\/p>\n<p><a href=\"https:\/\/indd.adobe.com\/view\/41344885-442f-43da-b02d-0f8a8e6525b0\" target=\"_blank\" rel=\"noopener\"><img decoding=\"async\" class=\"alignnone wp-image-341569 size-full\" src=\"http:\/\/cordobadirecto.com\/wp-content\/uploads\/2024\/08\/edicion-semanal-pintan-tu-negocio-los-detalles-y-planes-de-tintte.jpg\" alt width=\"300\" height=\"80\" loading=\"lazy\"><\/a><img decoding=\"async\" class=\"alignnone size-full wp-image-341570\" src=\"http:\/\/cordobadirecto.com\/wp-content\/uploads\/2024\/08\/edicion-semanal-pintan-tu-negocio-los-detalles-y-planes-de-tintte-1.jpg\" alt width=\"300\" height=\"80\" loading=\"lazy\"><!-- \u00a1O bien no hay banners, estan desactivados o no estan programados para esta ubicaci\u00f3n! -->\n<\/p>\n<p><strong>Adem\u00e1s:<\/strong><\/p>\n<ul>\n<li><strong>Smart cities: C\u00f3rdoba lidera en Argentina pero quiere a posicionarse internacionalmente<\/strong><\/li>\n<\/ul>\n<p>Con pol\u00edticas p\u00fablicas innovadoras y una fuerte colaboraci\u00f3n entre el gobierno, el sector privado y la academia, la ciudad avanza en su posicionamiento en el mapa internacional de smart cities. Luc\u00eda Bellocchio, experta en el \u00e1rea, resalta el \u00e9xito de C\u00f3rdoba en la integraci\u00f3n de tecnolog\u00eda avanzada para mejorar la calidad de vida y la sostenibilidad.\n<\/p>\n<ul>\n<li><strong>MET, la comunidad que apunta a cerrar la brecha de g\u00e9nero en tecnolog\u00eda (ya capacit\u00f3 a m\u00e1s de 9 mil mujeres)<\/strong><\/li>\n<\/ul>\n<p>Soledad Salas, fundadora de MET, (Mujeres en Tecnolog\u00eda) lidera una iniciativa para empoderar a las mujeres en el sector, buscando cerrar la brecha de g\u00e9nero a trav\u00e9s de la educaci\u00f3n, la mentor\u00eda y la creaci\u00f3n de entornos laborales m\u00e1s equitativos.\n<\/p>\n<ul>\n<li><strong>Llega la segunda edici\u00f3n del Super Net: jueves 5 de septiembre (los detalles)<\/strong><\/li>\n<\/ul>\n<p>\u00a1Vuelve la segunda edici\u00f3n del Super NET, el evento insignia que une a Punto a Punto y Revista OCIO para celebrar sus aniversarios! La cita es el jueves 5 de septiembre a las 18:30 en el Hotel Quinto Centenario.\n<\/p>\n<ul>\n<li><strong>Afirman que los municipios tambi\u00e9n deber\u00edan adherir al blanqueo de Milei<\/strong><\/li>\n<\/ul>\n<p>As\u00ed, quienes se suman a la exteriorizaci\u00f3n de capitales tendr\u00edan la condonaci\u00f3n del pago de tasas extras por los bienes declarados en el marco del programa nacional.\n<\/p>\n<ul>\n<li><strong>Schiaretti crea su propia \u201cFundaci\u00f3n Mediterr\u00e1nea\u201d para asfaltar su proyecto nacional<\/strong><\/li>\n<\/ul>\n<p>Cre\u00f3 Ipresa, un centro de an\u00e1lisis para estudiar la macro econ\u00f3mica y social. Para difundir su proyecto y apalancar los trabajos pedir\u00e1 aportes a empresas y privados. Con aval de Llaryora, Siciliano se suma al equipo schiarettista lo que hace poner colorado a m\u00e1s de uno en el PJ de Capital.\n<\/p>\n<ul>\n<li><strong>Luces y sombras: mejoran las variables, pero el financiamiento no aparece<\/strong><\/li>\n<\/ul>\n<p>Un informe de Cohen &amp;amp; Asociados repasa c\u00f3mo viene la perfomance de las variables destacada, aunque remarca que el financiamiento externo para el programa econ\u00f3mico sigue siendo el obst\u00e1culo a salvar.\n<\/p>\n<div class=\"g g-38\">\n<div class=\"g-dyn a-12 c-1\"><a class=\"gofollow\" data-track=\"MTIsMzgsMSw2MA==\" href=\"https:\/\/form.jotform.com\/240784464263663\" target=\"_blank\" rel=\"noopener\"><img src=\"http:\/\/cordobadirecto.com\/wp-content\/uploads\/2024\/08\/edicion-semanal-pintan-tu-negocio-los-detalles-y-planes-de-tintte-2.jpg\" loading=\"lazy\"><\/a><\/div>\n<\/div>\n","protected":false},"excerpt":{"rendered":"<p>&nbsp; La startup cordobesa Tintte desarroll\u00f3 colorantes org\u00e1nicos para reemplazar las tinturas petroqu\u00edmicas y revolucionar la industria textil. C\u00f3mo trabajan y los planes globales de emprendedores que ya est\u00e1n levantando capital y generando acuerdos con marcas. Le\u00e9 la revista en tu dispositivo favorito Adem\u00e1s: Smart cities: C\u00f3rdoba lidera en Argentina pero quiere a posicionarse internacionalmente [&hellip;]<\/p>\n","protected":false},"author":1,"featured_media":154552,"comment_status":"closed","ping_status":"closed","sticky":false,"template":"","format":"standard","meta":[],"categories":[25],"tags":[],"_links":{"self":[{"href":"http:\/\/cordobadirecto.com\/index.php\/wp-json\/wp\/v2\/posts\/154551"}],"collection":[{"href":"http:\/\/cordobadirecto.com\/index.php\/wp-json\/wp\/v2\/posts"}],"about":[{"href":"http:\/\/cordobadirecto.com\/index.php\/wp-json\/wp\/v2\/types\/post"}],"author":[{"embeddable":true,"href":"http:\/\/cordobadirecto.com\/index.php\/wp-json\/wp\/v2\/users\/1"}],"replies":[{"embeddable":true,"href":"http:\/\/cordobadirecto.com\/index.php\/wp-json\/wp\/v2\/comments?post=154551"}],"version-history":[{"count":0,"href":"http:\/\/cordobadirecto.com\/index.php\/wp-json\/wp\/v2\/posts\/154551\/revisions"}],"wp:featuredmedia":[{"embeddable":true,"href":"http:\/\/cordobadirecto.com\/index.php\/wp-json\/wp\/v2\/media\/154552"}],"wp:attachment":[{"href":"http:\/\/cordobadirecto.com\/index.php\/wp-json\/wp\/v2\/media?parent=154551"}],"wp:term":[{"taxonomy":"category","embeddable":true,"href":"http:\/\/cordobadirecto.com\/index.php\/wp-json\/wp\/v2\/categories?post=154551"},{"taxonomy":"post_tag","embeddable":true,"href":"http:\/\/cordobadirecto.com\/index.php\/wp-json\/wp\/v2\/tags?post=154551"}],"curies":[{"name":"wp","href":"https:\/\/api.w.org\/{rel}","templated":true}]}}