{"id":154593,"date":"2024-08-21T13:58:35","date_gmt":"2024-08-21T13:58:35","guid":{"rendered":"https:\/\/cordoba.gob.ar\/?p=60540"},"modified":"2024-08-21T13:58:35","modified_gmt":"2024-08-21T13:58:35","slug":"la-magia-del-cine-une-a-cordoba-y-medellin","status":"publish","type":"post","link":"http:\/\/cordobadirecto.com\/index.php\/2024\/08\/21\/la-magia-del-cine-une-a-cordoba-y-medellin\/","title":{"rendered":"La magia del cine une a C\u00f3rdoba y Medell\u00edn"},"content":{"rendered":"<div><img src=\"http:\/\/cordobadirecto.com\/wp-content\/uploads\/2024\/08\/la-magia-del-cine-une-a-cordoba-y-medellin.jpg\" class=\"ff-og-image-inserted\"><\/div>\n<ul class=\"ak-ul\">\n<li><strong>Se proyectan pel\u00edculas locales en la ciudad colombiana y films del pa\u00eds hermano en el Cineclub Municipal.<\/strong><\/li>\n<li><strong>Este jueves ser\u00e1 el turno de Alis, a las 21:00 horas.<\/strong><\/li>\n<\/ul>\n<hr>\n<p>En un esfuerzo conjunto por fortalecer las relaciones bilaterales y promover la integraci\u00f3n regional entre Argentina y Colombia, la Embajada Colombiana en Argentina, la Municipalidad de C\u00f3rdoba y la Alcald\u00eda de Medell\u00edn han lanzado un proyecto de cooperaci\u00f3n cultural tripartito centrado en el cine.<\/p>\n<p>Este proyecto busca estrechar los lazos entre ambas ciudades y fomentar el entendimiento mutuo a trav\u00e9s de la proyecci\u00f3n de pel\u00edculas que reflejan la identidad y la cultura de cada regi\u00f3n.<\/p>\n<p>En este marco, el ciclo de proyecciones cordob\u00e9s que se titula \u00abMiradas de la Colombia Profunda\u00bb, proyectar\u00e1 este jueves 22 a las 21.00 horas en el Cineclub Municipal la pel\u00edcula \u201c<em>Alis\u201d<\/em> (2023, Directores: Nicol\u00e1s Van Hemelryck y Clare Weiskopf).<\/p>\n<p>Alis es una compa\u00f1era ficticia de un grupo de adolescentes que se encuentran en un centro de acogida. Las historias de Alis reflejan las experiencias vividas en las calles de Bogot\u00e1, convirti\u00e9ndola en un reflejo de sus propias vidas. Con sensibilidad y compasi\u00f3n, los realizadores muestran c\u00f3mo la ficci\u00f3n se entrelaza con la realidad para permitirles reflexionar sobre sus propias experiencias desde otra perspectiva.<\/p>\n<p>El jueves 29, tambi\u00e9n a las 21.00 horas, el Cineclub Municipal proyectar\u00e1 \u201cJeric\u00f3, el Infinito vuelo de los D\u00edas\u201d (2016, Directora: Catalina Mesa).<\/p>\n<p>Es un caleidoscopio de retratos \u00edntimos de mujeres del pueblo de Jeric\u00f3 en Antioquia, Colombia. A trav\u00e9s de un itinerario sensible y musical se tejen encuentros y conversaciones entre ellas, de edades y condiciones sociales diferentes.<\/p>\n<p>En C\u00f3rdoba, el ciclo cuenta con la curadur\u00eda y la presentaci\u00f3n de las pel\u00edculas de la directora Colombiana residente de La Docta, Juliana Botero Salas.<\/p>\n<p>Por su parte, el ciclo de proyecciones en Medell\u00edn, emite las siguientes pel\u00edculas:<\/p>\n<ul class=\"ak-ul\">\n<li><em>El Ciervo In\u00fatil<\/em> (2022, Director: Fernando Lacolla)<\/li>\n<li><em>Los Motivos<\/em> (2020, Directoras: In\u00e9s Mar\u00eda Barrionuevo y Gabriela Vidal)<\/li>\n<li><em>Siete Perros<\/em> (2021, Director: Rodrigo Guerrero)<\/li>\n<li><em>Paula<\/em> (2022, Directora: Florencia Wehbe)<\/li>\n<li><em>El Bandido<\/em> (2021, Director: Luciano Juncos)<\/li>\n<\/ul>\n<p>Este intercambio no s\u00f3lo refuerza los lazos entre C\u00f3rdoba y Colombia, sino que tambi\u00e9n busca mostrar en el exterior el talento y el arte de Cineastas cordobeses que trabajan d\u00eda a d\u00eda para poner el nombre de La Docta en lo m\u00e1s alto de la industria cinematogr\u00e1fica.<\/p>\n<p>Los equipos de las Secretar\u00edas de Cultura y de Integraci\u00f3n Regional y Vinculaci\u00f3n Institucional de la Municipalidad de C\u00f3rdoba han llevado adelante las acciones para concretar este intercambio que permite disfrutar y valorar el arte, la cultura, la identidad y seguir difundiendo el talento cordob\u00e9s.<\/p>\n","protected":false},"excerpt":{"rendered":"<p>Se proyectan pel\u00edculas locales en la ciudad colombiana y films del pa\u00eds hermano en el Cineclub Municipal. Este jueves ser\u00e1 el turno de Alis, a las 21:00 horas. En un esfuerzo conjunto por fortalecer las relaciones bilaterales y promover la integraci\u00f3n regional entre Argentina y Colombia, la Embajada Colombiana en Argentina, la Municipalidad de C\u00f3rdoba [&hellip;]<\/p>\n","protected":false},"author":1,"featured_media":154594,"comment_status":"closed","ping_status":"closed","sticky":false,"template":"","format":"standard","meta":[],"categories":[44],"tags":[],"_links":{"self":[{"href":"http:\/\/cordobadirecto.com\/index.php\/wp-json\/wp\/v2\/posts\/154593"}],"collection":[{"href":"http:\/\/cordobadirecto.com\/index.php\/wp-json\/wp\/v2\/posts"}],"about":[{"href":"http:\/\/cordobadirecto.com\/index.php\/wp-json\/wp\/v2\/types\/post"}],"author":[{"embeddable":true,"href":"http:\/\/cordobadirecto.com\/index.php\/wp-json\/wp\/v2\/users\/1"}],"replies":[{"embeddable":true,"href":"http:\/\/cordobadirecto.com\/index.php\/wp-json\/wp\/v2\/comments?post=154593"}],"version-history":[{"count":0,"href":"http:\/\/cordobadirecto.com\/index.php\/wp-json\/wp\/v2\/posts\/154593\/revisions"}],"wp:featuredmedia":[{"embeddable":true,"href":"http:\/\/cordobadirecto.com\/index.php\/wp-json\/wp\/v2\/media\/154594"}],"wp:attachment":[{"href":"http:\/\/cordobadirecto.com\/index.php\/wp-json\/wp\/v2\/media?parent=154593"}],"wp:term":[{"taxonomy":"category","embeddable":true,"href":"http:\/\/cordobadirecto.com\/index.php\/wp-json\/wp\/v2\/categories?post=154593"},{"taxonomy":"post_tag","embeddable":true,"href":"http:\/\/cordobadirecto.com\/index.php\/wp-json\/wp\/v2\/tags?post=154593"}],"curies":[{"name":"wp","href":"https:\/\/api.w.org\/{rel}","templated":true}]}}