{"id":154619,"date":"2024-08-17T17:51:20","date_gmt":"2024-08-17T17:51:20","guid":{"rendered":"https:\/\/www.ole.com.ar\/autos\/federico-iribarne-automovilismo-tc-auto-ploteo-boca-entrevista_0_kxVV6lyLzi.html"},"modified":"2024-08-17T17:51:20","modified_gmt":"2024-08-17T17:51:20","slug":"iribarne-explico-por-que-ploteo-su-camaro-de-boca-es-un-auto-de-primera-ja","status":"publish","type":"post","link":"http:\/\/cordobadirecto.com\/index.php\/2024\/08\/17\/iribarne-explico-por-que-ploteo-su-camaro-de-boca-es-un-auto-de-primera-ja\/","title":{"rendered":"Iribarne explic\u00f3 por qu\u00e9 plote\u00f3 su Camaro de Boca: &#8220;Es un auto de Primera, ja&#8221;"},"content":{"rendered":"<p><time class=\"createDate\" datetime=\"2024-08-17T14:51:20-03:00\">17\/08\/2024 14:51hs.<\/time><\/p>\n<div id=\"storyBody\">\n<div class=\"custom-text \" readability=\"33.980869565217\">\n<p><strong>Federico Iribarne<\/strong> caus\u00f3 furor en las redes sociales. Es que antes de una carrera especial como lo es una en el <strong><a href=\"https:\/\/www.ole.com.ar\/autos\/actividad-horarios-sabado-super-accion-tc-buenos-aires_0_PxTTd6PA9e.html\" target=\"_blank\" title=\"G\u00e1lvez de Buenos Aires\" alt=\"G\u00e1lvez de Buenos Aires\" rel=\"noopener\">G\u00e1lvez de Buenos Aires<\/a><\/strong>, el piloto de Lan\u00fas se la jug\u00f3 con el cambio de look que le meti\u00f3 a su Chevrolet Camaro: <strong><a href=\"https:\/\/www.ole.com.ar\/autos\/piloto-turismo-carretera-galvez-boca-federico-iribarne_0_2hYMFjpEyz.html\" target=\"_blank\" title=\"plote\u00f3 su auto con los colores y el escudo de Boca\" alt=\"plote\u00f3 su auto con los colores y el escudo de Boca\" rel=\"noopener\">plote\u00f3 su auto con los colores y el escudo de Boca<\/a><\/strong>, club del cual es hincha, y tambi\u00e9n se arm\u00f3 un traje que simula la camiseta blanca suplente. Y los comentarios y compartidos en las diferentes plataformas no se hicieron esperar. En ese sentido, <strong>Ol\u00e9 <\/strong>lo fue a buscar a su box para que contara las razones que lo llevaron a tomar esta decisi\u00f3n.<\/p>\n<\/div>\n<div class=\"custom-text \" readability=\"40\">\n<p>Con el azul y amarillo y una leyenda bien grande que dice <strong>&#8220;Xeneize&#8221;<\/strong>, el veh\u00edculo de nueva generaci\u00f3n con el n\u00famero 53 fue de lo m\u00e1s hablado en las tribunas del aut\u00f3dromo porte\u00f1o mientras se realizaba el primero de los dos entrenamientos que los pilotos tuvieron para probar la cinta asf\u00e1ltica. Y, seg\u00fan pudo escuchar <strong>Ol\u00e9 <\/strong>mientras realizaba diversas entrevistas por el predio, muchos fierreros de <strong>River <\/strong>dec\u00edan que el auto iba a andar bien en las serie pero que &#8220;iba a pechear en la final&#8221;. En efecto, Iribarne les contest\u00f3 en un di\u00e1logo con este medio: <strong>&#8220;Este es un auto de Primera, ja&#8221;<\/strong>.<\/p>\n<\/div>\n<div class=\"sc-e7b891c4-0 jPbnQF\"><img alt=\"Iribarne pos\u00f3 en Puerto Madero. (@actcargentina)\" src=\"http:\/\/cordobadirecto.com\/wp-content\/uploads\/2024\/08\/iribarne-explico-por-que-ploteo-su-camaro-de-boca-es-un-auto-de-primera-ja.jpg\" width=\"720\" height=\"100\" decoding=\"async\" data-nimg=\"future\" loading=\"lazy\"><span class=\"epigraphe\">Iribarne pos\u00f3 en Puerto Madero. (@actcargentina)<\/span><\/div>\n<div class=\"custom-text \" readability=\"33\">\n<p><strong>-Ya te conocen como el piloto bostero, \u00bfqu\u00e9 ten\u00e9s para decir al respecto?<\/strong><\/p>\n<\/div>\n<div class=\"custom-text \" readability=\"36\">\n<p>-Comparto mi pasi\u00f3n futbol\u00edstica con el automovilismo y espero no ofender a nadie, pero es lo que siento. Son mis colores y creo que es un deporte en el que se puede compartir la pasi\u00f3n, como sucede con Ford y Chevrolet.<\/p>\n<\/div>\n<div class=\"custom-text \" readability=\"32\">\n<p><strong>-\u00bfSos m\u00e1s fierrero o futbolero?<\/strong><\/p>\n<\/div>\n<div class=\"custom-text \" readability=\"34\">\n<p>-Es mi trabajo, pero me gusta mucho el futbol tambi\u00e9n: tengo amigos que juegan y he jugado de chico aunque me inclin\u00e9 mas para este lado.<\/p>\n<\/div>\n<div class=\"custom-text \" readability=\"32\">\n<p><strong>-\u00bfVa a venir alg\u00fan jugador de Boca a verte?<\/strong><\/p>\n<\/div>\n<div class=\"custom-text \" readability=\"34\">\n<p>-Ahora viene Nico Valentini que es amigo m\u00edo. A \u00e9l lo conozco de la vida, desde que tenemos 10 a\u00f1os.<\/p>\n<\/div>\n<div type=\"embed\" class=\"sc-3f46f5ae-0 djVTgz\">\n<div class=\"sc-3f46f5ae-1 fTjZec videoText\" id=\"contentTitleembedqmYQpyXQ\" type=\"embed\"><svg fill=\"#ffffff\"><symbol id=\"play\" viewBox=\"0 0 512 512\"><path d=\"M512 256C512 397.4 397.4 512 256 512C114.6 512 0 397.4 0 256C0 114.6 114.6 0 256 0C397.4 0 512 114.6 512 256zM176 168V344C176 352.7 180.7 360.7 188.3 364.9C195.8 369.2 205.1 369 212.5 364.5L356.5 276.5C363.6 272.1 368 264.4 368 256C368 247.6 363.6 239.9 356.5 235.5L212.5 147.5C205.1 142.1 195.8 142.8 188.3 147.1C180.7 151.3 176 159.3 176 168V168z\" \/><\/symbol><use xlink:href=\"#play\" \/><\/svg><\/p>\n<div class=\"right\">\n<p>TC2000<!-- --> &#8211;<!-- --> <span>&nbsp;<\/span><\/p>\n<h2 class=\"title-vid\">Federico Iribarne charl\u00f3 con Ol\u00e9 de su auto bostero <\/h2>\n<\/div>\n<\/div>\n<p><span class=\"back\" id=\"spanBackembedqmYQpyXQ\"><\/span><\/div>\n<div class=\"custom-text \" readability=\"32\">\n<p><strong>-\u00bfC\u00f3mo lo ves a Boca futbol\u00edsticamente?<\/strong><\/p>\n<\/div>\n<div class=\"custom-text \" readability=\"35\">\n<p>-Veo que encontr\u00f3 una idea con Diego Mart\u00ednez, espero que le vaya bien, todo bostero le desea el bien al equipo.<\/p>\n<\/div>\n<p><h2><strong>Cu\u00e1ndo es y c\u00f3mo ver la 10\u00aa Turismo Carretera<\/strong><\/h2>\n<\/p>\n<div class=\"custom-text \" readability=\"40\">\n<p>La actividad empez\u00f3 el s\u00e1bado con los entrenamientos. Luego, llegar\u00e1 la clasificaci\u00f3n, que se dividir\u00e1 en cuatro cuartos y que iniciar\u00e1n este mismo s\u00e1bado desde las 16. Ya el domingo habr\u00e1 tres series a cinco vueltas desde las 10.05, 10.30 y 10.55. Finalmente, a las 13.20 ser\u00e1 la final a 25 vueltas o 50 minutos. Las tandas de entrenamiento ir\u00e1n por DeporTV, mientras que la clasificaci\u00f3n y la carrera principal podr\u00e1n verse por TV P\u00fablica.<\/p>\n<\/div>\n<div class=\"sc-a7166897-0 exHLBh\" readability=\"6\">\n<section readability=\"2\"><picture><img alt=\"Horarios y actividad de un s\u00e1bado de s\u00faper acci\u00f3n del TC en Buenos Aires\" src=\"http:\/\/cordobadirecto.com\/wp-content\/uploads\/2024\/08\/iribarne-explico-por-que-ploteo-su-camaro-de-boca-es-un-auto-de-primera-ja-1.jpg\" width=\"290\" height=\"290\" decoding=\"async\" data-nimg=\"future\" loading=\"lazy\"><\/picture>\n<p><span>Mir\u00e1 tambi\u00e9n<\/span><\/p>\n<hr>\n<h3>Horarios y actividad de un s\u00e1bado de s\u00faper acci\u00f3n del TC en Buenos Aires<\/h3>\n<\/p>\n<\/section>\n<\/div>\n<div class=\"sc-a7166897-0 exHLBh\" readability=\"6\">\n<section readability=\"2\"><picture><img alt=\"Las cinco razones por las que la carrera del TC en Buenos Aires ser\u00e1 especial\" src=\"http:\/\/cordobadirecto.com\/wp-content\/uploads\/2024\/08\/iribarne-explico-por-que-ploteo-su-camaro-de-boca-es-un-auto-de-primera-ja-2.jpg\" width=\"290\" height=\"290\" decoding=\"async\" data-nimg=\"future\" loading=\"lazy\"><\/picture>\n<p><span>Mir\u00e1 tambi\u00e9n<\/span><\/p>\n<hr>\n<h3>Las cinco razones por las que la carrera del TC en Buenos Aires ser\u00e1 especial<\/h3>\n<\/p>\n<\/section>\n<\/div>\n<\/div>\n","protected":false},"excerpt":{"rendered":"<p>17\/08\/2024 14:51hs. Federico Iribarne caus\u00f3 furor en las redes sociales. Es que antes de una carrera especial como lo es una en el G\u00e1lvez de Buenos Aires, el piloto de Lan\u00fas se la jug\u00f3 con el cambio de look que le meti\u00f3 a su Chevrolet Camaro: plote\u00f3 su auto con los colores y el escudo [&hellip;]<\/p>\n","protected":false},"author":1,"featured_media":154620,"comment_status":"closed","ping_status":"closed","sticky":false,"template":"","format":"standard","meta":[],"categories":[21],"tags":[],"_links":{"self":[{"href":"http:\/\/cordobadirecto.com\/index.php\/wp-json\/wp\/v2\/posts\/154619"}],"collection":[{"href":"http:\/\/cordobadirecto.com\/index.php\/wp-json\/wp\/v2\/posts"}],"about":[{"href":"http:\/\/cordobadirecto.com\/index.php\/wp-json\/wp\/v2\/types\/post"}],"author":[{"embeddable":true,"href":"http:\/\/cordobadirecto.com\/index.php\/wp-json\/wp\/v2\/users\/1"}],"replies":[{"embeddable":true,"href":"http:\/\/cordobadirecto.com\/index.php\/wp-json\/wp\/v2\/comments?post=154619"}],"version-history":[{"count":0,"href":"http:\/\/cordobadirecto.com\/index.php\/wp-json\/wp\/v2\/posts\/154619\/revisions"}],"wp:featuredmedia":[{"embeddable":true,"href":"http:\/\/cordobadirecto.com\/index.php\/wp-json\/wp\/v2\/media\/154620"}],"wp:attachment":[{"href":"http:\/\/cordobadirecto.com\/index.php\/wp-json\/wp\/v2\/media?parent=154619"}],"wp:term":[{"taxonomy":"category","embeddable":true,"href":"http:\/\/cordobadirecto.com\/index.php\/wp-json\/wp\/v2\/categories?post=154619"},{"taxonomy":"post_tag","embeddable":true,"href":"http:\/\/cordobadirecto.com\/index.php\/wp-json\/wp\/v2\/tags?post=154619"}],"curies":[{"name":"wp","href":"https:\/\/api.w.org\/{rel}","templated":true}]}}