{"id":154621,"date":"2024-08-22T13:01:00","date_gmt":"2024-08-22T13:01:00","guid":{"rendered":"https:\/\/www.ole.com.ar\/futbol-ascenso\/ascenso-primeraa-nacional-ferro-david-gallardo_0_yXn37dxr7K.html"},"modified":"2024-08-22T13:01:00","modified_gmt":"2024-08-22T13:01:00","slug":"sonrie-ferro-un-refuerzo-proveniente-de-primera-esta-cerca-de-volver-al-club","status":"publish","type":"post","link":"http:\/\/cordobadirecto.com\/index.php\/2024\/08\/22\/sonrie-ferro-un-refuerzo-proveniente-de-primera-esta-cerca-de-volver-al-club\/","title":{"rendered":"Sonr\u00ede Ferro: un refuerzo proveniente de Primera est\u00e1 cerca de volver al club"},"content":{"rendered":"<p><time class=\"createDate\" datetime=\"2024-08-21T18:05:17-03:00\">21\/08\/2024 18:05hs.<\/time><\/p>\n<div id=\"storyBody\">\n<div class=\"custom-text \" readability=\"32.844919786096\">\n<p>El mercado de pases en la <a href=\"https:\/\/www.ole.com.ar\/tema\/primera-nacional.html\" title=\"Primera Nacional\" alt=\"Primera Nacional\" class=\"slug\">Primera Nacional<\/a> cerr\u00f3 hace algunos d\u00edas atr\u00e1s, pero a\u00fan hay ciertas novelas que siguen sin llegar a su episodio final. Una de ellas tiene a <a href=\"https:\/\/www.ole.com.ar\/tema\/ferro.html\" title=\"Ferro\" alt=\"Ferro\" class=\"slug\">Ferro<\/a> como protagonista y su trama es<strong> qui\u00e9n reemplazar\u00e1 a Gast\u00f3n Moreyra, volante ofensivo que fue vendido a <a href=\"https:\/\/www.ole.com.ar\/tema\/godoy-cruz.html\" title=\"Godoy Cruz\" alt=\"Godoy Cruz\" class=\"slug\">Godoy Cruz de Mendoza<\/a><\/strong>(por este motivo se le habilit\u00f3 tiempo extra al Verde para negociar). <\/p>\n<\/div>\n<div class=\"custom-text \" readability=\"36\">\n<p>Cabe destacar que <strong>la venta de Moreyra se cerr\u00f3 en una cifra cercana a los 400 mil d\u00f3lares por el 80% del pase<\/strong>. La Comisi\u00f3n Directiva sabe que cuenta con algunos d\u00edas m\u00e1s para cerrar a un reemplazante del mediocampista mencionado. As\u00ed lo indica el reglamento de la categor\u00eda, que <strong>hace menci\u00f3n a transferir o ceder futbolistas a equipos del exterior o de la Liga Profesional de F\u00fatbol. <\/strong><\/p>\n<\/div>\n<div class=\"sc-e7b891c4-0 jPbnQF\"><img alt=\"El reglamento de la Primera Nacional acerca del Mercado de Pases\" src=\"http:\/\/cordobadirecto.com\/wp-content\/uploads\/2024\/08\/sonrie-ferro-un-refuerzo-proveniente-de-primera-esta-cerca-de-volver-al-club.jpg\" width=\"720\" height=\"100\" decoding=\"async\" data-nimg=\"future\" loading=\"lazy\"><span class=\"epigraphe\">El reglamento de la Primera Nacional acerca del Mercado de Pases<\/span><\/div>\n<p><h2><strong>El jugador apuntado por Ferro<\/strong><\/h2>\n<\/p>\n<div class=\"custom-text \" readability=\"37\">\n<p>En este contexto, Oeste ya est\u00e1 trabajando para cerrar a la cara nueva del plantel que conduce Anibal Biggeri. <strong>Todos los ca\u00f1ones apuntan a David Gallardo, jugador con pasado en el club, que actualmente milita en Sarmiento de Jun\u00edn. <\/strong><\/p>\n<\/div>\n<div class=\"sc-e7b891c4-0 jPbnQF\"><img alt=\"David Gallardo, de Sarmiento, es el apuntado por Ferro (Prensa Sarmiento)\" src=\"http:\/\/cordobadirecto.com\/wp-content\/uploads\/2024\/08\/sonrie-ferro-un-refuerzo-proveniente-de-primera-esta-cerca-de-volver-al-club-1.jpg\" width=\"720\" height=\"100\" decoding=\"async\" data-nimg=\"future\" loading=\"lazy\"><span class=\"epigraphe\">David Gallardo, de Sarmiento, es el apuntado por Ferro (Prensa Sarmiento)<\/span><\/div>\n<div class=\"custom-text \" readability=\"36\">\n<p><strong>Ya hubo contactos entre las partes<\/strong> y fuentes cercanas a <strong>Ol\u00e9 <\/strong>confirmaron que <strong>puede darse en las pr\u00f3ximas horas<\/strong>. Se negocia un <strong>pr\u00e9stamo hasta diciembre del 2024<\/strong>, con opci\u00f3n a extenderlo por 12 meses m\u00e1s. En principio, el mismo ser\u00eda sin cargo y resta definir la opci\u00f3n de compra.<\/p>\n<\/div>\n<p><h2><strong>La actualidad de David Gallardo en Sarmiento de Jun\u00edn<\/strong><\/h2>\n<\/p>\n<div class=\"custom-text \" readability=\"39\">\n<p>El atacante, oriundo de Ca\u00f1ada de G\u00f3mez, <strong>disput\u00f3 12 partidos en lo que va del a\u00f1o.<\/strong> Los primeros siete tuvieron lugar en la Copa de la Liga, uno en Copa Argentina, mientras que los cuatro restantes corresponden a la Liga Profesional. <strong>Tan solo en dos de ellos fue titular. No registra goles ni asistencias. <\/strong><\/p>\n<\/div>\n<p><h2><strong>Viejos conocidos: la historia de Gallardo en el Verdolaga<\/strong><\/h2>\n<\/p>\n<div class=\"custom-text \" readability=\"38\">\n<p>David Gallardo <strong>form\u00f3 parte del plantel de Oeste en 2021<\/strong>, aquel equipo que alcanz\u00f3 las semifinales del Reducido y qued\u00f3 afuera ante Quilmes.<strong> En dicho curso disput\u00f3 36 encuentros (24 titularidades) y marc\u00f3 cuatro tantos<\/strong>: Instituto de C\u00f3rdoba, San Telmo, Independiente Rivadavia de Mendoza y Atl\u00e9tico de Rafaela fueron sus victimas.<\/p>\n<\/div>\n<div class=\"sc-e7b891c4-0 jPbnQF\"><img alt=\"David Gallardo jug\u00f3 en Ferro durante la temporada 2021\" src=\"http:\/\/cordobadirecto.com\/wp-content\/uploads\/2024\/08\/sonrie-ferro-un-refuerzo-proveniente-de-primera-esta-cerca-de-volver-al-club-2.jpg\" width=\"720\" height=\"100\" decoding=\"async\" data-nimg=\"future\" loading=\"lazy\"><span class=\"epigraphe\">David Gallardo jug\u00f3 en Ferro durante la temporada 2021<\/span><\/div>\n<p><h2><strong>As\u00ed fue el mercado de pases de Ferro<\/strong><\/h2>\n<\/p>\n<div class=\"custom-text \" readability=\"34\">\n<p> Sumado a la posible llegada de Gallardo, los de Caballito ya hab\u00edan incorporado <strong>cuatro refuerzos en el periodo de fichajes invernal: <\/strong><\/p>\n<\/div>\n<div class=\"custom-text \">\n<ul>\n<li>Mariano Monllor, arquero de 35 a\u00f1os proveniente de Independiente Rivadavia. <\/li>\n<li> Diego Mercado, mediocampista central de 24 a\u00f1os, desde Sportivo Trinidense de Paraguay. <\/li>\n<li>Franco Cac\u00e9res, volantes de 24, de \u00faltimo paso por Central C\u00f3rdoba de Santiago del Estero. <\/li>\n<li>Alexander Sosa, centrodelantero de 23 a\u00f1os, con pasado en Deportivo Riestra. <\/li>\n<\/ul>\n<\/div>\n<div class=\"sc-a7166897-0 exHLBh\" readability=\"6.5\">\n<section readability=\"3\"><picture><img alt=\"\u00bfHay alargue o penales en caso de empate en el global entre River y Talleres por la Libertadores?\" src=\"http:\/\/cordobadirecto.com\/wp-content\/uploads\/2024\/08\/sonrie-ferro-un-refuerzo-proveniente-de-primera-esta-cerca-de-volver-al-club-3.jpg\" width=\"290\" height=\"290\" decoding=\"async\" data-nimg=\"future\" loading=\"lazy\"><\/picture>\n<p><span>Mir\u00e1 tambi\u00e9n<\/span><\/p>\n<hr>\n<h3>\u00bfHay alargue o penales en caso de empate en el global entre River y Talleres por la Libertadores?<\/h3>\n<\/p>\n<\/section>\n<\/div>\n<div class=\"sc-a7166897-0 exHLBh\" readability=\"6\">\n<section readability=\"2\"><picture><img alt=\"Qu\u00e9 dijo Jorge Brito sobre la llegada de James Rodr\u00edguez a River\" src=\"http:\/\/cordobadirecto.com\/wp-content\/uploads\/2024\/08\/sonrie-ferro-un-refuerzo-proveniente-de-primera-esta-cerca-de-volver-al-club-4.jpg\" width=\"290\" height=\"290\" decoding=\"async\" data-nimg=\"future\" loading=\"lazy\"><\/picture>\n<p><span>Mir\u00e1 tambi\u00e9n<\/span><\/p>\n<hr>\n<h3>Qu\u00e9 dijo Jorge Brito sobre la llegada de James Rodr\u00edguez a River<\/h3>\n<\/p>\n<\/section>\n<\/div>\n<div class=\"sc-a7166897-0 exHLBh\" readability=\"8\">\n<section readability=\"6\"><picture><img alt=\"Cruzeiro ya picantea a Boca: &quot;Sabemos qu\u00e9 suceder\u00e1, confusi\u00f3n, tirarle el pelo a uno, decir tonter\u00edas...&quot;\" src=\"http:\/\/cordobadirecto.com\/wp-content\/uploads\/2024\/08\/sonrie-ferro-un-refuerzo-proveniente-de-primera-esta-cerca-de-volver-al-club-5.jpg\" width=\"290\" height=\"290\" decoding=\"async\" data-nimg=\"future\" loading=\"lazy\"><\/picture>\n<p><span>Mir\u00e1 tambi\u00e9n<\/span><\/p>\n<hr>\n<h3>Cruzeiro ya picantea a Boca: &#8220;Sabemos qu\u00e9 suceder\u00e1, confusi\u00f3n, tirarle el pelo a uno, decir tonter\u00edas&#8230;&#8221;<\/h3>\n<\/p>\n<\/section>\n<\/div>\n<div class=\"sc-a7166897-0 exHLBh\" readability=\"6.5\">\n<section readability=\"3\"><picture><img alt=\"Ni Boca ni River, Benjam\u00edn Dom\u00ednguez se acerca a Europa y la Champions\" src=\"http:\/\/cordobadirecto.com\/wp-content\/uploads\/2024\/08\/sonrie-ferro-un-refuerzo-proveniente-de-primera-esta-cerca-de-volver-al-club-6.jpg\" width=\"290\" height=\"290\" decoding=\"async\" data-nimg=\"future\" loading=\"lazy\"><\/picture>\n<p><span>Mir\u00e1 tambi\u00e9n<\/span><\/p>\n<hr>\n<h3>Ni Boca ni River, Benjam\u00edn Dom\u00ednguez se acerca a Europa y la Champions<\/h3>\n<\/p>\n<\/section>\n<\/div>\n<\/div>\n","protected":false},"excerpt":{"rendered":"<p>21\/08\/2024 18:05hs. El mercado de pases en la Primera Nacional cerr\u00f3 hace algunos d\u00edas atr\u00e1s, pero a\u00fan hay ciertas novelas que siguen sin llegar a su episodio final. Una de ellas tiene a Ferro como protagonista y su trama es qui\u00e9n reemplazar\u00e1 a Gast\u00f3n Moreyra, volante ofensivo que fue vendido a Godoy Cruz de Mendoza(por [&hellip;]<\/p>\n","protected":false},"author":1,"featured_media":154622,"comment_status":"closed","ping_status":"closed","sticky":false,"template":"","format":"standard","meta":[],"categories":[21],"tags":[],"_links":{"self":[{"href":"http:\/\/cordobadirecto.com\/index.php\/wp-json\/wp\/v2\/posts\/154621"}],"collection":[{"href":"http:\/\/cordobadirecto.com\/index.php\/wp-json\/wp\/v2\/posts"}],"about":[{"href":"http:\/\/cordobadirecto.com\/index.php\/wp-json\/wp\/v2\/types\/post"}],"author":[{"embeddable":true,"href":"http:\/\/cordobadirecto.com\/index.php\/wp-json\/wp\/v2\/users\/1"}],"replies":[{"embeddable":true,"href":"http:\/\/cordobadirecto.com\/index.php\/wp-json\/wp\/v2\/comments?post=154621"}],"version-history":[{"count":0,"href":"http:\/\/cordobadirecto.com\/index.php\/wp-json\/wp\/v2\/posts\/154621\/revisions"}],"wp:featuredmedia":[{"embeddable":true,"href":"http:\/\/cordobadirecto.com\/index.php\/wp-json\/wp\/v2\/media\/154622"}],"wp:attachment":[{"href":"http:\/\/cordobadirecto.com\/index.php\/wp-json\/wp\/v2\/media?parent=154621"}],"wp:term":[{"taxonomy":"category","embeddable":true,"href":"http:\/\/cordobadirecto.com\/index.php\/wp-json\/wp\/v2\/categories?post=154621"},{"taxonomy":"post_tag","embeddable":true,"href":"http:\/\/cordobadirecto.com\/index.php\/wp-json\/wp\/v2\/tags?post=154621"}],"curies":[{"name":"wp","href":"https:\/\/api.w.org\/{rel}","templated":true}]}}