{"id":154628,"date":"2024-08-22T20:30:32","date_gmt":"2024-08-22T20:30:32","guid":{"rendered":"https:\/\/es.digitaltrends.com\/?p=1037832"},"modified":"2024-08-22T20:30:32","modified_gmt":"2024-08-22T20:30:32","slug":"primer-trailer-para-the-lord-of-the-rings-the-war-of-the-rohirrim","status":"publish","type":"post","link":"http:\/\/cordobadirecto.com\/index.php\/2024\/08\/22\/primer-trailer-para-the-lord-of-the-rings-the-war-of-the-rohirrim\/","title":{"rendered":"Primer tr\u00e1iler para The Lord of the Rings: The War of the Rohirrim"},"content":{"rendered":"<div><img src=\"http:\/\/cordobadirecto.com\/wp-content\/uploads\/2024\/08\/primer-trailer-para-the-lord-of-the-rings-the-war-of-the-rohirrim.jpg\" class=\"ff-og-image-inserted\"><\/div>\n<p><a href=\"https:\/\/es.digitaltrends.com\/entretenimiento\/cate-blanchett-el-senor-de-los-anillos-sandwiches\/\"><strong>El Se\u00f1or de los Anillos<\/strong><\/a> regresa este segundo semestre de 2024 en gloria y majestad, ya que a finales de agosto se estrena la segunda temporada de <a href=\"https:\/\/es.digitaltrends.com\/entretenimiento\/el-senor-de-los-anillos-los-anillos-de-poder-trailer-extenso-temporada-2\/\"><strong>Los Anillos de Poder<\/strong> <\/a>y para fin de a\u00f1o est\u00e1 programado el estreno de la primera pel\u00edcula animada de la franquicia.<\/p>\n<p>Se trata de The Lord of the Rings: The War of the Rohirrim, que mostr\u00f3 su primer tr\u00e1iler este jueves 22 de agosto. Dirigida por Kenji Kamiyama, esta pel\u00edcula de anime llegar\u00e1 a los cines en diciembre.<\/p>\n<p><em>La Guerra de los Rohirrim<\/em>&nbsp;adapta una historia de la historia del reino de Rohan, descrita por Tolkien en los ap\u00e9ndices&nbsp;<em>de El Se\u00f1or de los Anillos<\/em>. Como explica el tr\u00e1iler, esta historia se desarrolla alrededor de 200 a\u00f1os antes de la Guerra del Anillo, tambi\u00e9n conocida como el conflicto contra Sauron detallado en&nbsp;<em>El Se\u00f1or de los Anillos&nbsp;<\/em>propiamente dicho. La narradora del tr\u00e1iler (y de la pel\u00edcula en s\u00ed) es Miranda Otto, quien originalmente interpret\u00f3 a Eowyn, doncella escudera de Rohan y asesina del Rey Brujo, en las adaptaciones&nbsp;<em>cinematogr\u00e1ficas de El Se\u00f1or de los Anillos<\/em>&nbsp;de Peter Jackson.<\/p>\n<div class=\"dtvideos-container\" data-provider=\"youtube\">\n<div class=\"dtvideos-details h-dtvideos-details-embed\">\n<div class=\"dtvideos-title\">The Lord of the Rings: The War of the Rohirrim | Official Trailer<\/div>\n<\/div>\n<\/div>\n<p><em>War of the Rohirrim trata sobre<\/em>&nbsp;un hombre que gobern\u00f3 Rohan mucho antes de la \u00e9poca de Eowyn: el legendario rey conocido como Helm Hammerhand (con la voz de Brian Cox). Cuando Freca (Shaun Dooley, el jefe de la vecina Dunland) propone que su hijo Wulf (Luke Pasqualino) se case con la hija de Helm, H\u00e8ra (Gaia Wise), Helm reacciona mal. Mata a Freca de un solo pu\u00f1etazo (oye, no lo llaman \u00abHammerhand\u00bb por nada) y Wulf jura venganza. Efectivamente, unos a\u00f1os m\u00e1s tarde, Wulf regresa con un ej\u00e9rcito de Dunlendings y pone a Rohan de rodillas. Helm y su gente buscan refugio en la fortaleza que un d\u00eda se llamar\u00e1 Abismo de Helm en su honor.<\/p>\n<p> <span id=\"publisher-md\" itemprop=\"publisher\" itemscope itemtype=\"https:\/\/schema.org\/Organization\"> <span itemprop=\"url\" itemtype=\"https:\/\/schema.org\/Url\" content=\"https:\/\/es.digitaltrends.com\"> <span itemprop=\"logo\" itemscope itemtype=\"https:\/\/schema.org\/ImageObject\"> <meta itemprop=\"url\" content=\"https:\/\/cdn.dtcn.com\/dt\/dt-logo-small.png\"> <meta itemprop=\"width\" content=\"0\"> <meta itemprop=\"height\" content=\"0\"> <\/span> <meta itemprop=\"name\" content=\"Digital Trends Espa\u00f1ol\"> <\/span> <span itemprop=\"image\" itemscope itemtype=\"https:\/\/schema.org\/ImageObject\"> <meta itemprop=\"url\" content=\"https:\/\/es.digitaltrends.com\/wp-content\/uploads\/2024\/08\/The-Lord-of-the-Rings-The-War-of-the-Rohirrim.jpeg?p=1\"> <\/span> <\/span> <\/p>\n","protected":false},"excerpt":{"rendered":"<p>El Se\u00f1or de los Anillos regresa este segundo semestre de 2024 en gloria y majestad, ya que a finales de agosto se estrena la segunda temporada de Los Anillos de Poder y para fin de a\u00f1o est\u00e1 programado el estreno de la primera pel\u00edcula animada de la franquicia. Se trata de The Lord of the [&hellip;]<\/p>\n","protected":false},"author":1,"featured_media":154629,"comment_status":"closed","ping_status":"closed","sticky":false,"template":"","format":"standard","meta":[],"categories":[18],"tags":[],"_links":{"self":[{"href":"http:\/\/cordobadirecto.com\/index.php\/wp-json\/wp\/v2\/posts\/154628"}],"collection":[{"href":"http:\/\/cordobadirecto.com\/index.php\/wp-json\/wp\/v2\/posts"}],"about":[{"href":"http:\/\/cordobadirecto.com\/index.php\/wp-json\/wp\/v2\/types\/post"}],"author":[{"embeddable":true,"href":"http:\/\/cordobadirecto.com\/index.php\/wp-json\/wp\/v2\/users\/1"}],"replies":[{"embeddable":true,"href":"http:\/\/cordobadirecto.com\/index.php\/wp-json\/wp\/v2\/comments?post=154628"}],"version-history":[{"count":0,"href":"http:\/\/cordobadirecto.com\/index.php\/wp-json\/wp\/v2\/posts\/154628\/revisions"}],"wp:featuredmedia":[{"embeddable":true,"href":"http:\/\/cordobadirecto.com\/index.php\/wp-json\/wp\/v2\/media\/154629"}],"wp:attachment":[{"href":"http:\/\/cordobadirecto.com\/index.php\/wp-json\/wp\/v2\/media?parent=154628"}],"wp:term":[{"taxonomy":"category","embeddable":true,"href":"http:\/\/cordobadirecto.com\/index.php\/wp-json\/wp\/v2\/categories?post=154628"},{"taxonomy":"post_tag","embeddable":true,"href":"http:\/\/cordobadirecto.com\/index.php\/wp-json\/wp\/v2\/tags?post=154628"}],"curies":[{"name":"wp","href":"https:\/\/api.w.org\/{rel}","templated":true}]}}