{"id":154640,"date":"2024-08-22T21:33:08","date_gmt":"2024-08-22T21:33:08","guid":{"rendered":"https:\/\/cordoba.gob.ar\/?p=60586"},"modified":"2024-08-22T21:33:08","modified_gmt":"2024-08-22T21:33:08","slug":"continuan-los-festejos-por-el-mes-de-las-infancias-en-el-hospital-principe-de-asturias-y-en-las-direcciones-de-especialidades-medicas","status":"publish","type":"post","link":"http:\/\/cordobadirecto.com\/index.php\/2024\/08\/22\/continuan-los-festejos-por-el-mes-de-las-infancias-en-el-hospital-principe-de-asturias-y-en-las-direcciones-de-especialidades-medicas\/","title":{"rendered":"Contin\u00faan los festejos por el Mes de las Infancias en el hospital Pr\u00edncipe de Asturias y en las Direcciones de Especialidades M\u00e9dicas"},"content":{"rendered":"<div><img src=\"http:\/\/cordobadirecto.com\/wp-content\/uploads\/2024\/08\/continuan-los-festejos-por-el-mes-de-las-infancias-en-el-hospital-principe-de-asturias-y-en-las-direcciones-de-especialidades-medicas.jpg\" class=\"ff-og-image-inserted\"><\/div>\n<ul class=\"ak-ul\">\n<li><strong>Hasta el viernes 30 se realizar\u00e1n diferentes propuestas para ni\u00f1os y ni\u00f1as en las 3 DEM.<\/strong><\/li>\n<li><strong>Ma\u00f1ana, el Asturias celebrar\u00e1 con feria de ciencias, shows en vivo, magia, concurso de baile y mucha diversi\u00f3n.<\/strong><\/li>\n<\/ul>\n<hr>\n<p>Continuando con los festejos por el mes de las Infancias y hasta el viernes 30 de agosto, ni\u00f1os y ni\u00f1as podr\u00e1n participar de entretenidas actividades que se llevar\u00e1n a cabo en las 3 Direcciones de Especialidades M\u00e9dicas.<\/p>\n<p>Bajo el lema \u201cPromoviendo un entorno Saludable\u201d, las Direcciones de Especialidades M\u00e9dicas prepararon una serie de actividades donde los pasillos y consultorios se convertir\u00e1n en escenarios de juegos, talleres y charlas dise\u00f1adas para que los ni\u00f1os aprendan a cuidarse mientras se divierten.<\/p>\n<p>En la DEM Oeste, los m\u00e1s peque\u00f1os tendr\u00e1n la oportunidad de participar en un taller sobre \u201cJuegos reciclados\u201d donde aprender\u00e1n a crear sus propios juguetes con materiales reciclados, promoviendo as\u00ed el cuidado del medio ambiente mientras desarrollan su creatividad.<\/p>\n<p>La DEM Norte, sum\u00e1ndose a esta iniciativa, realizar\u00e1 una jornada dedicada a la concienciaci\u00f3n ambiental. Bajo consigna \u201cCuidemos el ambiente\u201d, los participantes aprender\u00e1n sobre la importancia de proteger nuestro entorno, un tema que debe ser parte de la educaci\u00f3n desde los primeros a\u00f1os de vida.<\/p>\n<p>A su vez, en la DEM Centro, las actividades incluir\u00e1n talleres sobre educaci\u00f3n postural, un aspecto crucial en tiempos donde los ni\u00f1os pasan largas horas frente a pantallas. El correcto uso de mochilas y dispositivos m\u00f3viles ser\u00e1 el foco de una jornada que pretende prevenir problemas de salud a largo plazo.<\/p>\n<p>Tambi\u00e9n se trabajar\u00e1 en relaci\u00f3n a la importancia de la salud bucal con un taller pr\u00e1ctico sobre el cepillado de dientes, y en la identificaci\u00f3n de emociones a trav\u00e9s de la lectura del libro \u201cMonstruo de los colores\u201d, buscando un acercamiento integral al bienestar infantil.<\/p>\n<p>Adem\u00e1s, el Hospital Pr\u00edncipe de Asturias se suma a la propuesta celebrando a las infancias este viernes desde las 09:00 horas en su play\u00f3n, ubicado en la calle Defensa 1200, de barrio Villa El Libertador , con un mont\u00f3n de propuestas para disfrutar en familia y hasta pasado el mediod\u00eda.<\/p>\n<p>Estas actividades no solo tienen un car\u00e1cter festivo y a la vez preventivo, sino que tambi\u00e9n buscan generar un espacio de encuentro entre los profesionales de la salud y los peque\u00f1os pacientes, fortaleciendo su relaci\u00f3n y confianza.<\/p>\n<p><strong>Cronograma completo de actividades:<\/strong><\/p>\n<p><strong>Hospital Pr\u00edncipe de Asturias (Defensa 1200)<\/strong><\/p>\n<p>9:00-Feria de ciencias<br \/>09:30- Taller de Aerobic<br \/>10:00-Show de magia \u201cPedro Ponso\u201d<br \/>10:30-Concurso de baile \u201cKiti Kispe\u201d<br \/>11:00-Chiqui Tango<br \/>11:15-P\u00eda Velez<br \/>11:30-El nuevo Flow Argentino \u201cJuan Cruz\u201d<br \/>12:00-Bailando Reggeton con \u201cAlexis\u201d<br \/>12:15- Gran cierre \u201cJona\u201d, ganador talento de barrio Villa el Libertador<\/p>\n<p><strong>DEM Oeste (De\u00e1n Funes 2000)<\/strong><\/p>\n<p>Viernes 23\/08: \u201cJuegos Reciclados\u201d<br \/>De 08:30 a 10:30 hs. para ni\u00f1os de 0 a 5 a\u00f1os<br \/>De 10:30 a 12:30 para ni\u00f1os de 5 a 10 a\u00f1os<\/p>\n<p><strong>DEM Norte (Jujuy 3100)<\/strong><\/p>\n<p>De 9:30 a 11:30 : \u201cCuidemos el ambiente\u201d<\/p>\n<p>Se realizar\u00e1n juegos y actividades did\u00e1cticas y la proyecci\u00f3n del cuento \u201cUn \u00e1rbol\u201d con interacci\u00f3n con los ni\u00f1os sobre diferentes temas relacionados con los \u00e1rboles y sobre el mensaje del cuento. Desayuno compartido<\/p>\n<p><strong>DEM Centro (Sarmiento 480)<\/strong><\/p>\n<p>Lunes 26\/08: Educaci\u00f3n postural (uso de mochila y celular).<br \/>Horario: 10:00 a 12:00 hs.<\/p>\n<p>Martes 27\/08:<br \/>8:30 a 10:00 hs.: Proyecci\u00f3n de videos educativos y recreativos<br \/>10:00 a 12:00 hs :Taller \u201cSalud, Alimentaci\u00f3n y Diversi\u00f3n\u201d<\/p>\n<p>Mi\u00e9rcoles 28\/08:<br \/>10:00 a 12:00: Salud Bucal: \u201cNos cepillamos los dientes\u201d.<\/p>\n<p>Jueves 29\/08:<br \/>8:30 a 10:00: Proyecci\u00f3n de videos educativos y recreativos<br \/>10:00 a 12:00: Taller \u201cLenguaje y Emociones: Identificamos emociones a trav\u00e9s del libro \u2018Monstruo de los colores\u2019\u201d.<\/p>\n<p>Viernes 30\/08:<br \/>8:30 a 10:00: Proyecci\u00f3n de videos educativos y recreativos<br \/>10:00 a 12:00: Taller \u201cLavado de manos y su importancia como medida preventiva\u201d<\/p>\n","protected":false},"excerpt":{"rendered":"<p>Hasta el viernes 30 se realizar\u00e1n diferentes propuestas para ni\u00f1os y ni\u00f1as en las 3 DEM. Ma\u00f1ana, el Asturias celebrar\u00e1 con feria de ciencias, shows en vivo, magia, concurso de baile y mucha diversi\u00f3n. Continuando con los festejos por el mes de las Infancias y hasta el viernes 30 de agosto, ni\u00f1os y ni\u00f1as podr\u00e1n [&hellip;]<\/p>\n","protected":false},"author":1,"featured_media":154641,"comment_status":"closed","ping_status":"closed","sticky":false,"template":"","format":"standard","meta":[],"categories":[44],"tags":[],"_links":{"self":[{"href":"http:\/\/cordobadirecto.com\/index.php\/wp-json\/wp\/v2\/posts\/154640"}],"collection":[{"href":"http:\/\/cordobadirecto.com\/index.php\/wp-json\/wp\/v2\/posts"}],"about":[{"href":"http:\/\/cordobadirecto.com\/index.php\/wp-json\/wp\/v2\/types\/post"}],"author":[{"embeddable":true,"href":"http:\/\/cordobadirecto.com\/index.php\/wp-json\/wp\/v2\/users\/1"}],"replies":[{"embeddable":true,"href":"http:\/\/cordobadirecto.com\/index.php\/wp-json\/wp\/v2\/comments?post=154640"}],"version-history":[{"count":0,"href":"http:\/\/cordobadirecto.com\/index.php\/wp-json\/wp\/v2\/posts\/154640\/revisions"}],"wp:featuredmedia":[{"embeddable":true,"href":"http:\/\/cordobadirecto.com\/index.php\/wp-json\/wp\/v2\/media\/154641"}],"wp:attachment":[{"href":"http:\/\/cordobadirecto.com\/index.php\/wp-json\/wp\/v2\/media?parent=154640"}],"wp:term":[{"taxonomy":"category","embeddable":true,"href":"http:\/\/cordobadirecto.com\/index.php\/wp-json\/wp\/v2\/categories?post=154640"},{"taxonomy":"post_tag","embeddable":true,"href":"http:\/\/cordobadirecto.com\/index.php\/wp-json\/wp\/v2\/tags?post=154640"}],"curies":[{"name":"wp","href":"https:\/\/api.w.org\/{rel}","templated":true}]}}