{"id":154662,"date":"2024-08-22T23:08:59","date_gmt":"2024-08-22T23:08:59","guid":{"rendered":"https:\/\/www.ole.com.ar\/autos\/jorge-macri-autodromo-buenos-aires-oscar-juan-galvez-formula-1-indycar-motogp_0_ezXLHb3r3o.html"},"modified":"2024-08-22T23:08:59","modified_gmt":"2024-08-22T23:08:59","slug":"jorge-macri-hablo-sobre-la-posibilidad-de-que-el-galvez-reciba-a-la-formula-1","status":"publish","type":"post","link":"http:\/\/cordobadirecto.com\/index.php\/2024\/08\/22\/jorge-macri-hablo-sobre-la-posibilidad-de-que-el-galvez-reciba-a-la-formula-1\/","title":{"rendered":"Jorge Macri habl\u00f3 sobre la posibilidad de que el G\u00e1lvez reciba a la F\u00f3rmula 1"},"content":{"rendered":"<p><time class=\"createDate\" datetime=\"2024-08-22T20:08:59-03:00\">22\/08\/2024 20:08hs.<\/time><\/p>\n<div id=\"storyBody\">\n<div class=\"custom-text \" readability=\"40\">\n<p>El <strong>Aut\u00f3dromo de Buenos Aires <\/strong>est\u00e1 avanzando con el objetivo de recibir nuevamente a una categor\u00eda internacional del automovilismo, como en sus a\u00f1os dorados. <strong>Jorge Macri<\/strong>, jefe de Gobierno de la Ciudad de Buenos Aires, habl\u00f3 sobre la posibilidad de que el Oscar y Juan G\u00e1lvez, que alberg\u00f3 la reciente fecha del Turismo Carretera, vuelva a ser sede de una carrera de la elite del deporte motor.<\/p>\n<\/div>\n<div class=\"custom-text \" readability=\"41\">\n<p>&#8220;El a\u00f1o pasado hubo una gran inversi\u00f3n en cinta asf\u00e1ltica y este a\u00f1o se hizo en seguridad, por eso las v\u00edas de escape y el r\u00e1pido frenado de los autos. Este a\u00f1o, adem\u00e1s, estamos invirtiendo en comunicaci\u00f3n interna y fibra \u00f3ptica de primer nivel, porque <strong>apuntamos a traer categor\u00edas cada vez m\u00e1s demandantes<\/strong>&#8220;, asegur\u00f3 Macri sobre la puesta a punto del m\u00edtico circuito. Adem\u00e1s, agreg\u00f3 cauto: &#8220;Uno tiene que ponerse en ese est\u00e1ndar y esperar que la econom\u00eda acompa\u00f1e para tener una de esas categor\u00edas en Argentina&#8221;.<\/p>\n<\/div>\n<div class=\"sc-e7b891c4-0 jPbnQF\"><img alt=\"El Aut\u00f3dromo de Buenos Aires Oscar y Juan Galvez.\" src=\"http:\/\/cordobadirecto.com\/wp-content\/uploads\/2024\/08\/jorge-macri-hablo-sobre-la-posibilidad-de-que-el-galvez-reciba-a-la-formula-1.jpg\" width=\"720\" height=\"100\" decoding=\"async\" data-nimg=\"future\" loading=\"lazy\"><span class=\"epigraphe\">El Aut\u00f3dromo de Buenos Aires Oscar y Juan Galvez.<\/span><\/div>\n<div class=\"custom-text \" readability=\"41\">\n<p>Pensando a futuro y con nombres concretos, comunic\u00f3 las categor\u00edas con las que se baraj\u00f3 la chance de un Gran Premio en Buenos Aires: &#8220;<strong>Hubo charlas con gente de IndyCar, de F\u00f3rmula 1, de MotoGP<\/strong>\u2026 Este es un aut\u00f3dromo emblem\u00e1tico y, si logramos tener el est\u00e1ndar que queremos, vamos a poder so\u00f1ar con grandes cosas&#8221;. El campeonato de las motos ya arribar\u00e1 a nuestro pa\u00eds en 2025, pero ser\u00e1 en Termas de R\u00edo Hondo para llevar a cabo una de las etapas del calendario.<\/p>\n<\/div>\n<div class=\"custom-text \" readability=\"37\">\n<p>&#8220;Este aut\u00f3dromo tiene que estar en los est\u00e1ndares que merece. <strong>Ven\u00edamos de un aut\u00f3dromo 4 puntos y yo dir\u00eda que ahora est\u00e1 en 7, <\/strong>pero queda un camino por recorrer y lo vamos a recorrer juntos para que los fierreros puedan disfrutar&#8221;, asegur\u00f3 a Campeones, durante la \u00faltima cita del TC.<\/p>\n<\/div>\n<div class=\"custom-text \" readability=\"38\">\n<p>Sobre los sectores espec\u00edficos a mejorar para que lleguen torneos mundiales, coment\u00f3 que &#8220;primero hay que hacer las cosas, como las hicimos, pero luego est\u00e1 la <strong>capacidad de recibir al p\u00fablico, VIPs y sponsors <\/strong>por lo que la tira de boxes hay que realizarla nueva&#8221;.<\/p>\n<\/div>\n<div class=\"sc-e7b891c4-0 jPbnQF\"><img alt=\"\u00bfLlegar\u00e1 la F1 al G\u00e1lvez?\" src=\"http:\/\/cordobadirecto.com\/wp-content\/uploads\/2024\/08\/jorge-macri-hablo-sobre-la-posibilidad-de-que-el-galvez-reciba-a-la-formula-1-1.jpg\" width=\"720\" height=\"100\" decoding=\"async\" data-nimg=\"future\" loading=\"lazy\"><span class=\"epigraphe\">\u00bfLlegar\u00e1 la F1 al G\u00e1lvez?<\/span><\/div>\n<div class=\"custom-text \" readability=\"40\">\n<p>&#8220;Como la zona sur de la Ciudad es uno de los ejes a desarrollar y <strong>el Aut\u00f3dromo, junto a la Villa Ol\u00edmpica y el Parque Roca, son ejes de desarrollo,<\/strong> queremos que tengan actividad todo el tiempo como en otras partes del mundo, donde los aut\u00f3dromos se transformaron en lugares de espect\u00e1culos&#8221;, resalt\u00f3 a la zona deportiva de la Ciudad.<\/p>\n<\/div>\n<div class=\"custom-text \" readability=\"38\">\n<p>Adem\u00e1s, sum\u00f3 contundente: &#8220;Hay que hacer los n\u00fameros bien cuando uno toma un compromiso, porque <strong>a m\u00ed m\u00e1s que anunciar cosas, me gusta hacer<\/strong>. En todo caso, el primer paso es tener el aut\u00f3dromo en el est\u00e1ndar internacional y luego ver qui\u00e9n quiere venir&#8221;.<\/p>\n<\/div>\n<div class=\"custom-text \" readability=\"40\">\n<p>&#8220;En el eje de educaci\u00f3n t\u00e9cnica y de informaci\u00f3n para la tecnolog\u00eda actual de los autos, para los saberes, la educaci\u00f3n y el trabajo, <strong>nuestra idea es tener ac\u00e1 un sistema de educaci\u00f3n para ese desarrollo<\/strong> de nuevos saberes y tecnolog\u00eda&#8221;, cerr\u00f3 Macri, quien se ilusiona con un regreso del Gran Circo.<\/p>\n<\/div>\n<p><h2><strong>Las veces que el G\u00e1lvez recibi\u00f3 a la F\u00f3rmula 1 y otras categor\u00edas<\/strong><\/h2>\n<\/p>\n<div class=\"custom-text \" readability=\"42\">\n<p>El aut\u00f3dromo que se divide en hasta 14 circuitos distintos fue sede de la M\u00e1xima por primera vez en 1953 y tuvo campeones como <strong>Juan Manuel Fangio, Emerson Fitipaldi, Mario Andretti y el propio Michael Schumacher<\/strong>, quien vino en la \u00faltima visita de la categor\u00eda en 1998. Tambi\u00e9n se corrieron las <strong>2 horas de Buenos Aires <\/strong>del Turismo Carretera de 1993 a 1996, los <strong>100 kil\u00f3metros del TC <\/strong>en 2017 y 2018, 12 finales de los <strong>200 kil\u00f3metros de Buenos Aires del TC2000<\/strong>, y 10 carreras del <strong>Campeonato Mundial de Motociclismo <\/strong>(MotoGP), desde 1961 a 1999.<\/p>\n<\/div>\n<div class=\"sc-e7b891c4-0 jPbnQF\"><img alt=\"El Flaco Traverso en el G\u00e1lvez, en 1997.\" src=\"https:\/\/www.ole.com.ar\/images\/2024\/05\/11\/lfz14Krxs_720x0__1.jpg\" width=\"720\" height=\"100\" decoding=\"async\" data-nimg=\"future\" loading=\"lazy\"><span class=\"epigraphe\">El Flaco Traverso en el G\u00e1lvez, en 1997.<\/span><\/div>\n<div class=\"sc-a7166897-0 exHLBh\" readability=\"7.5\">\n<section readability=\"5\"><picture><img alt=\"Gast\u00f3n Mazzacane, piloto del TC y ex F1, fue denunciado por su ex pareja por abuso sexual\" src=\"http:\/\/cordobadirecto.com\/wp-content\/uploads\/2024\/08\/jorge-macri-hablo-sobre-la-posibilidad-de-que-el-galvez-reciba-a-la-formula-1-2.jpg\" width=\"290\" height=\"290\" decoding=\"async\" data-nimg=\"future\" loading=\"lazy\"><\/picture>\n<p><span>Mir\u00e1 tambi\u00e9n<\/span><\/p>\n<hr>\n<h3>Gast\u00f3n Mazzacane, piloto del TC y ex F1, fue denunciado por su ex pareja por abuso sexual<\/h3>\n<\/p>\n<\/section>\n<\/div>\n<div class=\"sc-a7166897-0 exHLBh\" readability=\"6\">\n<section readability=\"2\"><picture><img alt=\"Turismo Carretera: se definieron las sedes y fechas de la Copa de Oro\" src=\"http:\/\/cordobadirecto.com\/wp-content\/uploads\/2024\/08\/jorge-macri-hablo-sobre-la-posibilidad-de-que-el-galvez-reciba-a-la-formula-1-3.jpg\" width=\"290\" height=\"290\" decoding=\"async\" data-nimg=\"future\" loading=\"lazy\"><\/picture>\n<p><span>Mir\u00e1 tambi\u00e9n<\/span><\/p>\n<hr>\n<h3>Turismo Carretera: se definieron las sedes y fechas de la Copa de Oro<\/h3>\n<\/p>\n<\/section>\n<\/div>\n<div class=\"sc-a7166897-0 exHLBh\" readability=\"6\">\n<section readability=\"2\"><picture><img alt=\"La cr\u00edtica de una figura del TC: &quot;No se busca generar nuevos \u00eddolos&quot;\" src=\"http:\/\/cordobadirecto.com\/wp-content\/uploads\/2024\/08\/jorge-macri-hablo-sobre-la-posibilidad-de-que-el-galvez-reciba-a-la-formula-1-4.jpg\" width=\"290\" height=\"290\" decoding=\"async\" data-nimg=\"future\" loading=\"lazy\"><\/picture>\n<p><span>Mir\u00e1 tambi\u00e9n<\/span><\/p>\n<hr>\n<h3>La cr\u00edtica de una figura del TC: &#8220;No se busca generar nuevos \u00eddolos&#8221;<\/h3>\n<\/p>\n<\/section>\n<\/div>\n<\/div>\n","protected":false},"excerpt":{"rendered":"<p>22\/08\/2024 20:08hs. El Aut\u00f3dromo de Buenos Aires est\u00e1 avanzando con el objetivo de recibir nuevamente a una categor\u00eda internacional del automovilismo, como en sus a\u00f1os dorados. Jorge Macri, jefe de Gobierno de la Ciudad de Buenos Aires, habl\u00f3 sobre la posibilidad de que el Oscar y Juan G\u00e1lvez, que alberg\u00f3 la reciente fecha del Turismo [&hellip;]<\/p>\n","protected":false},"author":1,"featured_media":154663,"comment_status":"closed","ping_status":"closed","sticky":false,"template":"","format":"standard","meta":[],"categories":[21],"tags":[],"_links":{"self":[{"href":"http:\/\/cordobadirecto.com\/index.php\/wp-json\/wp\/v2\/posts\/154662"}],"collection":[{"href":"http:\/\/cordobadirecto.com\/index.php\/wp-json\/wp\/v2\/posts"}],"about":[{"href":"http:\/\/cordobadirecto.com\/index.php\/wp-json\/wp\/v2\/types\/post"}],"author":[{"embeddable":true,"href":"http:\/\/cordobadirecto.com\/index.php\/wp-json\/wp\/v2\/users\/1"}],"replies":[{"embeddable":true,"href":"http:\/\/cordobadirecto.com\/index.php\/wp-json\/wp\/v2\/comments?post=154662"}],"version-history":[{"count":0,"href":"http:\/\/cordobadirecto.com\/index.php\/wp-json\/wp\/v2\/posts\/154662\/revisions"}],"wp:featuredmedia":[{"embeddable":true,"href":"http:\/\/cordobadirecto.com\/index.php\/wp-json\/wp\/v2\/media\/154663"}],"wp:attachment":[{"href":"http:\/\/cordobadirecto.com\/index.php\/wp-json\/wp\/v2\/media?parent=154662"}],"wp:term":[{"taxonomy":"category","embeddable":true,"href":"http:\/\/cordobadirecto.com\/index.php\/wp-json\/wp\/v2\/categories?post=154662"},{"taxonomy":"post_tag","embeddable":true,"href":"http:\/\/cordobadirecto.com\/index.php\/wp-json\/wp\/v2\/tags?post=154662"}],"curies":[{"name":"wp","href":"https:\/\/api.w.org\/{rel}","templated":true}]}}