{"id":154666,"date":"2024-08-23T13:03:29","date_gmt":"2024-08-23T13:03:29","guid":{"rendered":"https:\/\/www.ole.com.ar\/futbol-ascenso\/ascenso-primera-nacional-atletico-rafaela-tecnico_0_mYWahUQwtG.html"},"modified":"2024-08-23T13:03:29","modified_gmt":"2024-08-23T13:03:29","slug":"un-hombre-de-la-casa-atletico-rafaela-confirmo-a-su-nuevo-entrenador","status":"publish","type":"post","link":"http:\/\/cordobadirecto.com\/index.php\/2024\/08\/23\/un-hombre-de-la-casa-atletico-rafaela-confirmo-a-su-nuevo-entrenador\/","title":{"rendered":"Un hombre de la casa: Atl\u00e9tico Rafaela confirm\u00f3 a su nuevo entrenador"},"content":{"rendered":"<p><time class=\"createDate\" datetime=\"2024-08-21T17:24:31-03:00\">21\/08\/2024 17:24hs.<\/time><\/p>\n<div id=\"storyBody\">\n<div class=\"custom-text \" readability=\"32.693798449612\">\n<p>Hab\u00eda que actuar r\u00e1pido. As\u00ed lo requer\u00eda un club con la importancia de <a href=\"https:\/\/www.ole.com.ar\/tema\/atletico-rafaela.html\" title=\"Atl\u00e9tico Rafaela\" alt=\"Atl\u00e9tico Rafaela\" class=\"slug\">Atl\u00e9tico Rafaela<\/a>. Y mucho m\u00e1s teniendo en cuenta el contexto deportivo, <strong>era imperiosa la necesidad de determinar quien se har\u00eda cargo del equipo<\/strong> tras la salida de Fabi\u00e1n Nardozza.<\/p>\n<\/div>\n<div class=\"custom-text \" readability=\"35\">\n<p>Pero la decisi\u00f3n ya est\u00e1 tomada: la Crema ya anunci\u00f3 que<strong> Iv\u00e1n Ju\u00e1rez ser\u00e1 el entrenador en lo que reste del torneo<\/strong> de la Primera Nacional. El hist\u00f3rico exjugador del club hab\u00eda llegado en mayo en medio de la crisis institucional para tomar el rol de Director Deportivo y este mi\u00e9rcoles ya tuvo su primer entrenamiento al mando del plantel.<\/p>\n<\/div>\n<div class=\"sc-e7b891c4-0 jPbnQF\"><img alt=\"Ju\u00e1rez ya tuvo su primer entrenamiento con el plantel (Prensa Atl\u00e9tico Rafaela)\" src=\"http:\/\/cordobadirecto.com\/wp-content\/uploads\/2024\/08\/un-hombre-de-la-casa-atletico-rafaela-confirmo-a-su-nuevo-entrenador.jpg\" width=\"720\" height=\"100\" decoding=\"async\" data-nimg=\"future\" loading=\"lazy\"><span class=\"epigraphe\">Ju\u00e1rez ya tuvo su primer entrenamiento con el plantel (Prensa Atl\u00e9tico Rafaela)<\/span><\/div>\n<div class=\"custom-text \" readability=\"36\">\n<p>Su cuerpo t\u00e9cnico estar\u00e1 formado con<strong> todos hombres de la casa<\/strong>: Franco Mendoza y Gonzalo Del Bono ser\u00e1n sus ayudantes de campo -ambos dirigieron de forma interina los entrenamientos del lunes y martes-, Eduardo Gentile y Alexis Andereggen los preparadores f\u00edsicos y Gabriel Dottori el entrenador de arqueros.<\/p>\n<\/div>\n<p><h2><strong>Uno que ya sabe lo que es estar en Atl\u00e9tico<\/strong><\/h2>\n<\/p>\n<div class=\"custom-text \" readability=\"38\">\n<p>La CD de la Crema opt\u00f3 por un apellido que tiene espalda por Rafaela. Claro, porque Ju\u00e1rez es, nada m\u00e1s ni nada menos, <strong>el jugador que m\u00e1s veces visti\u00f3 la camiseta de Atl\u00e9tico<\/strong>. Fueron 313 partidos en los que us\u00f3 la casaca del club, haciendo su debut como player el 25 de agosto de 2001.<\/p>\n<\/div>\n<div class=\"custom-text \" readability=\"38\">\n<p>Parad\u00f3jicamente, su estreno como det\u00e9 ser\u00e1 un 24 de agosto de 2024 -ante Defensores de Belgrano-, casi que 23 a\u00f1os exactos. Y no queda ah\u00ed, porque Ju\u00e1rez tambi\u00e9n <strong>es el cuarto goleador hist\u00f3rico de la Crema<\/strong> con 36 tantos, y fue parte de dos hitos que quedaron en los libros del club.<\/p>\n<\/div>\n<div class=\"sc-e7b891c4-0 jPbnQF\"><img alt=\"Ju\u00e1rez (izquierda) con Bovaglio, dos leyendas de la Crema (Prensa Atl\u00e9tico Rafaela)\" src=\"http:\/\/cordobadirecto.com\/wp-content\/uploads\/2024\/08\/un-hombre-de-la-casa-atletico-rafaela-confirmo-a-su-nuevo-entrenador-1.jpg\" width=\"720\" height=\"100\" decoding=\"async\" data-nimg=\"future\" loading=\"lazy\"><span class=\"epigraphe\">Ju\u00e1rez (izquierda) con Bovaglio, dos leyendas de la Crema (Prensa Atl\u00e9tico Rafaela)<\/span><\/div>\n<div class=\"custom-text \" readability=\"37\">\n<p>Se trata de <strong>los ascensos del 2003 y el 2011 a la m\u00e1xima categor\u00eda<\/strong> del f\u00fatbol argentino. El primero, venciendo a San Mart\u00edn de Mendoza y haciendo que el club juegue por primera vez en la Primera Divisi\u00f3n. Ocho a\u00f1os m\u00e1s tarde, arrasando en la vieja B Nacional y consagr\u00e1ndose campe\u00f3n para lograr el segundo ascenso a la \u00e9lite nacional.<\/p>\n<\/div>\n<p><h2><strong>Se suma a la lista<\/strong><\/h2>\n<\/p>\n<div class=\"custom-text \" readability=\"33.088737201365\">\n<p>La oficializaci\u00f3n de Ju\u00e1rez convierte a Atl\u00e9tico en <strong>el equipo que m\u00e1s entrenadores tuvo durante la corriente temporada <\/strong>de la <a href=\"https:\/\/www.ole.com.ar\/tema\/primera-nacional.html\" title=\"Primera Nacional\" alt=\"Primera Nacional\" class=\"slug\">Primera Nacional<\/a>: los anteriores fueorn Ezequiel Medr\u00e1n -hoy en Gimnasia de Mendoza-, Ricardo Pancaldo -hoy en Chaco For Ever- y el ya mencionado Fabi\u00e1n Nardozza.<\/p>\n<\/div>\n<div class=\"custom-text \" readability=\"37\">\n<p>Previamente <strong>compart\u00eda esa estad\u00edstica con Almirante Brown<\/strong> -que tiene a Baz\u00e1n Vera en la cuerda floja-. Por lo pronto, la idea es que el flamante det\u00e9 de la Crema culmine con el actual torneo, y l\u00f3gicamente, pueda dar vuelta la p\u00e1gina en esta dif\u00edcil situaci\u00f3n.<\/p>\n<\/div>\n<div class=\"sc-a7166897-0 exHLBh\" readability=\"6\">\n<section readability=\"2\"><picture><img alt=\"Los 181 refuerzos y la extensi\u00f3n del mercado de pases\" src=\"http:\/\/cordobadirecto.com\/wp-content\/uploads\/2024\/08\/un-hombre-de-la-casa-atletico-rafaela-confirmo-a-su-nuevo-entrenador-2.jpg\" width=\"290\" height=\"290\" decoding=\"async\" data-nimg=\"future\" loading=\"lazy\"><\/picture>\n<p><span>Mir\u00e1 tambi\u00e9n<\/span><\/p>\n<hr>\n<h3>Los 181 refuerzos y la extensi\u00f3n del mercado de pases<\/h3>\n<\/p>\n<\/section>\n<\/div>\n<div class=\"sc-a7166897-0 exHLBh\" readability=\"7\">\n<section readability=\"4\"><picture><img alt=\"Roberto Ayala, con Ol\u00e9: &quot;Estamos intentando que estos jugadores no se cansen de ganar&quot;\" src=\"http:\/\/cordobadirecto.com\/wp-content\/uploads\/2024\/08\/un-hombre-de-la-casa-atletico-rafaela-confirmo-a-su-nuevo-entrenador-3.jpg\" width=\"290\" height=\"290\" decoding=\"async\" data-nimg=\"future\" loading=\"lazy\"><\/picture>\n<p><span>Mir\u00e1 tambi\u00e9n<\/span><\/p>\n<hr>\n<h3>Roberto Ayala, con Ol\u00e9: &#8220;Estamos intentando que estos jugadores no se cansen de ganar&#8221;<\/h3>\n<\/p>\n<\/section>\n<\/div>\n<div class=\"sc-a7166897-0 exHLBh\" readability=\"7\">\n<section readability=\"4\"><picture><img alt=\"San Pablo vs. Nacional, por la Copa Libertadores: d\u00eda, hora y c\u00f3mo ver por TV\" src=\"http:\/\/cordobadirecto.com\/wp-content\/uploads\/2024\/08\/un-hombre-de-la-casa-atletico-rafaela-confirmo-a-su-nuevo-entrenador-4.jpg\" width=\"290\" height=\"290\" decoding=\"async\" data-nimg=\"future\" loading=\"lazy\"><\/picture>\n<p><span>Mir\u00e1 tambi\u00e9n<\/span><\/p>\n<hr>\n<h3>San Pablo vs. Nacional, por la Copa Libertadores: d\u00eda, hora y c\u00f3mo ver por TV<\/h3>\n<\/p>\n<\/section>\n<\/div>\n<div class=\"sc-a7166897-0 exHLBh\" readability=\"6.5\">\n<section readability=\"3\"><picture><img alt=\"Sin Cavani, Boca viaja a Brasil para buscar el pase a cuartos de la Sudamericana\" src=\"http:\/\/cordobadirecto.com\/wp-content\/uploads\/2024\/08\/un-hombre-de-la-casa-atletico-rafaela-confirmo-a-su-nuevo-entrenador-5.jpg\" width=\"290\" height=\"290\" decoding=\"async\" data-nimg=\"future\" loading=\"lazy\"><\/picture>\n<p><span>Mir\u00e1 tambi\u00e9n<\/span><\/p>\n<hr>\n<h3>Sin Cavani, Boca viaja a Brasil para buscar el pase a cuartos de la Sudamericana<\/h3>\n<\/p>\n<\/section>\n<\/div>\n<\/div>\n","protected":false},"excerpt":{"rendered":"<p>21\/08\/2024 17:24hs. Hab\u00eda que actuar r\u00e1pido. As\u00ed lo requer\u00eda un club con la importancia de Atl\u00e9tico Rafaela. Y mucho m\u00e1s teniendo en cuenta el contexto deportivo, era imperiosa la necesidad de determinar quien se har\u00eda cargo del equipo tras la salida de Fabi\u00e1n Nardozza. Pero la decisi\u00f3n ya est\u00e1 tomada: la Crema ya anunci\u00f3 que [&hellip;]<\/p>\n","protected":false},"author":1,"featured_media":154667,"comment_status":"closed","ping_status":"closed","sticky":false,"template":"","format":"standard","meta":[],"categories":[21],"tags":[],"_links":{"self":[{"href":"http:\/\/cordobadirecto.com\/index.php\/wp-json\/wp\/v2\/posts\/154666"}],"collection":[{"href":"http:\/\/cordobadirecto.com\/index.php\/wp-json\/wp\/v2\/posts"}],"about":[{"href":"http:\/\/cordobadirecto.com\/index.php\/wp-json\/wp\/v2\/types\/post"}],"author":[{"embeddable":true,"href":"http:\/\/cordobadirecto.com\/index.php\/wp-json\/wp\/v2\/users\/1"}],"replies":[{"embeddable":true,"href":"http:\/\/cordobadirecto.com\/index.php\/wp-json\/wp\/v2\/comments?post=154666"}],"version-history":[{"count":0,"href":"http:\/\/cordobadirecto.com\/index.php\/wp-json\/wp\/v2\/posts\/154666\/revisions"}],"wp:featuredmedia":[{"embeddable":true,"href":"http:\/\/cordobadirecto.com\/index.php\/wp-json\/wp\/v2\/media\/154667"}],"wp:attachment":[{"href":"http:\/\/cordobadirecto.com\/index.php\/wp-json\/wp\/v2\/media?parent=154666"}],"wp:term":[{"taxonomy":"category","embeddable":true,"href":"http:\/\/cordobadirecto.com\/index.php\/wp-json\/wp\/v2\/categories?post=154666"},{"taxonomy":"post_tag","embeddable":true,"href":"http:\/\/cordobadirecto.com\/index.php\/wp-json\/wp\/v2\/tags?post=154666"}],"curies":[{"name":"wp","href":"https:\/\/api.w.org\/{rel}","templated":true}]}}