{"id":154668,"date":"2024-08-22T20:57:20","date_gmt":"2024-08-22T20:57:20","guid":{"rendered":"https:\/\/es.digitaltrends.com\/?p=1037837"},"modified":"2024-08-22T20:57:20","modified_gmt":"2024-08-22T20:57:20","slug":"instagram-resucita-a-myspace-con-esta-particular-funcion","status":"publish","type":"post","link":"http:\/\/cordobadirecto.com\/index.php\/2024\/08\/22\/instagram-resucita-a-myspace-con-esta-particular-funcion\/","title":{"rendered":"Instagram resucita a MySpace con esta particular funci\u00f3n"},"content":{"rendered":"<figure id=\"attachment_1037841\" aria-describedby=\"caption-attachment-1037841\" class=\"wp-caption alignnone\"><img src=\"http:\/\/cordobadirecto.com\/wp-content\/uploads\/2024\/08\/instagram-resucita-a-myspace-con-esta-particular-funcion.jpg\" data-dt-lazy-src=\"http:\/\/cordobadirecto.com\/wp-content\/uploads\/2024\/08\/instagram-resucita-a-myspace-con-esta-particular-funcion.jpg\" fetchpriority=\"high\" decoding=\"async\" class=\" size-full wp-image-1037841 h-lightbox is-zoomable dt-lazy-no\" alt srcset=\"http:\/\/cordobadirecto.com\/wp-content\/uploads\/2024\/08\/instagram-resucita-a-myspace-con-esta-particular-funcion-1.jpg 414w, http:\/\/cordobadirecto.com\/wp-content\/uploads\/2024\/08\/instagram-resucita-a-myspace-con-esta-particular-funcion.jpg\" sizes=\"(max-width: 650px) 414px\"><figcaption id=\"caption-attachment-1037841\" class=\"wp-caption-text\"><span class=\"credit\">Imagen utilizada con permiso del titular de los derechos de autor<\/span><\/figcaption><\/figure>\n<p><a href=\"https:\/\/es.digitaltrends.com\/sociales\/como-desbloquear-a-alguien-en-instagram\/\"><strong>Instagram<\/strong><\/a> quiere que la m\u00fasica y las canciones sean un componente principal a la hora de mostrar tus estados de \u00e1nimo en la aplicaci\u00f3n, por eso est\u00e1 copiando una caracter\u00edstica que hizo muy popular la extinta red social <a href=\"https:\/\/es.digitaltrends.com\/computadoras\/fundadores-myspace-quieren-tu-selfie\/\">MySpace<\/a>.<\/p>\n<p>Se trata de colocar una canci\u00f3n en tu perfil, justo debajo de la foto y por supuesto el requisito es que est\u00e9 en el cat\u00e1logo de Instagram y que se podr\u00e1 reproducir por solo un espacio de tiempo.<\/p>\n<p>Una canci\u00f3n aparecer\u00e1 en un perfil hasta que el usuario la elimine o la reemplace. Pero a diferencia de Myspace, las canciones no se reproducen autom\u00e1ticamente: las personas que ven un perfil con una canci\u00f3n pueden reproducir y pausar la pista.<\/p>\n<p class=\"duet--article--dangerously-set-cms-markup duet--article--standard-paragraph mb-20 font-fkroman text-18 leading-160 -tracking-1 selection:bg-franklin-20 dark:text-white dark:selection:bg-blurple [&amp;_a:hover]:shadow-highlight-franklin dark:[&amp;_a:hover]:shadow-highlight-blurple [&amp;_a]:shadow-underline-black dark:[&amp;_a]:shadow-underline-white\">Los usuarios pueden agregar una canci\u00f3n yendo a la p\u00e1gina \u00abeditar perfil\u00bb, donde podr\u00e1n buscar y seleccionar una pista de la biblioteca de m\u00fasica con licencia de Instagram que tambi\u00e9n est\u00e1 disponible para cosas como Reels o publicaciones. A partir de ah\u00ed, los usuarios podr\u00e1n seleccionar una parte de la canci\u00f3n de 30 segundos de duraci\u00f3n para agregarla.<\/p>\n<p class=\"duet--article--dangerously-set-cms-markup duet--article--standard-paragraph mb-20 font-fkroman text-18 leading-160 -tracking-1 selection:bg-franklin-20 dark:text-white dark:selection:bg-blurple [&amp;_a:hover]:shadow-highlight-franklin dark:[&amp;_a:hover]:shadow-highlight-blurple [&amp;_a]:shadow-underline-black dark:[&amp;_a]:shadow-underline-white\">Instagram est\u00e1 lanzando la funci\u00f3n en colaboraci\u00f3n con la estrella del pop Sabrina Carpenter.<\/p>\n<p> <span id=\"publisher-md\" itemprop=\"publisher\" itemscope itemtype=\"https:\/\/schema.org\/Organization\"> <span itemprop=\"url\" itemtype=\"https:\/\/schema.org\/Url\" content=\"https:\/\/es.digitaltrends.com\"> <span itemprop=\"logo\" itemscope itemtype=\"https:\/\/schema.org\/ImageObject\"> <meta itemprop=\"url\" content=\"https:\/\/cdn.dtcn.com\/dt\/dt-logo-small.png\"> <meta itemprop=\"width\" content=\"0\"> <meta itemprop=\"height\" content=\"0\"> <\/span> <meta itemprop=\"name\" content=\"Digital Trends Espa\u00f1ol\"> <\/span> <span itemprop=\"image\" itemscope itemtype=\"https:\/\/schema.org\/ImageObject\"> <meta itemprop=\"url\" content=\"https:\/\/es.digitaltrends.com\/wp-content\/uploads\/2024\/08\/Instagram-cancion.jpg?p=1\"> <\/span> <\/span> <\/p>\n","protected":false},"excerpt":{"rendered":"<p>Imagen utilizada con permiso del titular de los derechos de autor Instagram quiere que la m\u00fasica y las canciones sean un componente principal a la hora de mostrar tus estados de \u00e1nimo en la aplicaci\u00f3n, por eso est\u00e1 copiando una caracter\u00edstica que hizo muy popular la extinta red social MySpace. Se trata de colocar una [&hellip;]<\/p>\n","protected":false},"author":1,"featured_media":154669,"comment_status":"closed","ping_status":"closed","sticky":false,"template":"","format":"standard","meta":[],"categories":[26],"tags":[],"_links":{"self":[{"href":"http:\/\/cordobadirecto.com\/index.php\/wp-json\/wp\/v2\/posts\/154668"}],"collection":[{"href":"http:\/\/cordobadirecto.com\/index.php\/wp-json\/wp\/v2\/posts"}],"about":[{"href":"http:\/\/cordobadirecto.com\/index.php\/wp-json\/wp\/v2\/types\/post"}],"author":[{"embeddable":true,"href":"http:\/\/cordobadirecto.com\/index.php\/wp-json\/wp\/v2\/users\/1"}],"replies":[{"embeddable":true,"href":"http:\/\/cordobadirecto.com\/index.php\/wp-json\/wp\/v2\/comments?post=154668"}],"version-history":[{"count":0,"href":"http:\/\/cordobadirecto.com\/index.php\/wp-json\/wp\/v2\/posts\/154668\/revisions"}],"wp:featuredmedia":[{"embeddable":true,"href":"http:\/\/cordobadirecto.com\/index.php\/wp-json\/wp\/v2\/media\/154669"}],"wp:attachment":[{"href":"http:\/\/cordobadirecto.com\/index.php\/wp-json\/wp\/v2\/media?parent=154668"}],"wp:term":[{"taxonomy":"category","embeddable":true,"href":"http:\/\/cordobadirecto.com\/index.php\/wp-json\/wp\/v2\/categories?post=154668"},{"taxonomy":"post_tag","embeddable":true,"href":"http:\/\/cordobadirecto.com\/index.php\/wp-json\/wp\/v2\/tags?post=154668"}],"curies":[{"name":"wp","href":"https:\/\/api.w.org\/{rel}","templated":true}]}}