{"id":154676,"date":"2024-08-23T14:22:08","date_gmt":"2024-08-23T14:22:08","guid":{"rendered":"http:\/\/cordobadirecto.com\/index.php\/2024\/08\/23\/el-gobierno-oficializo-el-aumento-de-jubilaciones-y-asignaciones-familiares-a-partir-de-septiembre\/"},"modified":"2024-08-23T14:22:08","modified_gmt":"2024-08-23T14:22:08","slug":"el-gobierno-oficializo-el-aumento-de-jubilaciones-y-asignaciones-familiares-a-partir-de-septiembre","status":"publish","type":"post","link":"http:\/\/cordobadirecto.com\/index.php\/2024\/08\/23\/el-gobierno-oficializo-el-aumento-de-jubilaciones-y-asignaciones-familiares-a-partir-de-septiembre\/","title":{"rendered":"El Gobierno oficializ\u00f3 el aumento de jubilaciones y asignaciones familiares a partir de septiembre"},"content":{"rendered":"<p>Un banco de <b>C\u00f3rdoba<\/b> fue demandado por incumplir medidas de seguridad &middot; <b>Economia<\/b> &middot; <b>Nueva<\/b> medida. El BCRA elev\u00f3 el monto m\u00e1ximo de extracci\u00f3n de&nbsp;&#8230; <\/p>\n","protected":false},"excerpt":{"rendered":"<p>Un banco de C\u00f3rdoba fue demandado por incumplir medidas de seguridad &middot; Economia &middot; Nueva medida. El BCRA elev\u00f3 el monto m\u00e1ximo de extracci\u00f3n de&nbsp;&#8230;<\/p>\n","protected":false},"author":1,"featured_media":0,"comment_status":"closed","ping_status":"closed","sticky":false,"template":"","format":"standard","meta":[],"categories":[40],"tags":[],"_links":{"self":[{"href":"http:\/\/cordobadirecto.com\/index.php\/wp-json\/wp\/v2\/posts\/154676"}],"collection":[{"href":"http:\/\/cordobadirecto.com\/index.php\/wp-json\/wp\/v2\/posts"}],"about":[{"href":"http:\/\/cordobadirecto.com\/index.php\/wp-json\/wp\/v2\/types\/post"}],"author":[{"embeddable":true,"href":"http:\/\/cordobadirecto.com\/index.php\/wp-json\/wp\/v2\/users\/1"}],"replies":[{"embeddable":true,"href":"http:\/\/cordobadirecto.com\/index.php\/wp-json\/wp\/v2\/comments?post=154676"}],"version-history":[{"count":0,"href":"http:\/\/cordobadirecto.com\/index.php\/wp-json\/wp\/v2\/posts\/154676\/revisions"}],"wp:attachment":[{"href":"http:\/\/cordobadirecto.com\/index.php\/wp-json\/wp\/v2\/media?parent=154676"}],"wp:term":[{"taxonomy":"category","embeddable":true,"href":"http:\/\/cordobadirecto.com\/index.php\/wp-json\/wp\/v2\/categories?post=154676"},{"taxonomy":"post_tag","embeddable":true,"href":"http:\/\/cordobadirecto.com\/index.php\/wp-json\/wp\/v2\/tags?post=154676"}],"curies":[{"name":"wp","href":"https:\/\/api.w.org\/{rel}","templated":true}]}}