{"id":154726,"date":"2024-08-23T11:23:12","date_gmt":"2024-08-23T11:23:12","guid":{"rendered":"https:\/\/cordoba.gob.ar\/?p=60470"},"modified":"2024-08-23T11:23:12","modified_gmt":"2024-08-23T11:23:12","slug":"el-estudiante-municipal-fernando-choque-huanca-se-corono-campeon-de-la-olimpiada-matematica-provincial-nandu-2024","status":"publish","type":"post","link":"http:\/\/cordobadirecto.com\/index.php\/2024\/08\/23\/el-estudiante-municipal-fernando-choque-huanca-se-corono-campeon-de-la-olimpiada-matematica-provincial-nandu-2024\/","title":{"rendered":"El estudiante municipal Fernando Choque Huanca se coron\u00f3 campe\u00f3n de la Olimpiada Matem\u00e1tica Provincial \u00d1and\u00fa 2024"},"content":{"rendered":"<div><img src=\"http:\/\/cordobadirecto.com\/wp-content\/uploads\/2024\/08\/el-estudiante-municipal-fernando-choque-huanca-se-corono-campeon-de-la-olimpiada-matematica-provincial-nandu-2024.jpg\" class=\"ff-og-image-inserted\"><\/div>\n<ul class=\"ak-ul\">\n<li><strong>El ni\u00f1o cursa en la Escuela Carlos Fern\u00e1ndez Ord\u00f3\u00f1ez, en el sistema educativo de la Municipalidad de C\u00f3rdoba<\/strong><\/li>\n<li><strong>En a\u00f1os anteriores la escuela alcanz\u00f3 menciones honor\u00edficas en la instancia nacional, un subcampeonato provincial y ahora el campeonato provincial.<\/strong><\/li>\n<\/ul>\n<hr>\n<p>En la previa del D\u00eda del Ni\u00f1o, el sistema educativo municipal recibi\u00f3 un hermoso regalo: Fernando Choque Huanca se consagr\u00f3 Campe\u00f3n Provincial en la Olimpiada Matem\u00e1tica \u00d1and\u00fa 2024, en la categor\u00eda correspondiente a estudiantes de quinto grado.<\/p>\n<p>El certamen, que reuni\u00f3 a j\u00f3venes de quinto y sexto grado de diversas escuelas de la Provincia de C\u00f3rdoba, se llev\u00f3 a cabo del 14 al 16 de agosto en Valle Hermoso.<\/p>\n<p>En la competencia, los estudiantes debieron enfrentar desaf\u00edos tanto en la resoluci\u00f3n escrita de problemas in\u00e9ditos como en la argumentaci\u00f3n oral. En este contexto, Fernando Choque Huanca logr\u00f3 destacarse, alcanzando el t\u00edtulo de Campe\u00f3n Provincial en el primer nivel.<\/p>\n<p>Durante esos d\u00edas, estudiantes, docentes, padres y autoridades de la Olimpiada Matem\u00e1tica Argentina, filial C\u00f3rdoba, participaron en un evento que signific\u00f3 la culminaci\u00f3n de meses de esfuerzo. Los participantes, tras haber superado tres instancias eliminatorias desde mayo, ahora se preparan para la etapa regional.<\/p>\n<p><strong>Fernando y la escuela p\u00fablica<\/strong><\/p>\n<p>Fernando cursa el quinto grado en la Escuela Carlos Fern\u00e1ndez Ord\u00f3\u00f1ez, ubicada en barrio Santa Isabel 2\u00ba Secci\u00f3n y forma parte del sistema educativo de la Municipalidad de C\u00f3rdoba.<\/p>\n<p>Desde sus primeros a\u00f1os escolares, Fernando Choque Huanca demostr\u00f3 un notable inter\u00e9s por los desaf\u00edos matem\u00e1ticos. En 2023, represent\u00f3 a su escuela y a la provincia de C\u00f3rdoba en la instancia internacional de la Olimpiada Matem\u00e1tica ATACALAR, donde tambi\u00e9n tuvo un destacado desempe\u00f1o.<\/p>\n<p>Durante varios a\u00f1os, la escuela Carlos Fern\u00e1ndez Ord\u00f3\u00f1ez particip\u00f3 activamente en estas olimpiadas, con un proyecto institucional de matem\u00e1tica muy s\u00f3lido. Este enfoque le permiti\u00f3 a los estudiantes enfrentarse a problemas matem\u00e1ticos con creatividad y razonamiento l\u00f3gico.<\/p>\n<p>A lo largo de los a\u00f1os, la instituci\u00f3n alcanz\u00f3 menciones honor\u00edficas en la instancia nacional, un subcampeonato provincial y, ahora, el campeonato provincial.<\/p>\n<p>El proyecto considera fundamental en matem\u00e1ticas la resoluci\u00f3n de problemas, la validaci\u00f3n, la argumentaci\u00f3n y la comunicaci\u00f3n de resultados. Para ello utiliza actividades l\u00fadicas e ingeniosas que permiten aprender matem\u00e1tica, haciendo matem\u00e1tica.<\/p>\n","protected":false},"excerpt":{"rendered":"<p>El ni\u00f1o cursa en la Escuela Carlos Fern\u00e1ndez Ord\u00f3\u00f1ez, en el sistema educativo de la Municipalidad de C\u00f3rdoba En a\u00f1os anteriores la escuela alcanz\u00f3 menciones honor\u00edficas en la instancia nacional, un subcampeonato provincial y ahora el campeonato provincial. En la previa del D\u00eda del Ni\u00f1o, el sistema educativo municipal recibi\u00f3 un hermoso regalo: Fernando Choque [&hellip;]<\/p>\n","protected":false},"author":1,"featured_media":154727,"comment_status":"closed","ping_status":"closed","sticky":false,"template":"","format":"standard","meta":[],"categories":[44],"tags":[],"_links":{"self":[{"href":"http:\/\/cordobadirecto.com\/index.php\/wp-json\/wp\/v2\/posts\/154726"}],"collection":[{"href":"http:\/\/cordobadirecto.com\/index.php\/wp-json\/wp\/v2\/posts"}],"about":[{"href":"http:\/\/cordobadirecto.com\/index.php\/wp-json\/wp\/v2\/types\/post"}],"author":[{"embeddable":true,"href":"http:\/\/cordobadirecto.com\/index.php\/wp-json\/wp\/v2\/users\/1"}],"replies":[{"embeddable":true,"href":"http:\/\/cordobadirecto.com\/index.php\/wp-json\/wp\/v2\/comments?post=154726"}],"version-history":[{"count":0,"href":"http:\/\/cordobadirecto.com\/index.php\/wp-json\/wp\/v2\/posts\/154726\/revisions"}],"wp:featuredmedia":[{"embeddable":true,"href":"http:\/\/cordobadirecto.com\/index.php\/wp-json\/wp\/v2\/media\/154727"}],"wp:attachment":[{"href":"http:\/\/cordobadirecto.com\/index.php\/wp-json\/wp\/v2\/media?parent=154726"}],"wp:term":[{"taxonomy":"category","embeddable":true,"href":"http:\/\/cordobadirecto.com\/index.php\/wp-json\/wp\/v2\/categories?post=154726"},{"taxonomy":"post_tag","embeddable":true,"href":"http:\/\/cordobadirecto.com\/index.php\/wp-json\/wp\/v2\/tags?post=154726"}],"curies":[{"name":"wp","href":"https:\/\/api.w.org\/{rel}","templated":true}]}}