{"id":154804,"date":"2024-08-26T21:29:40","date_gmt":"2024-08-26T21:29:40","guid":{"rendered":"https:\/\/cordoba.gob.ar\/?p=60777"},"modified":"2024-08-26T21:29:40","modified_gmt":"2024-08-26T21:29:40","slug":"esta-semana-la-campana-de-vacunacion-estara-presente-en-los-barrios-los-alamos-e-ituzaingo-anexo","status":"publish","type":"post","link":"http:\/\/cordobadirecto.com\/index.php\/2024\/08\/26\/esta-semana-la-campana-de-vacunacion-estara-presente-en-los-barrios-los-alamos-e-ituzaingo-anexo\/","title":{"rendered":"Esta semana la campa\u00f1a de vacunaci\u00f3n estar\u00e1 presente en los barrios Los \u00c1lamos e Ituzaing\u00f3 Anexo"},"content":{"rendered":"<div><img src=\"http:\/\/cordobadirecto.com\/wp-content\/uploads\/2024\/08\/esta-semana-la-campana-de-vacunacion-estara-presente-en-los-barrios-los-alamos-e-ituzaingo-anexo.jpg\" class=\"ff-og-image-inserted\"><\/div>\n<ul>\n<li><strong>Las jornadas se llevar\u00e1n a cabo este martes 27 y el jueves 29.<\/strong><\/li>\n<li><strong><strong>Se colocar\u00e1n de forma gratuita vacunas de calendario, refuerzo covid-19 para ni\u00f1os y adultos y vacunas antigripales.<\/strong><\/strong><br \/>\n<hr>\n<\/li>\n<\/ul>\n<p>Con el objetivo de promover el cuidado de la salud de los vecinos y vecinas de la ciudad, la Municipalidad de C\u00f3rdoba lleva a los barrios el programa de vacunaci\u00f3n.<\/p>\n<p>Las vacunas se colocar\u00e1n a ni\u00f1os, ni\u00f1as, adolescentes, adultos y personas mayores de manera gratuita y podr\u00e1n acceder a dosis para completar el calendario de vacunas y refuerzo de Covid.<\/p>\n<p>En tanto que la vacuna antigripal se colocar\u00e1 con turno previo a ni\u00f1os y ni\u00f1as de entre 6 meses a 2 a\u00f1os, personas con factores de riesgo, embarazadas, personal de salud y mayores de 65 a\u00f1os.<\/p>\n<p>Las dosis se colocar\u00e1n de 09:00 a 13:00 horas, en los siguientes d\u00edas y lugares:<\/p>\n<ul class=\"ak-ul\">\n<li>Martes 27 Centro Vecinal Los \u00c1lamos (Avenida Parravicini 3650).<\/li>\n<li>Jueves 29: Centro Vecinal Ituzaing\u00f3 Anexo (Lippman 5600).<\/li>\n<\/ul>\n<p>Cabe destacar que todos los interesados deben concurrir con DNI y Carnet de Vacunaci\u00f3n.<\/p>\n","protected":false},"excerpt":{"rendered":"<p>Las jornadas se llevar\u00e1n a cabo este martes 27 y el jueves 29. Se colocar\u00e1n de forma gratuita vacunas de calendario, refuerzo covid-19 para ni\u00f1os y adultos y vacunas antigripales. Con el objetivo de promover el cuidado de la salud de los vecinos y vecinas de la ciudad, la Municipalidad de C\u00f3rdoba lleva a los [&hellip;]<\/p>\n","protected":false},"author":1,"featured_media":154805,"comment_status":"closed","ping_status":"closed","sticky":false,"template":"","format":"standard","meta":[],"categories":[44],"tags":[],"_links":{"self":[{"href":"http:\/\/cordobadirecto.com\/index.php\/wp-json\/wp\/v2\/posts\/154804"}],"collection":[{"href":"http:\/\/cordobadirecto.com\/index.php\/wp-json\/wp\/v2\/posts"}],"about":[{"href":"http:\/\/cordobadirecto.com\/index.php\/wp-json\/wp\/v2\/types\/post"}],"author":[{"embeddable":true,"href":"http:\/\/cordobadirecto.com\/index.php\/wp-json\/wp\/v2\/users\/1"}],"replies":[{"embeddable":true,"href":"http:\/\/cordobadirecto.com\/index.php\/wp-json\/wp\/v2\/comments?post=154804"}],"version-history":[{"count":0,"href":"http:\/\/cordobadirecto.com\/index.php\/wp-json\/wp\/v2\/posts\/154804\/revisions"}],"wp:featuredmedia":[{"embeddable":true,"href":"http:\/\/cordobadirecto.com\/index.php\/wp-json\/wp\/v2\/media\/154805"}],"wp:attachment":[{"href":"http:\/\/cordobadirecto.com\/index.php\/wp-json\/wp\/v2\/media?parent=154804"}],"wp:term":[{"taxonomy":"category","embeddable":true,"href":"http:\/\/cordobadirecto.com\/index.php\/wp-json\/wp\/v2\/categories?post=154804"},{"taxonomy":"post_tag","embeddable":true,"href":"http:\/\/cordobadirecto.com\/index.php\/wp-json\/wp\/v2\/tags?post=154804"}],"curies":[{"name":"wp","href":"https:\/\/api.w.org\/{rel}","templated":true}]}}