{"id":154838,"date":"2024-08-27T16:32:41","date_gmt":"2024-08-27T16:32:41","guid":{"rendered":"http:\/\/cordobadirecto.com\/index.php\/2024\/08\/27\/epec-confirmo-cuando-terminaran-las-obras-en-barrio-guemes-y-nueva-cordoba-via-pais\/"},"modified":"2024-08-27T16:32:41","modified_gmt":"2024-08-27T16:32:41","slug":"epec-confirmo-cuando-terminaran-las-obras-en-barrio-guemes-y-nueva-cordoba-via-pais","status":"publish","type":"post","link":"http:\/\/cordobadirecto.com\/index.php\/2024\/08\/27\/epec-confirmo-cuando-terminaran-las-obras-en-barrio-guemes-y-nueva-cordoba-via-pais\/","title":{"rendered":"Epec confirm\u00f3 cu\u00e1ndo terminar\u00e1n las obras en barrio G\u00fcemes y <b>Nueva C\u00f3rdoba<\/b> &#8211; V\u00eda Pa\u00eds"},"content":{"rendered":"<p>Los trabajos ya iniciaron, y la Municipalidad estableci\u00f3 un corte de tr\u00e1nsito total en <b>Nueva C\u00f3rdoba<\/b>, que afecta a l\u00edneas de colectivos y veh\u00edculos&nbsp;&#8230; <\/p>\n","protected":false},"excerpt":{"rendered":"<p>Los trabajos ya iniciaron, y la Municipalidad estableci\u00f3 un corte de tr\u00e1nsito total en Nueva C\u00f3rdoba, que afecta a l\u00edneas de colectivos y veh\u00edculos&nbsp;&#8230;<\/p>\n","protected":false},"author":1,"featured_media":0,"comment_status":"closed","ping_status":"closed","sticky":false,"template":"","format":"standard","meta":[],"categories":[40],"tags":[],"_links":{"self":[{"href":"http:\/\/cordobadirecto.com\/index.php\/wp-json\/wp\/v2\/posts\/154838"}],"collection":[{"href":"http:\/\/cordobadirecto.com\/index.php\/wp-json\/wp\/v2\/posts"}],"about":[{"href":"http:\/\/cordobadirecto.com\/index.php\/wp-json\/wp\/v2\/types\/post"}],"author":[{"embeddable":true,"href":"http:\/\/cordobadirecto.com\/index.php\/wp-json\/wp\/v2\/users\/1"}],"replies":[{"embeddable":true,"href":"http:\/\/cordobadirecto.com\/index.php\/wp-json\/wp\/v2\/comments?post=154838"}],"version-history":[{"count":0,"href":"http:\/\/cordobadirecto.com\/index.php\/wp-json\/wp\/v2\/posts\/154838\/revisions"}],"wp:attachment":[{"href":"http:\/\/cordobadirecto.com\/index.php\/wp-json\/wp\/v2\/media?parent=154838"}],"wp:term":[{"taxonomy":"category","embeddable":true,"href":"http:\/\/cordobadirecto.com\/index.php\/wp-json\/wp\/v2\/categories?post=154838"},{"taxonomy":"post_tag","embeddable":true,"href":"http:\/\/cordobadirecto.com\/index.php\/wp-json\/wp\/v2\/tags?post=154838"}],"curies":[{"name":"wp","href":"https:\/\/api.w.org\/{rel}","templated":true}]}}