{"id":154843,"date":"2024-08-27T21:35:59","date_gmt":"2024-08-27T21:35:59","guid":{"rendered":"https:\/\/cordoba.gob.ar\/?p=60809"},"modified":"2024-08-27T21:35:59","modified_gmt":"2024-08-27T21:35:59","slug":"continuan-las-charlas-para-evitar-las-estafas-virtuales-este-miercoles-sera-en-la-calera","status":"publish","type":"post","link":"http:\/\/cordobadirecto.com\/index.php\/2024\/08\/27\/continuan-las-charlas-para-evitar-las-estafas-virtuales-este-miercoles-sera-en-la-calera\/","title":{"rendered":"Contin\u00faan las charlas para evitar las estafas virtuales: este mi\u00e9rcoles ser\u00e1 en La Calera"},"content":{"rendered":"<div><img src=\"http:\/\/cordobadirecto.com\/wp-content\/uploads\/2024\/08\/continuan-las-charlas-para-evitar-las-estafas-virtuales-este-miercoles-sera-en-la-calera.jpg\" class=\"ff-og-image-inserted\"><\/div>\n<ul>\n<li><strong>En el Centro Operativo Preventivo de la ciudad vecina.<\/strong><\/li>\n<li><strong><strong>Esta destinado para todos los vecinos y vecinas de la zona, en especial para adultos mayores.<\/strong><\/strong><br \/>\n<hr>\n<\/li>\n<\/ul>\n<p>Las estafas virtuales utilizan constantemente nuevas modalidades, por lo que desde la Municipalidad de C\u00f3rdoba y el Ente Metropolitano llevar\u00e1n a cabo una nueva charla para evitar que los ciudadanos sean victimas de este tipo de delitos.<\/p>\n<p>\u201cDerechos del Consumidor en la Era Digital y Prevenci\u00f3n de Estafas Virtuales\u201d es la iniciativa a trav\u00e9s de la cual, de manera sencilla y clara, se les explica a los ciudadanos c\u00f3mo navegar de manera segura en las diversas plataformas digitales.<\/p>\n<p>Adem\u00e1s, brinda herramientas para detectar posibles estafas y sus modalidades m\u00e1s comunes.<\/p>\n<p>Este mi\u00e9rcoles 28 de agosto la actividad se realizar\u00e1 en la localidad de La Calera, en donde vecinos del lugar y zonas aleda\u00f1as podr\u00e1n acercarse al Centro Operativo Preventivo del Municipio, para evacuar dudas y realizar consultas de casos particulares.<\/p>\n<p>El taller est\u00e1 a cargo del personal de la Direcci\u00f3n General de Mediaci\u00f3n Comunitaria y Defensa del Consumidor e integrantes de la Secretar\u00eda de Gobierno, Fiscalizaci\u00f3n y Control de la Municipalidad de C\u00f3rdoba.<\/p>\n<p>Adem\u00e1s, ese mismo d\u00eda, en la ciudad de C\u00f3rdoba, desde la misma \u00e1rea se brindar\u00e1 informaci\u00f3n en la v\u00eda p\u00fablica en una jornada informativa sobre los derechos del consumidor.<\/p>\n<p>El stand, ubicado en la plaza San Mart\u00edn, contar\u00e1 con especialistas en la tem\u00e1tica y profesionales para asesorar a los transe\u00fantes. De 10:30 a 13:30 horas el puesto de informaci\u00f3n ayudar\u00e1 a realizar los primeros pasos ante una denuncia referida a la defensa del consumidor.<\/p>\n<p>Los talleres para evitar este tipo de delitos ya se realizaron en localidades como Estaci\u00f3n Ju\u00e1rez Celman, Mi Granja, Los Cedros, Agua de Oro, Colonia Tirolesa, entre otros; y en diferentes barrios de la ciudad Capital. All\u00ed los participantes pudieron aclarar dudas y aprender sobre c\u00f3mo efectuar operaciones comerciales en l\u00ednea, especialmente al momento de pagar.<\/p>\n","protected":false},"excerpt":{"rendered":"<p>En el Centro Operativo Preventivo de la ciudad vecina. Esta destinado para todos los vecinos y vecinas de la zona, en especial para adultos mayores. Las estafas virtuales utilizan constantemente nuevas modalidades, por lo que desde la Municipalidad de C\u00f3rdoba y el Ente Metropolitano llevar\u00e1n a cabo una nueva charla para evitar que los ciudadanos [&hellip;]<\/p>\n","protected":false},"author":1,"featured_media":154844,"comment_status":"closed","ping_status":"closed","sticky":false,"template":"","format":"standard","meta":[],"categories":[44],"tags":[],"_links":{"self":[{"href":"http:\/\/cordobadirecto.com\/index.php\/wp-json\/wp\/v2\/posts\/154843"}],"collection":[{"href":"http:\/\/cordobadirecto.com\/index.php\/wp-json\/wp\/v2\/posts"}],"about":[{"href":"http:\/\/cordobadirecto.com\/index.php\/wp-json\/wp\/v2\/types\/post"}],"author":[{"embeddable":true,"href":"http:\/\/cordobadirecto.com\/index.php\/wp-json\/wp\/v2\/users\/1"}],"replies":[{"embeddable":true,"href":"http:\/\/cordobadirecto.com\/index.php\/wp-json\/wp\/v2\/comments?post=154843"}],"version-history":[{"count":0,"href":"http:\/\/cordobadirecto.com\/index.php\/wp-json\/wp\/v2\/posts\/154843\/revisions"}],"wp:featuredmedia":[{"embeddable":true,"href":"http:\/\/cordobadirecto.com\/index.php\/wp-json\/wp\/v2\/media\/154844"}],"wp:attachment":[{"href":"http:\/\/cordobadirecto.com\/index.php\/wp-json\/wp\/v2\/media?parent=154843"}],"wp:term":[{"taxonomy":"category","embeddable":true,"href":"http:\/\/cordobadirecto.com\/index.php\/wp-json\/wp\/v2\/categories?post=154843"},{"taxonomy":"post_tag","embeddable":true,"href":"http:\/\/cordobadirecto.com\/index.php\/wp-json\/wp\/v2\/tags?post=154843"}],"curies":[{"name":"wp","href":"https:\/\/api.w.org\/{rel}","templated":true}]}}