{"id":154845,"date":"2024-08-27T20:00:48","date_gmt":"2024-08-27T20:00:48","guid":{"rendered":"https:\/\/cordoba.gob.ar\/?p=60773"},"modified":"2024-08-27T20:00:48","modified_gmt":"2024-08-27T20:00:48","slug":"se-ampliara-el-abanico-de-actividades-extra-escolares-que-podran-realizar-los-estudiantes-fuera-del-salon-de-clases","status":"publish","type":"post","link":"http:\/\/cordobadirecto.com\/index.php\/2024\/08\/27\/se-ampliara-el-abanico-de-actividades-extra-escolares-que-podran-realizar-los-estudiantes-fuera-del-salon-de-clases\/","title":{"rendered":"Se ampliar\u00e1 el abanico de actividades extra escolares que podr\u00e1n realizar los estudiantes fuera del sal\u00f3n de clases"},"content":{"rendered":"<div><img src=\"http:\/\/cordobadirecto.com\/wp-content\/uploads\/2024\/08\/se-ampliara-el-abanico-de-actividades-extra-escolares-que-podran-realizar-los-estudiantes-fuera-del-salon-de-clases.jpg\" class=\"ff-og-image-inserted\"><\/div>\n<ul>\n<li><strong>Se realizar\u00e1n encuentros deportivos entre instituciones educativas, en los polideportivos, establecimientos y el Estadio Mario Alberto Kempes.<\/strong><\/li>\n<\/ul>\n<hr>\n<p>En el marco del Plan General \u201cC\u00f3rdoba: por el Derecho a la Educaci\u00f3n\u201d, la Municipalidad de C\u00f3rdoba, a trav\u00e9s de la Secretar\u00eda de Educaci\u00f3n y su par de Fortalecimiento Vecinal y Deporte, lanz\u00f3 el programa \u201cTe acompa\u00f1o\u201d.<\/p>\n<p>Esta iniciativa busca estimular y orientar la pr\u00e1ctica deportiva de los ni\u00f1os, ni\u00f1as y adolescentes que pueden realizar los estudiantes fuera del sal\u00f3n de clases.<\/p>\n<p>Prev\u00e9 habilitar nuevos espacios deportivos y educativos barriales extraescolares a los estudiantes de 5\u00b0 y 6\u00b0 grado de las escuelas municipales. La intenci\u00f3n es facilitar su participaci\u00f3n activa y continua, a la vez que ser\u00e1n acompa\u00f1ados de \u201ctutores extraescolares\u201d.<\/p>\n<p>\u201cTe acompa\u00f1o\u201d busca garantizar la continuidad de las trayectorias escolares, orientar en valores y h\u00e1bitos saludables la ocupaci\u00f3n del tiempo libre, prevenir conductas que supongan riesgos y habilitar espacios barriales de identificaci\u00f3n y sentido de pertenencia en las diversas comunidades de la ciudad.<\/p>\n<p>Tiene como finalidad promover espacios de contenci\u00f3n comunitarios que aporten al crecimiento, la formaci\u00f3n integral y la consecuente construcci\u00f3n de una identidad saludable, orientada en valores sociales, deportivos y comunitarios.<\/p>\n<p><strong>Actividades que se realizar\u00e1n<\/strong><\/p>\n<ul class=\"ak-ul\">\n<li>Encuentros deportivos peri\u00f3dicos entre las instituciones educativas afectadas: se realizar\u00e1n pruebas atl\u00e9ticas sobre los movimientos de correr, saltar y lanzar.<\/li>\n<li>Encuentro final en el estadio Mario Kempes con todos los estudiantes de las instituciones educativas alcanzadas por el proyecto: se realizar\u00e1n las pruebas atl\u00e9ticas trabajadas durante al a\u00f1o, en el marco del especifico del atletismo.<\/li>\n<li>Habitar un espacio deportivo en horario extraescolar en los Polideportivos Sociales Barriales, y promover la participaci\u00f3n de los estudiantes de las escuelas m\u00e1s cercanas.<\/li>\n<li>Promover encuentros deportivos peri\u00f3dicos entre las instituciones educativas afectadas<\/li>\n<\/ul>\n<p>A su vez, tendr\u00e1n un tutor extraescolar. Las intervenciones del tutor extraescolar con el estudiante ser\u00e1n individuales y\/o grupales, dependiendo de las caracter\u00edsticas de la escuela, las instituciones barriales, el grupo de pares, las situaciones contextuales y los diferentes momentos del a\u00f1o, entre otros.<\/p>\n<p>Las funciones del tutor ser\u00e1n:<\/p>\n<p>-Articular con la escuela, familia, comunidad barrial y docentes deportivos, la asistencia de los estudiantes a los espacios deportivos barriales.<\/p>\n<p>-Mantener comunicaci\u00f3n permanente con los actores del proyecto (estudiantes, familia, comunidad, escuela, docentes deportivos).<\/p>\n<p>-Supervisar la participaci\u00f3n y asistencia de los estudiantes a los espacios deportivos.<\/p>\n<p>-Generar las actividades necesarias para promover y garantizar la asistencia, permanencia y sostenimiento de los estudiantes en los espacios deportivos ofrecidos.<\/p>\n","protected":false},"excerpt":{"rendered":"<p>Se realizar\u00e1n encuentros deportivos entre instituciones educativas, en los polideportivos, establecimientos y el Estadio Mario Alberto Kempes. En el marco del Plan General \u201cC\u00f3rdoba: por el Derecho a la Educaci\u00f3n\u201d, la Municipalidad de C\u00f3rdoba, a trav\u00e9s de la Secretar\u00eda de Educaci\u00f3n y su par de Fortalecimiento Vecinal y Deporte, lanz\u00f3 el programa \u201cTe acompa\u00f1o\u201d. Esta [&hellip;]<\/p>\n","protected":false},"author":1,"featured_media":154846,"comment_status":"closed","ping_status":"closed","sticky":false,"template":"","format":"standard","meta":[],"categories":[44],"tags":[],"_links":{"self":[{"href":"http:\/\/cordobadirecto.com\/index.php\/wp-json\/wp\/v2\/posts\/154845"}],"collection":[{"href":"http:\/\/cordobadirecto.com\/index.php\/wp-json\/wp\/v2\/posts"}],"about":[{"href":"http:\/\/cordobadirecto.com\/index.php\/wp-json\/wp\/v2\/types\/post"}],"author":[{"embeddable":true,"href":"http:\/\/cordobadirecto.com\/index.php\/wp-json\/wp\/v2\/users\/1"}],"replies":[{"embeddable":true,"href":"http:\/\/cordobadirecto.com\/index.php\/wp-json\/wp\/v2\/comments?post=154845"}],"version-history":[{"count":0,"href":"http:\/\/cordobadirecto.com\/index.php\/wp-json\/wp\/v2\/posts\/154845\/revisions"}],"wp:featuredmedia":[{"embeddable":true,"href":"http:\/\/cordobadirecto.com\/index.php\/wp-json\/wp\/v2\/media\/154846"}],"wp:attachment":[{"href":"http:\/\/cordobadirecto.com\/index.php\/wp-json\/wp\/v2\/media?parent=154845"}],"wp:term":[{"taxonomy":"category","embeddable":true,"href":"http:\/\/cordobadirecto.com\/index.php\/wp-json\/wp\/v2\/categories?post=154845"},{"taxonomy":"post_tag","embeddable":true,"href":"http:\/\/cordobadirecto.com\/index.php\/wp-json\/wp\/v2\/tags?post=154845"}],"curies":[{"name":"wp","href":"https:\/\/api.w.org\/{rel}","templated":true}]}}