{"id":154866,"date":"2024-08-28T00:09:25","date_gmt":"2024-08-28T00:09:25","guid":{"rendered":"https:\/\/www.ole.com.ar\/autos\/colapinto-formulauno_0_dnfzWKfmld.html"},"modified":"2024-08-28T00:09:25","modified_gmt":"2024-08-28T00:09:25","slug":"colapinto-de-nino-sobre-correr-en-f1-todavia-falta-mucho","status":"publish","type":"post","link":"http:\/\/cordobadirecto.com\/index.php\/2024\/08\/28\/colapinto-de-nino-sobre-correr-en-f1-todavia-falta-mucho\/","title":{"rendered":"Colapinto de ni\u00f1o sobre correr en F1: &#8220;Todav\u00eda falta mucho&#8230;&#8221;"},"content":{"rendered":"<p><time class=\"createDate\" datetime=\"2024-08-27T21:09:25-03:00\">27\/08\/2024 21:09hs.<\/time><\/p>\n<div id=\"storyBody\">\n<div class=\"custom-text \" readability=\"38.687635574837\">\n<p>Todo lo que antes parec\u00eda un sue\u00f1o, lo que eran a\u00f1oranzas de los fan\u00e1ticos de volver a ver un piloto argentino en la <a href=\"https:\/\/www.ole.com.ar\/tema\/formula-1.html\" title=\"F\u00f3rmula 1\" alt=\"F\u00f3rmula 1\" class=\"slug\">F\u00f3rmula 1<\/a>,<strong> se hizo realidad este martes cuando Williams anunci\u00f3 a <a href=\"https:\/\/www.ole.com.ar\/tema\/franco-colapinto.html\" title=\"Franco Colapinto\" alt=\"Franco Colapinto\" class=\"slug\">Franco Colapinto<\/a> como su segundo piloto hasta el final de la temporada<\/strong>. Hace unos a\u00f1os, cuando todav\u00eda corr\u00eda en kartings, <strong>un peque\u00f1o Colapinto ve\u00eda todo esto como un sue\u00f1o muy lejano de alcanzar<\/strong>, y hoy, ese sue\u00f1o est\u00e1 a menos de una semana de volverse realidad&#8230;<\/p>\n<\/div>\n<div class=\"custom-text \" readability=\"39\">\n<p>El joven se subir\u00e1 al monoplaza en el <strong>Gran Premio de Italia este fin de semana<\/strong> <strong>y as\u00ed pondr\u00e1 punto final a una espera de 23 a\u00f1os sin argentinos en la grilla.<\/strong> Cuando a\u00fan era un ni\u00f1o y corr\u00eda en las categor\u00edas menores de kartings, el peque\u00f1o Franco ve\u00eda todo como un sue\u00f1o lejano, pero a su vez como un objetivo: &#8220;<strong>Todav\u00eda soy chiquito, falta mucho&#8221;<\/strong>, dec\u00eda.<\/p>\n<\/div>\n<p><h2><strong>Video: Colapinto de ni\u00f1o y el sue\u00f1o de la F1<\/strong><\/h2>\n<\/p>\n<div type=\"embed\" class=\"sc-3f46f5ae-0 djVTgz\">\n<div class=\"sc-3f46f5ae-1 fTjZec videoText\" id=\"contentTitleembedvOiCwAyc\" type=\"embed\"><svg fill=\"#ffffff\"><symbol id=\"play\" viewBox=\"0 0 512 512\"><path d=\"M512 256C512 397.4 397.4 512 256 512C114.6 512 0 397.4 0 256C0 114.6 114.6 0 256 0C397.4 0 512 114.6 512 256zM176 168V344C176 352.7 180.7 360.7 188.3 364.9C195.8 369.2 205.1 369 212.5 364.5L356.5 276.5C363.6 272.1 368 264.4 368 256C368 247.6 363.6 239.9 356.5 235.5L212.5 147.5C205.1 142.1 195.8 142.8 188.3 147.1C180.7 151.3 176 159.3 176 168V168z\" \/><\/symbol><use xlink:href=\"#play\" \/><\/svg><\/p>\n<div class=\"right\">\n<p>Franco Colapinto<!-- --> &#8211;<!-- --> <span>&nbsp;<\/span><\/p>\n<h2 class=\"title-vid\">Colapinto de ni\u00f1o hablando sobre su sue\u00f1o de la F1<\/h2>\n<\/div>\n<\/div>\n<p><span class=\"back\" id=\"spanBackembedvOiCwAyc\"><\/span><\/div>\n<div class=\"custom-text \" readability=\"41\">\n<p>En la entrevista al ni\u00f1o le preguntaron por su sue\u00f1o dentro de la actividad (<strong>NdeR<\/strong>: el automovilismo) a lo que respondi\u00f3: <strong>&#8220;El sue\u00f1o de todos es llegar a la F\u00f3rmula Uno. Todav\u00eda soy muy chiquito y bueno, falta mucho&#8221;<\/strong>. La periodista le retruc\u00f3 con que<strong> &#8220;los que llegaron a la F\u00f3rmula Uno pasaron por uno de estos Kartings, as\u00ed que tenes todo para llegar&#8221;<\/strong>. Pero Franco, a pesar de su corta edad,<strong> se mostr\u00f3 muy tranquilo: &#8220;Bueno, s\u00ed. Pero es muy dif\u00edcil&#8221;<\/strong>, cerr\u00f3 en ese entonces.<\/p>\n<\/div>\n<div class=\"custom-text \" readability=\"36\">\n<p>A pesar de las miles de dificultades que se presentaron en el camino, el ahora piloto de Williams sab\u00eda que la F\u00f3rmula Uno estaba en el horizonte. En su cabeza era un horizonte lejano, pero ahora con 21 a\u00f1os debutar\u00e1 en Monza. Sue\u00f1o hecho realidad.<\/p>\n<\/div>\n<p><h2><strong>\u00bfCu\u00e1ndo debuta Franco Colapinto en la F\u00f3rmula 1?<\/strong><\/h2>\n<\/p>\n<div class=\"custom-text \" readability=\"38\">\n<p>El argentino ya se subir\u00e1 al monoplaza azul junto con el tailand\u00e9s Alex Albon, piloto principal del equipo, este fin de semana para la fecha de Italia, 16a del calendario, en el Aut\u00f3dromo Nazionale di Monza. <\/p>\n<\/div>\n<div class=\"custom-text \" readability=\"39\">\n<p>Colapinto sustituir\u00e1 a un Sargeant que no sum\u00f3 puntos en 15 carreras, dos veces no llev\u00f3 el auto a la bandera de cuadros y su mejor posici\u00f3n fue un 11\u00b0 puesto en Silverstone, Inglaterra. Albon, en cambio, acumula 4 unidades, producto de dos novenos puestos en M\u00f3naco y Gran Breta\u00f1a.<\/p>\n<\/div>\n<div class=\"sc-a7166897-0 exHLBh\" readability=\"6\">\n<section readability=\"2\"><picture><img alt=\"Qu\u00e9 carreras disputar\u00e1 Colapinto en la F1 en 2024\" src=\"http:\/\/cordobadirecto.com\/wp-content\/uploads\/2024\/08\/colapinto-de-nino-sobre-correr-en-f1-todavia-falta-mucho.jpg\" width=\"290\" height=\"290\" decoding=\"async\" data-nimg=\"future\" loading=\"lazy\"><\/picture>\n<p><span>Mir\u00e1 tambi\u00e9n<\/span><\/p>\n<hr>\n<h3>Qu\u00e9 carreras disputar\u00e1 Colapinto en la F1 en 2024<\/h3>\n<\/p>\n<\/section>\n<\/div>\n<div class=\"sc-a7166897-0 exHLBh\" readability=\"7\">\n<section readability=\"4\"><picture><img alt=\"Franco Colapinto: del karting a los 10 a\u00f1os a la F1, de su buena onda con Bizarrap y Duki a la camiseta que le regal\u00f3 Messi\" src=\"http:\/\/cordobadirecto.com\/wp-content\/uploads\/2024\/08\/colapinto-de-nino-sobre-correr-en-f1-todavia-falta-mucho-1.jpg\" width=\"290\" height=\"290\" decoding=\"async\" data-nimg=\"future\" loading=\"lazy\"><\/picture>\n<p><span>Mir\u00e1 tambi\u00e9n<\/span><\/p>\n<hr>\n<h3>Franco Colapinto: del karting a los 10 a\u00f1os a la F1, de su buena onda con Bizarrap y Duki a la camiseta que le regal\u00f3 Messi<\/h3>\n<\/p>\n<\/section>\n<\/div>\n<div class=\"sc-a7166897-0 exHLBh\" readability=\"6.5\">\n<section readability=\"3\"><picture><img alt=\"Con la incorporaci\u00f3n de Colapinto, c\u00f3mo est\u00e1n las posiciones de la F\u00f3rmula 1\" src=\"http:\/\/cordobadirecto.com\/wp-content\/uploads\/2024\/08\/colapinto-de-nino-sobre-correr-en-f1-todavia-falta-mucho-2.jpg\" width=\"290\" height=\"290\" decoding=\"async\" data-nimg=\"future\" loading=\"lazy\"><\/picture>\n<p><span>Mir\u00e1 tambi\u00e9n<\/span><\/p>\n<hr>\n<h3>Con la incorporaci\u00f3n de Colapinto, c\u00f3mo est\u00e1n las posiciones de la F\u00f3rmula 1<\/h3>\n<\/p>\n<\/section>\n<\/div>\n<\/div>\n","protected":false},"excerpt":{"rendered":"<p>27\/08\/2024 21:09hs. Todo lo que antes parec\u00eda un sue\u00f1o, lo que eran a\u00f1oranzas de los fan\u00e1ticos de volver a ver un piloto argentino en la F\u00f3rmula 1, se hizo realidad este martes cuando Williams anunci\u00f3 a Franco Colapinto como su segundo piloto hasta el final de la temporada. Hace unos a\u00f1os, cuando todav\u00eda corr\u00eda en [&hellip;]<\/p>\n","protected":false},"author":1,"featured_media":154867,"comment_status":"closed","ping_status":"closed","sticky":false,"template":"","format":"standard","meta":[],"categories":[21],"tags":[],"_links":{"self":[{"href":"http:\/\/cordobadirecto.com\/index.php\/wp-json\/wp\/v2\/posts\/154866"}],"collection":[{"href":"http:\/\/cordobadirecto.com\/index.php\/wp-json\/wp\/v2\/posts"}],"about":[{"href":"http:\/\/cordobadirecto.com\/index.php\/wp-json\/wp\/v2\/types\/post"}],"author":[{"embeddable":true,"href":"http:\/\/cordobadirecto.com\/index.php\/wp-json\/wp\/v2\/users\/1"}],"replies":[{"embeddable":true,"href":"http:\/\/cordobadirecto.com\/index.php\/wp-json\/wp\/v2\/comments?post=154866"}],"version-history":[{"count":0,"href":"http:\/\/cordobadirecto.com\/index.php\/wp-json\/wp\/v2\/posts\/154866\/revisions"}],"wp:featuredmedia":[{"embeddable":true,"href":"http:\/\/cordobadirecto.com\/index.php\/wp-json\/wp\/v2\/media\/154867"}],"wp:attachment":[{"href":"http:\/\/cordobadirecto.com\/index.php\/wp-json\/wp\/v2\/media?parent=154866"}],"wp:term":[{"taxonomy":"category","embeddable":true,"href":"http:\/\/cordobadirecto.com\/index.php\/wp-json\/wp\/v2\/categories?post=154866"},{"taxonomy":"post_tag","embeddable":true,"href":"http:\/\/cordobadirecto.com\/index.php\/wp-json\/wp\/v2\/tags?post=154866"}],"curies":[{"name":"wp","href":"https:\/\/api.w.org\/{rel}","templated":true}]}}