{"id":154870,"date":"2024-08-27T19:44:32","date_gmt":"2024-08-27T19:44:32","guid":{"rendered":"https:\/\/es.digitaltrends.com\/?p=1038342"},"modified":"2024-08-27T19:44:32","modified_gmt":"2024-08-27T19:44:32","slug":"la-personalizacion-de-colores-se-prepara-para-desembarcar-en-whatsapp","status":"publish","type":"post","link":"http:\/\/cordobadirecto.com\/index.php\/2024\/08\/27\/la-personalizacion-de-colores-se-prepara-para-desembarcar-en-whatsapp\/","title":{"rendered":"La personalizaci\u00f3n de colores se prepara para desembarcar en WhatsApp"},"content":{"rendered":"<p>Una de las situaciones que m\u00e1s molestan a los usuarios de <a href=\"https:\/\/es.digitaltrends.com\/sociales\/whatsapp-anclar-mensajes\/\"><strong>WhatsApp<\/strong><\/a>&nbsp;es el poco nivel de personalizaci\u00f3n oficial que tiene la aplicaci\u00f3n, ya que no permite tanta utilizaci\u00f3n de fondos y colores customizados.<\/p>\n<p>Eso podr\u00eda acabarse, ya que una informaci\u00f3n del sitio especializado Wabetainfo, indica que el servicio de mensajer\u00eda trabaja en arreglar esto.<\/p>\n<p>Una actualizaci\u00f3n ofrecer\u00e1 a los usuarios una gama m\u00e1s amplia de opciones para personalizar su experiencia de chat, y cada tema proporcionar\u00e1 esquemas de color \u00fanicos para las burbujas de chat y los fondos de pantalla en el futuro. Aunque esta funci\u00f3n a\u00fan est\u00e1 en desarrollo, parece que WhatsApp ahora est\u00e1 en proceso de introducir una funci\u00f3n para establecer un tema para chats espec\u00edficos.<\/p>\n<p>As\u00ed es como quedar\u00eda la personalizaci\u00f3n:<\/p>\n<figure id=\"attachment_1038350\" aria-describedby=\"caption-attachment-1038350\" class=\"wp-caption alignnone\"><img src=\"http:\/\/cordobadirecto.com\/wp-content\/uploads\/2024\/08\/la-personalizacion-de-colores-se-prepara-para-desembarcar-en-whatsapp.gif\" data-dt-lazy-src=\"https:\/\/es.digitaltrends.com\/wp-content\/uploads\/2024\/08\/WhatsApp_c7b80b.jpeg?fit=895%2C500&amp;p=1\" fetchpriority=\"high\" decoding=\"async\" class=\" size-full wp-image-1038350 h-lightbox is-zoomable dt-lazy-load dt-lazy-pending\" alt><figcaption id=\"caption-attachment-1038350\" class=\"wp-caption-text\"><span class=\"credit\">Imagen utilizada con permiso del titular de los derechos de autor<\/span><\/figcaption><\/figure>\n<p>La opci\u00f3n se agregar\u00e1 a la pantalla de informaci\u00f3n del chat, lo que permitir\u00e1 a los usuarios cambiar el mensaje y el color de fondo seg\u00fan sus preferencias. Esto significa que los usuarios podr\u00e1n asignar un tema a un chat y un tema diferente a otro, ofreciendo una experiencia de mensajer\u00eda altamente personalizada. Vale la pena se\u00f1alar que elegir un tema para un chat espec\u00edfico anular\u00e1 el tema predeterminado, por lo que cada conversaci\u00f3n puede tener su propio aspecto \u00fanico, independientemente de la configuraci\u00f3n general aplicada al resto de la aplicaci\u00f3n.<\/p>\n<p> <span id=\"publisher-md\" itemprop=\"publisher\" itemscope itemtype=\"https:\/\/schema.org\/Organization\"> <span itemprop=\"url\" itemtype=\"https:\/\/schema.org\/Url\" content=\"https:\/\/es.digitaltrends.com\"> <span itemprop=\"logo\" itemscope itemtype=\"https:\/\/schema.org\/ImageObject\"> <meta itemprop=\"url\" content=\"https:\/\/cdn.dtcn.com\/dt\/dt-logo-small.png\"> <meta itemprop=\"width\" content=\"0\"> <meta itemprop=\"height\" content=\"0\"> <\/span> <meta itemprop=\"name\" content=\"Digital Trends Espa\u00f1ol\"> <\/span> <span itemprop=\"image\" itemscope itemtype=\"https:\/\/schema.org\/ImageObject\"> <meta itemprop=\"url\" content=\"https:\/\/es.digitaltrends.com\/wp-content\/uploads\/2024\/02\/Portada-WhatsApp-Plus.jpg?p=1\"> <\/span> <\/span> <\/p>\n","protected":false},"excerpt":{"rendered":"<p>Una de las situaciones que m\u00e1s molestan a los usuarios de WhatsApp&nbsp;es el poco nivel de personalizaci\u00f3n oficial que tiene la aplicaci\u00f3n, ya que no permite tanta utilizaci\u00f3n de fondos y colores customizados. Eso podr\u00eda acabarse, ya que una informaci\u00f3n del sitio especializado Wabetainfo, indica que el servicio de mensajer\u00eda trabaja en arreglar esto. Una [&hellip;]<\/p>\n","protected":false},"author":1,"featured_media":154871,"comment_status":"closed","ping_status":"closed","sticky":false,"template":"","format":"standard","meta":[],"categories":[26],"tags":[],"_links":{"self":[{"href":"http:\/\/cordobadirecto.com\/index.php\/wp-json\/wp\/v2\/posts\/154870"}],"collection":[{"href":"http:\/\/cordobadirecto.com\/index.php\/wp-json\/wp\/v2\/posts"}],"about":[{"href":"http:\/\/cordobadirecto.com\/index.php\/wp-json\/wp\/v2\/types\/post"}],"author":[{"embeddable":true,"href":"http:\/\/cordobadirecto.com\/index.php\/wp-json\/wp\/v2\/users\/1"}],"replies":[{"embeddable":true,"href":"http:\/\/cordobadirecto.com\/index.php\/wp-json\/wp\/v2\/comments?post=154870"}],"version-history":[{"count":0,"href":"http:\/\/cordobadirecto.com\/index.php\/wp-json\/wp\/v2\/posts\/154870\/revisions"}],"wp:featuredmedia":[{"embeddable":true,"href":"http:\/\/cordobadirecto.com\/index.php\/wp-json\/wp\/v2\/media\/154871"}],"wp:attachment":[{"href":"http:\/\/cordobadirecto.com\/index.php\/wp-json\/wp\/v2\/media?parent=154870"}],"wp:term":[{"taxonomy":"category","embeddable":true,"href":"http:\/\/cordobadirecto.com\/index.php\/wp-json\/wp\/v2\/categories?post=154870"},{"taxonomy":"post_tag","embeddable":true,"href":"http:\/\/cordobadirecto.com\/index.php\/wp-json\/wp\/v2\/tags?post=154870"}],"curies":[{"name":"wp","href":"https:\/\/api.w.org\/{rel}","templated":true}]}}