{"id":154880,"date":"2024-08-28T15:34:28","date_gmt":"2024-08-28T15:34:28","guid":{"rendered":"http:\/\/cordobadirecto.com\/index.php\/2024\/08\/28\/cartoneros-carreros-y-recicladores-denuncian-una-crisis-del-carton-cba24n\/"},"modified":"2024-08-28T15:34:28","modified_gmt":"2024-08-28T15:34:28","slug":"cartoneros-carreros-y-recicladores-denuncian-una-crisis-del-carton-cba24n","status":"publish","type":"post","link":"http:\/\/cordobadirecto.com\/index.php\/2024\/08\/28\/cartoneros-carreros-y-recicladores-denuncian-una-crisis-del-carton-cba24n\/","title":{"rendered":"Cartoneros, carreros y recicladores denuncian una crisis del cart\u00f3n &#8211; Cba24n"},"content":{"rendered":"<p>Es por eso que en <b>C\u00f3rdoba<\/b> capital la movilizaci\u00f3n se concentra desde las 10 de la ma\u00f1ana frente a la sede del Grupo ARCOR, ubicada en calle Chacabuco&nbsp;&#8230; <\/p>\n","protected":false},"excerpt":{"rendered":"<p>Es por eso que en C\u00f3rdoba capital la movilizaci\u00f3n se concentra desde las 10 de la ma\u00f1ana frente a la sede del Grupo ARCOR, ubicada en calle Chacabuco&nbsp;&#8230;<\/p>\n","protected":false},"author":1,"featured_media":0,"comment_status":"closed","ping_status":"closed","sticky":false,"template":"","format":"standard","meta":[],"categories":[40],"tags":[],"_links":{"self":[{"href":"http:\/\/cordobadirecto.com\/index.php\/wp-json\/wp\/v2\/posts\/154880"}],"collection":[{"href":"http:\/\/cordobadirecto.com\/index.php\/wp-json\/wp\/v2\/posts"}],"about":[{"href":"http:\/\/cordobadirecto.com\/index.php\/wp-json\/wp\/v2\/types\/post"}],"author":[{"embeddable":true,"href":"http:\/\/cordobadirecto.com\/index.php\/wp-json\/wp\/v2\/users\/1"}],"replies":[{"embeddable":true,"href":"http:\/\/cordobadirecto.com\/index.php\/wp-json\/wp\/v2\/comments?post=154880"}],"version-history":[{"count":0,"href":"http:\/\/cordobadirecto.com\/index.php\/wp-json\/wp\/v2\/posts\/154880\/revisions"}],"wp:attachment":[{"href":"http:\/\/cordobadirecto.com\/index.php\/wp-json\/wp\/v2\/media?parent=154880"}],"wp:term":[{"taxonomy":"category","embeddable":true,"href":"http:\/\/cordobadirecto.com\/index.php\/wp-json\/wp\/v2\/categories?post=154880"},{"taxonomy":"post_tag","embeddable":true,"href":"http:\/\/cordobadirecto.com\/index.php\/wp-json\/wp\/v2\/tags?post=154880"}],"curies":[{"name":"wp","href":"https:\/\/api.w.org\/{rel}","templated":true}]}}