{"id":154881,"date":"2024-08-28T15:48:55","date_gmt":"2024-08-28T15:48:55","guid":{"rendered":"https:\/\/es.digitaltrends.com\/?p=1038450"},"modified":"2024-08-28T15:48:55","modified_gmt":"2024-08-28T15:48:55","slug":"primeras-criticas-de-los-anillos-de-poder-2-llega-la-oscuridad-y-eso-es-bueno","status":"publish","type":"post","link":"http:\/\/cordobadirecto.com\/index.php\/2024\/08\/28\/primeras-criticas-de-los-anillos-de-poder-2-llega-la-oscuridad-y-eso-es-bueno\/","title":{"rendered":"Primeras cr\u00edticas de Los Anillos de Poder 2: llega la oscuridad y eso es bueno"},"content":{"rendered":"<figure id=\"attachment_1024988\" aria-describedby=\"caption-attachment-1024988\" class=\"wp-caption alignnone\"><img src=\"http:\/\/cordobadirecto.com\/wp-content\/uploads\/2024\/08\/primeras-criticas-de-los-anillos-de-poder-2-llega-la-oscuridad-y-eso-es-bueno.jpg\" data-dt-lazy-src=\"http:\/\/cordobadirecto.com\/wp-content\/uploads\/2024\/08\/primeras-criticas-de-los-anillos-de-poder-2-llega-la-oscuridad-y-eso-es-bueno.jpg\" fetchpriority=\"high\" decoding=\"async\" class=\" size-full wp-image-1024988 h-lightbox is-zoomable dt-lazy-no\" alt=\"Galadriel\" srcset=\"http:\/\/cordobadirecto.com\/wp-content\/uploads\/2024\/08\/primeras-criticas-de-los-anillos-de-poder-2-llega-la-oscuridad-y-eso-es-bueno-1.jpg 414w, http:\/\/cordobadirecto.com\/wp-content\/uploads\/2024\/08\/primeras-criticas-de-los-anillos-de-poder-2-llega-la-oscuridad-y-eso-es-bueno.jpg\" sizes=\"(max-width: 650px) 414px\"><figcaption id=\"caption-attachment-1024988\" class=\"wp-caption-text\"><span class=\"credit\">DTES<\/span><\/figcaption><\/figure>\n<p>Este jueves 29 de agosto se estrenar\u00e1n los primeros tres cap\u00edtulos de la segunda temporada de <a href=\"https:\/\/es.digitaltrends.com\/entretenimiento\/el-senor-de-los-anillos-los-anillos-de-poder-trailer-extenso-temporada-2\/\"><strong>El Se\u00f1or de los Anillos: Los Anillos de Poder<\/strong><\/a>, y las primeras cr\u00edticas son relativamente positivas, sobre todo destacando el tono m\u00e1s oscuro y el advenimiento de Sauron.<\/p>\n<p>Si bien la apuesta por m\u00e1s oscuridad ha ayudado a esta segunda temporada, luego de una primera parte que dej\u00f3 m\u00e1s dudas que satisfacciones, tambi\u00e9n las cr\u00edticas indican que por momentos todo se vuelve m\u00e1s lento y con muchas historias paralelas caminando entre s\u00ed.<\/p>\n<h2>Las primeras cr\u00edticas a Los Anillos de Poder 2<\/h2>\n<ul>\n<li>\u00abA diferencia de la primera temporada, esta convincente narrativa central [de Sauron y Galadriel] se sostiene por s\u00ed misma, impulsando la historia hacia adelante en lugar de desvanecerse en una vaga cacofon\u00eda de tramas inconexas que luchan por la supremac\u00eda\u00bb, James Osborne de <a href=\"https:\/\/www.radiotimes.com\/tv\/fantasy\/rings-of-power-season-2-review\/\" data-mrf-link=\"https:\/\/www.radiotimes.com\/tv\/fantasy\/rings-of-power-season-2-review\/\">Radio Times<\/a>.<\/li>\n<li>\u00abLa temporada 2 est\u00e1 en su mejor momento cuando se trata de los mismos temas de corrupci\u00f3n y complicidad que atraviesan las obras de Tolkien, utilizando la influencia de los anillos como una taquigraf\u00eda conveniente para explorar las formas en que las decisiones tomadas con las mejores intenciones pueden torcerse con el tiempo\u00bb, escribe Lacy Baugher Milas para&nbsp;<a href=\"https:\/\/www.pastemagazine.com\/tv\/amazon-prime-video\/the-lord-of-the-rings-the-rings-of-power-season-2-review\" data-mrf-link=\"https:\/\/www.pastemagazine.com\/tv\/amazon-prime-video\/the-lord-of-the-rings-the-rings-of-power-season-2-review\">Paste<\/a>.<\/li>\n<li>\u00abCon un Sauron que cambia de forma desenmascarado y el primer conjunto de la joya titular forjada,&nbsp;<em>Los Anillos de Poder<\/em>&nbsp;finalmente tiene los m\u00e1s leves indicios de impulso narrativo\u00bb, se lee en la cr\u00edtica mordaz de Alison Herman para Variety. \u00abPero la segunda entrega de este programa, tan hermosa pero plana como el salpicadero de una cocina, tiene los mismos problemas que la primera, menos mucha confianza en que estos problemas alguna vez desaparecer\u00e1n\u00bb.<\/li>\n<li>\u00abEst\u00e1n sucediendo tantas cosas que se necesitan las primeras tres horas de esta entrega de ocho partes solo para consultar a todos los personajes principales, y hay tanto en juego que cada conversaci\u00f3n parece cargada con el potencial de salvar el mundo o destruirlo\u00bb, agrega Angie Han de The&nbsp;<a href=\"https:\/\/www.hollywoodreporter.com\/tv\/tv-reviews\/the-lord-of-the-rings-the-rings-of-power-review-season-2-1235982663\/\" data-mrf-link=\"https:\/\/www.hollywoodreporter.com\/tv\/tv-reviews\/the-lord-of-the-rings-the-rings-of-power-review-season-2-1235982663\/\">Hollywood Reporter<\/a>. \u00abEn una cascada de eventos tan estremecedora, los peque\u00f1os momentos tienden a perderse\u00bb.<\/li>\n<li>\u00abCondenada para siempre a ser comparada negativamente con la serie precuela&nbsp;<em>de Game of Thrones<\/em>,&nbsp;<em>House of the Dragon<\/em>, la segunda temporada de&nbsp;<em>Rings<\/em>&nbsp;hace una cosa mejor: ofrece la brutal batalla clim\u00e1tica que no se materializ\u00f3 en la segunda temporada reci\u00e9n terminada de su rival\u00bb, escribe&nbsp;<a href=\"https:\/\/www.thewrap.com\/lord-of-the-rings-rings-of-power-season-2-review-prime-video\/\" data-mrf-link=\"https:\/\/www.thewrap.com\/lord-of-the-rings-rings-of-power-season-2-review-prime-video\/\">Bob Strauss de The Wrap<\/a>.<\/li>\n<\/ul>\n<p> <span id=\"publisher-md\" itemprop=\"publisher\" itemscope itemtype=\"https:\/\/schema.org\/Organization\"> <span itemprop=\"url\" itemtype=\"https:\/\/schema.org\/Url\" content=\"https:\/\/es.digitaltrends.com\"> <span itemprop=\"logo\" itemscope itemtype=\"https:\/\/schema.org\/ImageObject\"> <meta itemprop=\"url\" content=\"https:\/\/cdn.dtcn.com\/dt\/dt-logo-small.png\"> <meta itemprop=\"width\" content=\"0\"> <meta itemprop=\"height\" content=\"0\"> <\/span> <meta itemprop=\"name\" content=\"Digital Trends Espa\u00f1ol\"> <\/span> <span itemprop=\"image\" itemscope itemtype=\"https:\/\/schema.org\/ImageObject\"> <meta itemprop=\"url\" content=\"https:\/\/es.digitaltrends.com\/wp-content\/uploads\/2024\/05\/Sauron.jpeg?p=1\"> <\/span> <\/span> <\/p>\n","protected":false},"excerpt":{"rendered":"<p>DTES Este jueves 29 de agosto se estrenar\u00e1n los primeros tres cap\u00edtulos de la segunda temporada de El Se\u00f1or de los Anillos: Los Anillos de Poder, y las primeras cr\u00edticas son relativamente positivas, sobre todo destacando el tono m\u00e1s oscuro y el advenimiento de Sauron. Si bien la apuesta por m\u00e1s oscuridad ha ayudado a [&hellip;]<\/p>\n","protected":false},"author":1,"featured_media":154882,"comment_status":"closed","ping_status":"closed","sticky":false,"template":"","format":"standard","meta":[],"categories":[18],"tags":[],"_links":{"self":[{"href":"http:\/\/cordobadirecto.com\/index.php\/wp-json\/wp\/v2\/posts\/154881"}],"collection":[{"href":"http:\/\/cordobadirecto.com\/index.php\/wp-json\/wp\/v2\/posts"}],"about":[{"href":"http:\/\/cordobadirecto.com\/index.php\/wp-json\/wp\/v2\/types\/post"}],"author":[{"embeddable":true,"href":"http:\/\/cordobadirecto.com\/index.php\/wp-json\/wp\/v2\/users\/1"}],"replies":[{"embeddable":true,"href":"http:\/\/cordobadirecto.com\/index.php\/wp-json\/wp\/v2\/comments?post=154881"}],"version-history":[{"count":0,"href":"http:\/\/cordobadirecto.com\/index.php\/wp-json\/wp\/v2\/posts\/154881\/revisions"}],"wp:featuredmedia":[{"embeddable":true,"href":"http:\/\/cordobadirecto.com\/index.php\/wp-json\/wp\/v2\/media\/154882"}],"wp:attachment":[{"href":"http:\/\/cordobadirecto.com\/index.php\/wp-json\/wp\/v2\/media?parent=154881"}],"wp:term":[{"taxonomy":"category","embeddable":true,"href":"http:\/\/cordobadirecto.com\/index.php\/wp-json\/wp\/v2\/categories?post=154881"},{"taxonomy":"post_tag","embeddable":true,"href":"http:\/\/cordobadirecto.com\/index.php\/wp-json\/wp\/v2\/tags?post=154881"}],"curies":[{"name":"wp","href":"https:\/\/api.w.org\/{rel}","templated":true}]}}