{"id":154885,"date":"2024-08-29T03:02:32","date_gmt":"2024-08-29T03:02:32","guid":{"rendered":"http:\/\/cordobadirecto.com\/index.php\/2024\/08\/29\/una-nueva-ley-de-biocombustibles-divide-a-empresas-y-provincias-perfil\/"},"modified":"2024-08-29T03:02:32","modified_gmt":"2024-08-29T03:02:32","slug":"una-nueva-ley-de-biocombustibles-divide-a-empresas-y-provincias-perfil","status":"publish","type":"post","link":"http:\/\/cordobadirecto.com\/index.php\/2024\/08\/29\/una-nueva-ley-de-biocombustibles-divide-a-empresas-y-provincias-perfil\/","title":{"rendered":"Una <b>nueva<\/b> ley de biocombustibles divide a empresas y provincias &#8211; Perfil"},"content":{"rendered":"<p>&#8230; <b>ECONOMIA<\/b>. Agroindustria. Una <b>nueva<\/b> ley de biocombustibles divide a &#8230; La Liga Bioenerg\u00e9tica de Provincias, conformada por Santa Fe, Entre R\u00edos, <b>C\u00f3rdoba<\/b>&nbsp;&#8230; <\/p>\n","protected":false},"excerpt":{"rendered":"<p>&#8230; ECONOMIA. Agroindustria. Una nueva ley de biocombustibles divide a &#8230; La Liga Bioenerg\u00e9tica de Provincias, conformada por Santa Fe, Entre R\u00edos, C\u00f3rdoba&nbsp;&#8230;<\/p>\n","protected":false},"author":1,"featured_media":0,"comment_status":"closed","ping_status":"closed","sticky":false,"template":"","format":"standard","meta":[],"categories":[40],"tags":[],"_links":{"self":[{"href":"http:\/\/cordobadirecto.com\/index.php\/wp-json\/wp\/v2\/posts\/154885"}],"collection":[{"href":"http:\/\/cordobadirecto.com\/index.php\/wp-json\/wp\/v2\/posts"}],"about":[{"href":"http:\/\/cordobadirecto.com\/index.php\/wp-json\/wp\/v2\/types\/post"}],"author":[{"embeddable":true,"href":"http:\/\/cordobadirecto.com\/index.php\/wp-json\/wp\/v2\/users\/1"}],"replies":[{"embeddable":true,"href":"http:\/\/cordobadirecto.com\/index.php\/wp-json\/wp\/v2\/comments?post=154885"}],"version-history":[{"count":0,"href":"http:\/\/cordobadirecto.com\/index.php\/wp-json\/wp\/v2\/posts\/154885\/revisions"}],"wp:attachment":[{"href":"http:\/\/cordobadirecto.com\/index.php\/wp-json\/wp\/v2\/media?parent=154885"}],"wp:term":[{"taxonomy":"category","embeddable":true,"href":"http:\/\/cordobadirecto.com\/index.php\/wp-json\/wp\/v2\/categories?post=154885"},{"taxonomy":"post_tag","embeddable":true,"href":"http:\/\/cordobadirecto.com\/index.php\/wp-json\/wp\/v2\/tags?post=154885"}],"curies":[{"name":"wp","href":"https:\/\/api.w.org\/{rel}","templated":true}]}}