{"id":154908,"date":"2024-08-28T21:24:17","date_gmt":"2024-08-28T21:24:17","guid":{"rendered":"https:\/\/www.ole.com.ar\/autos\/racha-negativa-ultimos-debutantes-argentinos-formula1-franco-colapinto-monza-williams_0_bEYGeMExzW.html"},"modified":"2024-08-28T21:24:17","modified_gmt":"2024-08-28T21:24:17","slug":"la-impresionante-racha-que-colapinto-intentara-romper-en-la-formula-1","status":"publish","type":"post","link":"http:\/\/cordobadirecto.com\/index.php\/2024\/08\/28\/la-impresionante-racha-que-colapinto-intentara-romper-en-la-formula-1\/","title":{"rendered":"La impresionante racha que Colapinto intentar\u00e1 romper en la F\u00f3rmula 1"},"content":{"rendered":"<p><time class=\"createDate\" datetime=\"2024-08-28T18:24:17-03:00\">28\/08\/2024 18:24hs.<\/time><\/p>\n<div id=\"storyBody\">\n<div class=\"custom-text \" readability=\"36.194503171247\">\n<p>Este fin de semana, el automovilismo argentino vivir\u00e1 un momento hist\u00f3rico: <strong><a href=\"https:\/\/www.ole.com.ar\/tema\/hePDtciO3q.html\" title=\"el debut de Franco Colapinto en la F\u00f3rmula 1\" alt=\"el debut de Franco Colapinto en la F\u00f3rmula 1\">el debut de Franco Colapinto en la F\u00f3rmula 1<\/a><\/strong>. A sus 21 a\u00f1os, har\u00e1 su estreno en la M\u00e1xima con el equipo brit\u00e1nico Williams, en el Gran Premio de Monza. All\u00ed, el pilarense no solo pondr\u00e1 a prueba sus habilidades al volante, sino que tambi\u00e9n buscar\u00e1 romper una<strong> ins\u00f3lita racha negativa<\/strong> <strong>relacionada a las primeras participaciones de los \u00faltimos representantes argentinos en la categor\u00eda<\/strong>.<\/p>\n<\/div>\n<div class=\"custom-text \" readability=\"34\">\n<p>Y es que la historia reciente de los corredores albicelestes en la F1 no fue particularmente afortunada. Resulta que <strong>los \u00faltimos cinco <\/strong>compatriotas que se subieron a un monoplaza por primera vez en la competici\u00f3n <strong>tuvieron que abandonar en sus respectivos estrenos<\/strong>.<\/p>\n<\/div>\n<div class=\"custom-text \" readability=\"41\">\n<p>Todo comenz\u00f3 en 1981 con <strong>Miguel \u00c1ngel Guerra<\/strong>, que debut\u00f3 con el equipo Osella Denim en el Gran Premio de San Marino. Casi sin conocer el auto, el piloto cont\u00f3 con muchos problemas en la direcci\u00f3n y, tras un accidente, debi\u00f3 dejar la carrera. Siete a\u00f1os despu\u00e9s, en 1988, <strong>Oscar Larrauri<\/strong> vivi\u00f3 la misma suerte con su Eurobrun ER188 en Brasil: ni siquiera larg\u00f3 en la definici\u00f3n por una falla el\u00e9ctrica.<\/p>\n<\/div>\n<div class=\"sc-e7b891c4-0 ifHnQL\"><img alt=\"Gast\u00f3n Mazzacane, el \u00faltimo argentino que pas\u00f3 por la F\u00f3rmula 1.\" loading=\"lazy\" width=\"720\" height=\"100\" decoding=\"async\" data-nimg=\"1\" src=\"http:\/\/cordobadirecto.com\/wp-content\/uploads\/2024\/08\/la-impresionante-racha-que-colapinto-intentara-romper-en-la-formula-1.jpg\"><span class=\"epigraphe\">Gast\u00f3n Mazzacane, el \u00faltimo argentino que pas\u00f3 por la F\u00f3rmula 1.<\/span><\/div>\n<div class=\"custom-text \" readability=\"40\">\n<p>Luego fue el turno de <strong>Norberto Fontana<\/strong>, cuyo debut con Sauber en 1997 por el Gran Premio de Francia culmin\u00f3 en abandono por un problema en la caja de cambios cuando marchaba en el 16\u00b0 lugar. Un a\u00f1o m\u00e1s tarde, <strong>Esteban Tuero<\/strong> protagoniz\u00f3 con el Minardi M198 un accidente en su estreno por el GP de Australia, mismo circuito en el que <strong>Gast\u00f3n Mazzacane<\/strong>, en el 2000, se vio obligado a retirarse de la final por un inconveniente mec\u00e1nico en su Minardi M02.<\/p>\n<\/div>\n<div class=\"custom-text \" readability=\"34.714285714286\">\n<p><strong>Cinco nombres, cinco abandonos<\/strong>. Una tendencia que Colapinto buscar\u00e1 revertir este fin de semana en Monza, un circuito legendario donde los resultados pueden ser impredecibles (\u00e9l ya sabe lo que es ganar en este trazado, tanto con la F3 como con la F2). Si bien las esperanzas de sumar puntos son casi nulas <strong><a href=\"https:\/\/www.ole.com.ar\/tema\/3HKzhC3kCa.html\" title=\"(manejar\u00e1 uno de los peores autos del campeonato)\" alt=\"(manejar\u00e1 uno de los peores autos del campeonato)\">(manejar\u00e1 uno de los peores autos del campeonato)<\/a><\/strong>, el argentino sue\u00f1a con tener una aprobada primera vez en la \u00e9lite del automovilismo mundial.<\/p>\n<\/div>\n<div class=\"sc-e7b891c4-0 ifHnQL\"><img alt=\"Colapinto ya prob\u00f3 el Williams de Sargeant en Silverstone. (AP)\" loading=\"lazy\" width=\"720\" height=\"100\" decoding=\"async\" data-nimg=\"1\" src=\"http:\/\/cordobadirecto.com\/wp-content\/uploads\/2024\/08\/la-impresionante-racha-que-colapinto-intentara-romper-en-la-formula-1-1.jpg\"><span class=\"epigraphe\">Colapinto ya prob\u00f3 el Williams de Sargeant en Silverstone. (AP)<\/span><\/div>\n<p><h2><strong>\u00bfCu\u00e1ndo debuta Colapinto en F\u00f3rmula 1?<\/strong><\/h2>\n<\/p>\n<div class=\"custom-text \" readability=\"34.803797468354\">\n<p>Este <strong>domingo 1 de septiembre, a partir de las 10<\/strong>, el pilarense de 21 a\u00f1os har\u00e1 su estreno oficial como segundo piloto del equipo Williams en el Aut\u00f3dromo Nazionale de Monza, en Italia. Este circuito es correspondiente a la carrera n\u00famero 16 del calendario de F1, y despu\u00e9s ya <strong><a href=\"https:\/\/www.ole.com.ar\/tema\/hvOUYXY431.html\" title=\"le quedar\u00e1n ocho m\u00e1s por delante\" alt=\"le quedar\u00e1n ocho m\u00e1s por delante\">le quedar\u00e1n ocho m\u00e1s por delante<\/a><\/strong>.<\/p>\n<\/div>\n<div class=\"sc-e7b891c4-0 ifHnQL\"><img alt=\"Colapinto debutar\u00e1 este fin de semana en la F\u00f3rmula 1. (@X)\" loading=\"lazy\" width=\"720\" height=\"100\" decoding=\"async\" data-nimg=\"1\" src=\"http:\/\/cordobadirecto.com\/wp-content\/uploads\/2024\/08\/la-impresionante-racha-que-colapinto-intentara-romper-en-la-formula-1-2.jpg\"><span class=\"epigraphe\">Colapinto debutar\u00e1 este fin de semana en la F\u00f3rmula 1. (@X)<\/span><\/div>\n<div class=\"custom-text \" readability=\"41\">\n<p><strong>Franco sustituir\u00e1 al piloto estadounidense Logan Sargeant<\/strong>, que no sum\u00f3 puntos en 15 carreras, dos veces no llev\u00f3 el auto a la bandera de cuadros y su mejor posici\u00f3n fue un 11\u00b0 puesto en Silverstone, Inglaterra. Alex Albon (primer piloto del equipo Williams), en cambio, acumula cuatro unidades, producto de dos novenos puestos conseguidos en M\u00f3naco y tambi\u00e9n en Gran Breta\u00f1a.<\/p>\n<\/div>\n<div class=\"sc-a7166897-0 eoLsBE\" readability=\"6\">\n<section readability=\"2\"><picture><img alt=\"\u00bfQui\u00e9n es el \u00fanico piloto de F\u00f3rmula 1 que empez\u00f3 a seguir a Franco Colapinto?\" loading=\"lazy\" width=\"290\" height=\"290\" decoding=\"async\" data-nimg=\"1\" src=\"http:\/\/cordobadirecto.com\/wp-content\/uploads\/2024\/08\/la-impresionante-racha-que-colapinto-intentara-romper-en-la-formula-1-3.jpg\"><\/picture>\n<p><span>Mir\u00e1 tambi\u00e9n<\/span><\/p>\n<hr>\n<h3>\u00bfQui\u00e9n es el \u00fanico piloto de F\u00f3rmula 1 que empez\u00f3 a seguir a Franco Colapinto?<\/h3>\n<\/p>\n<\/section>\n<\/div>\n<div class=\"sc-a7166897-0 eoLsBE\" readability=\"6\">\n<section readability=\"2\"><picture><img alt=\"Ins\u00f3lito error: en Monza se confundieron el apellido de Colapinto\" loading=\"lazy\" width=\"290\" height=\"290\" decoding=\"async\" data-nimg=\"1\" src=\"http:\/\/cordobadirecto.com\/wp-content\/uploads\/2024\/08\/la-impresionante-racha-que-colapinto-intentara-romper-en-la-formula-1-4.jpg\"><\/picture>\n<p><span>Mir\u00e1 tambi\u00e9n<\/span><\/p>\n<hr>\n<h3>Ins\u00f3lito error: en Monza se confundieron el apellido de Colapinto<\/h3>\n<\/p>\n<\/section>\n<\/div>\n<div class=\"sc-a7166897-0 eoLsBE\" readability=\"6\">\n<section readability=\"2\"><picture><img alt=\"El piloto argentino que se propuso para reemplazar a Colapinto en la F\u00f3rmula 2\" loading=\"lazy\" width=\"290\" height=\"290\" decoding=\"async\" data-nimg=\"1\" src=\"http:\/\/cordobadirecto.com\/wp-content\/uploads\/2024\/08\/la-impresionante-racha-que-colapinto-intentara-romper-en-la-formula-1-5.jpg\"><\/picture>\n<p><span>Mir\u00e1 tambi\u00e9n<\/span><\/p>\n<hr>\n<h3>El piloto argentino que se propuso para reemplazar a Colapinto en la F\u00f3rmula 2<\/h3>\n<\/p>\n<\/section>\n<\/div>\n<div class=\"sc-a7166897-0 eoLsBE\" readability=\"6\">\n<section readability=\"2\"><picture><img alt=\"Qu\u00e9 tan bueno es el auto que va a correr Colapinto en la F1\" loading=\"lazy\" width=\"290\" height=\"290\" decoding=\"async\" data-nimg=\"1\" src=\"http:\/\/cordobadirecto.com\/wp-content\/uploads\/2024\/08\/la-impresionante-racha-que-colapinto-intentara-romper-en-la-formula-1-6.jpg\"><\/picture>\n<p><span>Mir\u00e1 tambi\u00e9n<\/span><\/p>\n<hr>\n<h3>Qu\u00e9 tan bueno es el auto que va a correr Colapinto en la F1<\/h3>\n<\/p>\n<\/section>\n<\/div>\n<\/div>\n","protected":false},"excerpt":{"rendered":"<p>28\/08\/2024 18:24hs. Este fin de semana, el automovilismo argentino vivir\u00e1 un momento hist\u00f3rico: el debut de Franco Colapinto en la F\u00f3rmula 1. A sus 21 a\u00f1os, har\u00e1 su estreno en la M\u00e1xima con el equipo brit\u00e1nico Williams, en el Gran Premio de Monza. All\u00ed, el pilarense no solo pondr\u00e1 a prueba sus habilidades al volante, [&hellip;]<\/p>\n","protected":false},"author":1,"featured_media":154909,"comment_status":"closed","ping_status":"closed","sticky":false,"template":"","format":"standard","meta":[],"categories":[21],"tags":[],"_links":{"self":[{"href":"http:\/\/cordobadirecto.com\/index.php\/wp-json\/wp\/v2\/posts\/154908"}],"collection":[{"href":"http:\/\/cordobadirecto.com\/index.php\/wp-json\/wp\/v2\/posts"}],"about":[{"href":"http:\/\/cordobadirecto.com\/index.php\/wp-json\/wp\/v2\/types\/post"}],"author":[{"embeddable":true,"href":"http:\/\/cordobadirecto.com\/index.php\/wp-json\/wp\/v2\/users\/1"}],"replies":[{"embeddable":true,"href":"http:\/\/cordobadirecto.com\/index.php\/wp-json\/wp\/v2\/comments?post=154908"}],"version-history":[{"count":0,"href":"http:\/\/cordobadirecto.com\/index.php\/wp-json\/wp\/v2\/posts\/154908\/revisions"}],"wp:featuredmedia":[{"embeddable":true,"href":"http:\/\/cordobadirecto.com\/index.php\/wp-json\/wp\/v2\/media\/154909"}],"wp:attachment":[{"href":"http:\/\/cordobadirecto.com\/index.php\/wp-json\/wp\/v2\/media?parent=154908"}],"wp:term":[{"taxonomy":"category","embeddable":true,"href":"http:\/\/cordobadirecto.com\/index.php\/wp-json\/wp\/v2\/categories?post=154908"},{"taxonomy":"post_tag","embeddable":true,"href":"http:\/\/cordobadirecto.com\/index.php\/wp-json\/wp\/v2\/tags?post=154908"}],"curies":[{"name":"wp","href":"https:\/\/api.w.org\/{rel}","templated":true}]}}