{"id":154910,"date":"2024-08-28T20:14:41","date_gmt":"2024-08-28T20:14:41","guid":{"rendered":"https:\/\/www.ole.com.ar\/autos\/colapinto-formula1-williams-error-nombre_0_6vYmXvMLuc.html"},"modified":"2024-08-28T20:14:41","modified_gmt":"2024-08-28T20:14:41","slug":"insolito-error-en-monza-se-confundieron-el-apellido-de-colapinto","status":"publish","type":"post","link":"http:\/\/cordobadirecto.com\/index.php\/2024\/08\/28\/insolito-error-en-monza-se-confundieron-el-apellido-de-colapinto\/","title":{"rendered":"Ins\u00f3lito error: en Monza se confundieron el apellido de Colapinto"},"content":{"rendered":"<p><time class=\"createDate\" datetime=\"2024-08-28T17:14:41-03:00\">28\/08\/2024 17:14hs.<\/time><\/p>\n<div id=\"storyBody\">\n<div class=\"custom-text \" readability=\"33.648083623693\">\n<p>Todav\u00eda no arranco la historia de <a href=\"https:\/\/www.ole.com.ar\/tema\/franco-colapinto.html\" title=\"Franco Colapinto\" alt=\"Franco Colapinto\" class=\"slug\">Franco Colapinto<\/a> en la <a href=\"https:\/\/www.ole.com.ar\/tema\/formula1.html\" title=\"F\u00f3rmula1\" alt=\"F\u00f3rmula1\" class=\"slug\">F\u00f3rmula 1<\/a> y <strong>ya hubo un error con su nombre<\/strong>. En el GP de Monza, donde har\u00e1 su debut, la organizaci\u00f3n<strong> cometi\u00f3 un ins\u00f3lito error a la hora de armar el paddock que incluye el nombre, fotograf\u00eda y n\u00famero del corredor argentino.<\/strong><\/p>\n<\/div>\n<div class=\"custom-text \" readability=\"27.577639751553\">\n<p>En una imagen que se viraliz\u00f3 de manera instantanea en redes sociales, sumado al furor que caus\u00f3 este martes el <a href=\"https:\/\/www.ole.com.ar\/autos\/franco-colapinto-formila-1_0_hePDtciO3q.html\" target=\"_self\" title=\"nombramiento de Franco Colapinto como corredor del equipo Williams en F\u00f3rmula Uno\" alt=\"nombramiento de Franco Colapinto como corredor del equipo Williams en F\u00f3rmula Uno\" rel=\"noopener\">nombramiento de Franco Colapinto como corredor del equipo Williams en F\u00f3rmula Uno<\/a> hasta el final de la temporada, el <strong>equipo brit\u00e1nico escribi\u00f3 mal el nombre del argentino<\/strong> que reemplazar\u00e1 a Logan Sargeant.<\/p>\n<\/div>\n<div class=\"sc-e7b891c4-0 ifHnQL\"><img alt=\"Colapinto con la ropa de Williams (@WilliamsRacing)\" loading=\"lazy\" width=\"720\" height=\"100\" decoding=\"async\" data-nimg=\"1\" src=\"http:\/\/cordobadirecto.com\/wp-content\/uploads\/2024\/08\/insolito-error-en-monza-se-confundieron-el-apellido-de-colapinto.jpg\"><span class=\"epigraphe\">Colapinto con la ropa de Williams (@WilliamsRacing)<\/span><\/div>\n<div class=\"custom-text \" readability=\"35\">\n<p>En el paddock estaba la imagen de Franco y su flamante n\u00famero 43 <strong>pero el apellido estaba mal escrito.<\/strong> En lugar de Colapinto, <strong>aparec\u00eda como Colopinto<\/strong>. El nacido en Pilar se subir\u00e1 al monoplaza por lo que resta de temporada (nueve fechas) en la m\u00e1xima categor\u00eda del deporte motor.<\/p>\n<\/div>\n<div class=\"sc-e7b891c4-0 ifHnQL\"><img alt=\"El error de Williams con Colapinto\" loading=\"lazy\" width=\"720\" height=\"100\" decoding=\"async\" data-nimg=\"1\" src=\"http:\/\/cordobadirecto.com\/wp-content\/uploads\/2024\/08\/insolito-error-en-monza-se-confundieron-el-apellido-de-colapinto-1.jpg\"><span class=\"epigraphe\">El error de Williams con Colapinto<\/span><\/div>\n<div class=\"custom-text \" readability=\"39\">\n<p><strong>Colapinto lucir\u00e1 el n\u00famero 43<\/strong> en su auto cuando haga su debut en el Gran Premio de Italia. Y no es uno cualquiera dado que ya fue usado por el argentino, cuando corr\u00eda en el certamen regional de Karting. Su pap\u00e1 Anibal coment\u00f3 acerca de eso y del gusto que tiene Colapinto por \u00e9l. &#8220;Siempre que lo dejaban elegir, \u00e9l lo usaba. Adem\u00e1s, <strong>yo tambi\u00e9n llevaba ese n\u00famero en mis \u00e9pocas como piloto. Se puede decir que lo hered\u00f3 de m\u00ed<\/strong>&#8220;, coment\u00f3 en una entrevista con Carburando.<\/p>\n<\/div>\n<div class=\"sc-e7b891c4-0 ifHnQL\"><img alt=\"Colapinto corriendo con el 43 pintado en su monoplaza. (@Gregori0F1)\" loading=\"lazy\" width=\"720\" height=\"100\" decoding=\"async\" data-nimg=\"1\" src=\"http:\/\/cordobadirecto.com\/wp-content\/uploads\/2024\/08\/insolito-error-en-monza-se-confundieron-el-apellido-de-colapinto-2.jpg\"><span class=\"epigraphe\">Colapinto corriendo con el 43 pintado en su monoplaza. (@Gregori0F1)<\/span><\/div>\n<div class=\"custom-text \" readability=\"38\">\n<p>El equipo al que se suma Colapinto<strong> no es de los principales en la competencia de la F\u00f3rmula Uno<\/strong>. Para tener un contexto m\u00e1s amplio, <strong>marcha 9\u00b0 de 10 equipos con cuatro unidades. <\/strong>Esto se debe a que el otro corredor de Williams y ahora nuevo compa\u00f1ero de Colapinto, el tailand\u00e9s Alexander Albon, consigui\u00f3 dos novenos puestos.<\/p>\n<\/div>\n<div class=\"sc-e7b891c4-0 ifHnQL\"><img alt=\"El auto de Alexander Albon, el nuevo compa\u00f1ero de Colapinto en la F1 (REUTERS)\" loading=\"lazy\" width=\"720\" height=\"100\" decoding=\"async\" data-nimg=\"1\" src=\"http:\/\/cordobadirecto.com\/wp-content\/uploads\/2024\/08\/insolito-error-en-monza-se-confundieron-el-apellido-de-colapinto-3.jpg\"><span class=\"epigraphe\">El auto de Alexander Albon, el nuevo compa\u00f1ero de Colapinto en la F1 (REUTERS)<\/span><\/div>\n<div class=\"sc-a7166897-0 eoLsBE\" readability=\"6.5\">\n<section readability=\"3\"><picture><img alt=\"Colapinto, Williams y la F1: un fin de semana que abri\u00f3 mil interrogantes\" loading=\"lazy\" width=\"290\" height=\"290\" decoding=\"async\" data-nimg=\"1\" src=\"http:\/\/cordobadirecto.com\/wp-content\/uploads\/2024\/08\/insolito-error-en-monza-se-confundieron-el-apellido-de-colapinto-4.jpg\"><\/picture>\n<p><span>Mir\u00e1 tambi\u00e9n<\/span><\/p>\n<hr>\n<h3>Colapinto, Williams y la F1: un fin de semana que abri\u00f3 mil interrogantes<\/h3>\n<\/p>\n<\/section>\n<\/div>\n<div class=\"sc-a7166897-0 eoLsBE\" readability=\"6\">\n<section readability=\"2\"><picture><img alt=\"Qu\u00e9 tan bueno es el auto que va a correr Colapinto en la F1\" loading=\"lazy\" width=\"290\" height=\"290\" decoding=\"async\" data-nimg=\"1\" src=\"http:\/\/cordobadirecto.com\/wp-content\/uploads\/2024\/08\/insolito-error-en-monza-se-confundieron-el-apellido-de-colapinto-5.jpg\"><\/picture>\n<p><span>Mir\u00e1 tambi\u00e9n<\/span><\/p>\n<hr>\n<h3>Qu\u00e9 tan bueno es el auto que va a correr Colapinto en la F1<\/h3>\n<\/p>\n<\/section>\n<\/div>\n<div class=\"sc-a7166897-0 eoLsBE\" readability=\"6\">\n<section readability=\"2\"><picture><img alt=\"Colapinto de ni\u00f1o sobre correr en F1: &quot;Todav\u00eda falta mucho...&quot;\" loading=\"lazy\" width=\"290\" height=\"290\" decoding=\"async\" data-nimg=\"1\" src=\"http:\/\/cordobadirecto.com\/wp-content\/uploads\/2024\/08\/insolito-error-en-monza-se-confundieron-el-apellido-de-colapinto-6.jpg\"><\/picture>\n<p><span>Mir\u00e1 tambi\u00e9n<\/span><\/p>\n<hr>\n<h3>Colapinto de ni\u00f1o sobre correr en F1: &#8220;Todav\u00eda falta mucho&#8230;&#8221;<\/h3>\n<\/p>\n<\/section>\n<\/div>\n<\/div>\n","protected":false},"excerpt":{"rendered":"<p>28\/08\/2024 17:14hs. Todav\u00eda no arranco la historia de Franco Colapinto en la F\u00f3rmula 1 y ya hubo un error con su nombre. En el GP de Monza, donde har\u00e1 su debut, la organizaci\u00f3n cometi\u00f3 un ins\u00f3lito error a la hora de armar el paddock que incluye el nombre, fotograf\u00eda y n\u00famero del corredor argentino. En [&hellip;]<\/p>\n","protected":false},"author":1,"featured_media":154911,"comment_status":"closed","ping_status":"closed","sticky":false,"template":"","format":"standard","meta":[],"categories":[21],"tags":[],"_links":{"self":[{"href":"http:\/\/cordobadirecto.com\/index.php\/wp-json\/wp\/v2\/posts\/154910"}],"collection":[{"href":"http:\/\/cordobadirecto.com\/index.php\/wp-json\/wp\/v2\/posts"}],"about":[{"href":"http:\/\/cordobadirecto.com\/index.php\/wp-json\/wp\/v2\/types\/post"}],"author":[{"embeddable":true,"href":"http:\/\/cordobadirecto.com\/index.php\/wp-json\/wp\/v2\/users\/1"}],"replies":[{"embeddable":true,"href":"http:\/\/cordobadirecto.com\/index.php\/wp-json\/wp\/v2\/comments?post=154910"}],"version-history":[{"count":0,"href":"http:\/\/cordobadirecto.com\/index.php\/wp-json\/wp\/v2\/posts\/154910\/revisions"}],"wp:featuredmedia":[{"embeddable":true,"href":"http:\/\/cordobadirecto.com\/index.php\/wp-json\/wp\/v2\/media\/154911"}],"wp:attachment":[{"href":"http:\/\/cordobadirecto.com\/index.php\/wp-json\/wp\/v2\/media?parent=154910"}],"wp:term":[{"taxonomy":"category","embeddable":true,"href":"http:\/\/cordobadirecto.com\/index.php\/wp-json\/wp\/v2\/categories?post=154910"},{"taxonomy":"post_tag","embeddable":true,"href":"http:\/\/cordobadirecto.com\/index.php\/wp-json\/wp\/v2\/tags?post=154910"}],"curies":[{"name":"wp","href":"https:\/\/api.w.org\/{rel}","templated":true}]}}