{"id":154921,"date":"2024-08-29T21:23:59","date_gmt":"2024-08-29T21:23:59","guid":{"rendered":"https:\/\/cordoba.gob.ar\/?p=60861"},"modified":"2024-08-29T21:23:59","modified_gmt":"2024-08-29T21:23:59","slug":"un-concierto-para-toda-la-familia-este-viernes-en-el-teatro-comedia","status":"publish","type":"post","link":"http:\/\/cordobadirecto.com\/index.php\/2024\/08\/29\/un-concierto-para-toda-la-familia-este-viernes-en-el-teatro-comedia\/","title":{"rendered":"Un concierto para toda la familia este viernes en el Teatro Comedia"},"content":{"rendered":"<div><img src=\"http:\/\/cordobadirecto.com\/wp-content\/uploads\/2024\/08\/un-concierto-para-toda-la-familia-este-viernes-en-el-teatro-comedia.jpg\" class=\"ff-og-image-inserted\"><\/div>\n<ul>\n<li><strong>Se pone en escena \u201cEl Carnaval Cordob\u00e9s\u201d, del Centro Integral de T\u00edteres \u201cH\u00e9ctor Di Mauro\u201d y la Banda Sinf\u00f3nica Municipal.<\/strong><\/li>\n<\/ul>\n<hr>\n<p>Para despedir el Mes de las Infancias, este viernes a las 20:00 en el Teatro Comedia (Rivadavia 254) la Banda Sinf\u00f3nica Municipal y Centro Integral de T\u00edteres H\u00e9ctor Di Mauro pondr\u00e1n en escena \u00abEl Carnaval Cordob\u00e9s\u00bb.<\/p>\n<p>Se trata de un espect\u00e1culo de teatro de t\u00edteres con m\u00fasica en vivo, basado en la suite musical \u201cEl carnaval de los animales\u201d del compositor franc\u00e9s Camille Saint-Sa\u00ebns.<\/p>\n<p>Para asistir hay que retirar las entradas gratuitas una hora antes de la funci\u00f3n.<\/p>\n<p>Se recupera la estructura e idea original de la suite, en donde se representa en cada movimiento musical a un animal diferente.<\/p>\n<p>Esta versi\u00f3n fue adaptada con estilos, ritmos musicales y personajes de animales locales, t\u00edpicos de la literatura infantil.<\/p>\n<p>El dise\u00f1o y la realizaci\u00f3n de t\u00edteres est\u00e1 a cargo de Laura Demarco y An\u00edbal Arce. Los int\u00e9rpretes titiriteros son Carlos Pi\u00f1ero, Luc\u00eda Di Mauro, M\u00f3nica Evangelista, Mar\u00eda Laura Gallo. La direcci\u00f3n y dramaturgia corre por cuenta de: Carlos Pi\u00f1ero, Luc\u00eda Di Mauro, Mar\u00eda Laura Gallo. Lucas Gordillo se encarg\u00f3 de la composici\u00f3n musical.<\/p>\n","protected":false},"excerpt":{"rendered":"<p>Se pone en escena \u201cEl Carnaval Cordob\u00e9s\u201d, del Centro Integral de T\u00edteres \u201cH\u00e9ctor Di Mauro\u201d y la Banda Sinf\u00f3nica Municipal. Para despedir el Mes de las Infancias, este viernes a las 20:00 en el Teatro Comedia (Rivadavia 254) la Banda Sinf\u00f3nica Municipal y Centro Integral de T\u00edteres H\u00e9ctor Di Mauro pondr\u00e1n en escena \u00abEl Carnaval [&hellip;]<\/p>\n","protected":false},"author":1,"featured_media":154922,"comment_status":"closed","ping_status":"closed","sticky":false,"template":"","format":"standard","meta":[],"categories":[44],"tags":[],"_links":{"self":[{"href":"http:\/\/cordobadirecto.com\/index.php\/wp-json\/wp\/v2\/posts\/154921"}],"collection":[{"href":"http:\/\/cordobadirecto.com\/index.php\/wp-json\/wp\/v2\/posts"}],"about":[{"href":"http:\/\/cordobadirecto.com\/index.php\/wp-json\/wp\/v2\/types\/post"}],"author":[{"embeddable":true,"href":"http:\/\/cordobadirecto.com\/index.php\/wp-json\/wp\/v2\/users\/1"}],"replies":[{"embeddable":true,"href":"http:\/\/cordobadirecto.com\/index.php\/wp-json\/wp\/v2\/comments?post=154921"}],"version-history":[{"count":0,"href":"http:\/\/cordobadirecto.com\/index.php\/wp-json\/wp\/v2\/posts\/154921\/revisions"}],"wp:featuredmedia":[{"embeddable":true,"href":"http:\/\/cordobadirecto.com\/index.php\/wp-json\/wp\/v2\/media\/154922"}],"wp:attachment":[{"href":"http:\/\/cordobadirecto.com\/index.php\/wp-json\/wp\/v2\/media?parent=154921"}],"wp:term":[{"taxonomy":"category","embeddable":true,"href":"http:\/\/cordobadirecto.com\/index.php\/wp-json\/wp\/v2\/categories?post=154921"},{"taxonomy":"post_tag","embeddable":true,"href":"http:\/\/cordobadirecto.com\/index.php\/wp-json\/wp\/v2\/tags?post=154921"}],"curies":[{"name":"wp","href":"https:\/\/api.w.org\/{rel}","templated":true}]}}