{"id":154953,"date":"2024-08-29T17:25:19","date_gmt":"2024-08-29T17:25:19","guid":{"rendered":"https:\/\/es.digitaltrends.com\/?p=1038615"},"modified":"2024-08-29T17:25:19","modified_gmt":"2024-08-29T17:25:19","slug":"el-icono-de-tu-aplicacion-duolingo-se-ve-enfermo-no-estas-solo","status":"publish","type":"post","link":"http:\/\/cordobadirecto.com\/index.php\/2024\/08\/29\/el-icono-de-tu-aplicacion-duolingo-se-ve-enfermo-no-estas-solo\/","title":{"rendered":"\u00bfEl \u00edcono de tu aplicaci\u00f3n Duolingo se ve enfermo? No est\u00e1s solo"},"content":{"rendered":"<p>Es una tragedia absoluta: el b\u00faho de <a href=\"https:\/\/es.digitaltrends.com\/sociales\/por-que-aplicacion-duolingo-se-esta-derritiendo\/\"><strong>Duolingo<\/strong><\/a>, normalmente l\u00facido, se ha enfermado.<\/p>\n<p>Es posible que el icono de la aplicaci\u00f3n haya cambiado, pero eso no significa que se avecinan cambios significativos en la aplicaci\u00f3n. Sin embargo, provoc\u00f3 bastante conversaci\u00f3n tanto en X (antes Twitter) como en Reddit, ya que los usuarios de todo el mundo notaron que el b\u00faho Duo parec\u00eda necesitar una gran dosis de DayQuil.<\/p>\n<p>Muchos usuarios discutieron la posibilidad de que Duolingo los estuviera acosando, ya que&nbsp;<a href=\"https:\/\/www.reddit.com\/r\/duolingo\/comments\/1f2deam\/im_sick_right_now_and_this_is_the_app_icon\/\" target=\"_blank\" rel=\"noopener\">muchas personas notaron por primera vez el cambio de \u00edcono<\/a>&nbsp;en un d\u00eda en que tambi\u00e9n estaban enfermos. Afortunadamente, ese no es el caso.<\/p>\n<p>Duolingo cambi\u00f3 la aplicaci\u00f3n para llamar la atenci\u00f3n y hacer que la gente hablara. El equipo definitivamente lo logr\u00f3, pero esta no es la primera vez que la compa\u00f1\u00eda ha hecho algo as\u00ed.<\/p>\n<p>En octubre del a\u00f1o pasado, la compa\u00f1\u00eda&nbsp;cambi\u00f3 el \u00edcono para que pareciera que <a href=\"https:\/\/es.digitaltrends.com\/sociales\/por-que-aplicacion-duolingo-se-esta-derritiendo\/\"><strong>Duo se estaba derritiendo<\/strong><\/a>. Personalmente, creo que hacer que Duo pareciera que se estaba derritiendo a principios de a\u00f1o y guardar el \u00edcono de enfermo para octubre \/ noviembre habr\u00eda tenido m\u00e1s sentido: las altas temperaturas aqu\u00ed todav\u00eda est\u00e1n entre los 90 y los 90 grados.<\/p>\n<figure id=\"attachment_3685333\" class=\"wp-caption alignnone\" aria-describedby=\"caption-attachment-3685333\"><img decoding=\"async\" class=\"wp-image-3685333 size-large h-lightbox is-zoomable dt-lazy-load dt-lazy-loaded h-lightbox is-zoomable\" src=\"http:\/\/cordobadirecto.com\/wp-content\/uploads\/2024\/08\/el-icono-de-tu-aplicacion-duolingo-se-ve-enfermo-no-estas-solo.jpg\" alt=\"El icono de la aplicaci\u00f3n Duolingo, que muestra una versi\u00f3n de aspecto enfermizo del b\u00faho de Duolingo.\" data-dt-lazy-src><figcaption id=\"caption-attachment-3685333\" class=\"wp-caption-text\"><span class=\"credit\">DT<\/span><\/figcaption><\/figure>\n<p>Si no quieres esperar a que el icono desaparezca y est\u00e1s suscrito a Super Duolingo o Duolingo Max, puedes sustituirlo por uno de esos dos iconos. Alternativamente, puede reemplazarlo con un \u00edcono de Streak Society. No te sientas mal si lo haces; No todo el mundo quiere un b\u00faho olfateador en su pantalla de inicio.<\/p>\n<p><a href=\"https:\/\/x.com\/search?q=duolingo%20app%20sick&amp;src=typed_query\" target=\"_blank\" rel=\"noopener\">Entre las tomas m\u00e1s divertidas<\/a>&nbsp;se encuentra un usuario que tuvo una racha de \u00abno usar\u00bb la aplicaci\u00f3n durante 100 d\u00edas y pens\u00f3 que el cambio de \u00edcono era un castigo dirigido y otro que se\u00f1al\u00f3 que ten\u00eda que haber una broma sobre la gripe aviar en alguna parte.<\/p>\n<p> <span id=\"publisher-md\" itemprop=\"publisher\" itemscope itemtype=\"https:\/\/schema.org\/Organization\"> <span itemprop=\"url\" itemtype=\"https:\/\/schema.org\/Url\" content=\"https:\/\/es.digitaltrends.com\"> <span itemprop=\"logo\" itemscope itemtype=\"https:\/\/schema.org\/ImageObject\"> <meta itemprop=\"url\" content=\"https:\/\/cdn.dtcn.com\/dt\/dt-logo-small.png\"> <meta itemprop=\"width\" content=\"0\"> <meta itemprop=\"height\" content=\"0\"> <\/span> <meta itemprop=\"name\" content=\"Digital Trends Espa\u00f1ol\"> <\/span> <span itemprop=\"image\" itemscope itemtype=\"https:\/\/schema.org\/ImageObject\"> <meta itemprop=\"url\" content=\"https:\/\/es.digitaltrends.com\/wp-content\/uploads\/2024\/08\/Duolingo-enfermo.jpeg?p=1\"> <\/span> <\/span> <\/p>\n","protected":false},"excerpt":{"rendered":"<p>Es una tragedia absoluta: el b\u00faho de Duolingo, normalmente l\u00facido, se ha enfermado. Es posible que el icono de la aplicaci\u00f3n haya cambiado, pero eso no significa que se avecinan cambios significativos en la aplicaci\u00f3n. Sin embargo, provoc\u00f3 bastante conversaci\u00f3n tanto en X (antes Twitter) como en Reddit, ya que los usuarios de todo el [&hellip;]<\/p>\n","protected":false},"author":1,"featured_media":154954,"comment_status":"closed","ping_status":"closed","sticky":false,"template":"","format":"standard","meta":[],"categories":[26],"tags":[],"_links":{"self":[{"href":"http:\/\/cordobadirecto.com\/index.php\/wp-json\/wp\/v2\/posts\/154953"}],"collection":[{"href":"http:\/\/cordobadirecto.com\/index.php\/wp-json\/wp\/v2\/posts"}],"about":[{"href":"http:\/\/cordobadirecto.com\/index.php\/wp-json\/wp\/v2\/types\/post"}],"author":[{"embeddable":true,"href":"http:\/\/cordobadirecto.com\/index.php\/wp-json\/wp\/v2\/users\/1"}],"replies":[{"embeddable":true,"href":"http:\/\/cordobadirecto.com\/index.php\/wp-json\/wp\/v2\/comments?post=154953"}],"version-history":[{"count":0,"href":"http:\/\/cordobadirecto.com\/index.php\/wp-json\/wp\/v2\/posts\/154953\/revisions"}],"wp:featuredmedia":[{"embeddable":true,"href":"http:\/\/cordobadirecto.com\/index.php\/wp-json\/wp\/v2\/media\/154954"}],"wp:attachment":[{"href":"http:\/\/cordobadirecto.com\/index.php\/wp-json\/wp\/v2\/media?parent=154953"}],"wp:term":[{"taxonomy":"category","embeddable":true,"href":"http:\/\/cordobadirecto.com\/index.php\/wp-json\/wp\/v2\/categories?post=154953"},{"taxonomy":"post_tag","embeddable":true,"href":"http:\/\/cordobadirecto.com\/index.php\/wp-json\/wp\/v2\/tags?post=154953"}],"curies":[{"name":"wp","href":"https:\/\/api.w.org\/{rel}","templated":true}]}}