{"id":154988,"date":"2024-08-29T14:16:46","date_gmt":"2024-08-29T14:16:46","guid":{"rendered":"https:\/\/es.digitaltrends.com\/?p=1038543"},"modified":"2024-08-29T14:16:46","modified_gmt":"2024-08-29T14:16:46","slug":"que-sigue-pasando-con-pavel-durov-y-telegram-actualizacion-del-caso","status":"publish","type":"post","link":"http:\/\/cordobadirecto.com\/index.php\/2024\/08\/29\/que-sigue-pasando-con-pavel-durov-y-telegram-actualizacion-del-caso\/","title":{"rendered":"\u00bfQu\u00e9 sigue pasando con Pavel Durov y Telegram?: actualizaci\u00f3n del caso"},"content":{"rendered":"<figure id=\"attachment_1038544\" aria-describedby=\"caption-attachment-1038544\" class=\"wp-caption alignnone\"><img src=\"http:\/\/cordobadirecto.com\/wp-content\/uploads\/2024\/08\/que-sigue-pasando-con-pavel-durov-y-telegram-actualizacion-del-caso.jpg\" data-dt-lazy-src=\"http:\/\/cordobadirecto.com\/wp-content\/uploads\/2024\/08\/que-sigue-pasando-con-pavel-durov-y-telegram-actualizacion-del-caso.jpg\" fetchpriority=\"high\" decoding=\"async\" class=\" size-full wp-image-1038544 h-lightbox is-zoomable dt-lazy-no\" alt=\"Pavel Durov\" srcset=\"http:\/\/cordobadirecto.com\/wp-content\/uploads\/2024\/08\/que-sigue-pasando-con-pavel-durov-y-telegram-actualizacion-del-caso-1.jpg 414w, http:\/\/cordobadirecto.com\/wp-content\/uploads\/2024\/08\/que-sigue-pasando-con-pavel-durov-y-telegram-actualizacion-del-caso.jpg\" sizes=\"(max-width: 650px) 414px\"><figcaption id=\"caption-attachment-1038544\" class=\"wp-caption-text\"><span class=\"credit\">DTES<\/span><\/figcaption><\/figure>\n<p>El CEO de <a href=\"https:\/\/es.digitaltrends.com\/guias\/los-mejores-trucos-telegram\/\"><strong>Telegram<\/strong><\/a>, el ciudadano ruso y franc\u00e9s <a href=\"https:\/\/es.digitaltrends.com\/sociales\/explicacion-detencion-pavel-durov-telegram\/\"><strong>Pavel Durov<\/strong><\/a>, finalmente ha sido acusado y puesto bajo investigaci\u00f3n formal en Francia este jueves 29 de agosto por una amplia gama de cargos criminales vinculados a su plataforma de mensajer\u00eda.<\/p>\n<p>Los principales cargos son acusaciones de dirigir una empresa que ha sido c\u00f3mplice en el almacenamiento y distribuci\u00f3n de material de abuso sexual infantil (CSAM), facilitar el tr\u00e1fico de drogas y facilitar el fraude organizado y otras transacciones ilegales.<\/p>\n<h2>Actualizaciones de la situaci\u00f3n de Pavel Durov:<\/h2>\n<p>Jueves 29 de agosto:<\/p>\n<ul>\n<li>Durov fue puesto en libertad con la condici\u00f3n de que no abandonara el territorio franc\u00e9s durante la investigaci\u00f3n. La fianza se fij\u00f3 en 5 millones de euros (unos 5,6 millones de d\u00f3lares) y debe presentarse en una comisar\u00eda de polic\u00eda dos veces por semana.<\/li>\n<li>En un<a href=\"https:\/\/dd80b675424c132b90b3-e48385e382d2e5d17821a5e1d8e4c86b.ssl.cf1.rackcdn.com\/external\/2024-08-28-cp-telegram-mise-en-examen-1.pdf\" rel=\"nofollow\" data-mrf-link=\"https:\/\/dd80b675424c132b90b3-e48385e382d2e5d17821a5e1d8e4c86b.ssl.cf1.rackcdn.com\/external\/2024-08-28-cp-telegram-mise-en-examen-1.pdf\">&nbsp;comunicado<\/a>, la fiscal de Par\u00eds, Laure Beccuau, confirm\u00f3 todos los cargos y dijo que la investigaci\u00f3n est\u00e1 avanzando. El hecho de que Durov est\u00e9 bajo investigaci\u00f3n formal significa que es formalmente sospechoso de lo que se le acusa.<\/li>\n<li>La declaraci\u00f3n del fiscal resume por qu\u00e9 Durov termin\u00f3 bajo custodia policial, con Beccuau escribiendo que Telegram \u00abaparece en m\u00faltiples casos que involucran varios delitos (pornograf\u00eda infantil, tr\u00e1fico, discurso de odio en l\u00ednea)\u00bb.<\/li>\n<li>La fiscal adem\u00e1s coment\u00f3: \u00abLa falta casi total de respuesta de Telegram a las solicitudes judiciales fue puesta en conocimiento de la secci\u00f3n de delitos cibern\u00e9ticos (J3) del Tribunal Nacional de Crimen Organizado (JUNALCO) dentro de la fiscal\u00eda de Par\u00eds, en particular de la oficina nacional de menores (OFMIN)\u00bb, escribi\u00f3 tambi\u00e9n. Al ser consultados, otros departamentos de investigaci\u00f3n y fiscal\u00edas francesas, as\u00ed como varios socios de Eurojust, en particular belgas, compartieron la misma observaci\u00f3n. Esto llev\u00f3 a JUNALCO a abrir una investigaci\u00f3n sobre la posible responsabilidad penal de los ejecutivos de este servicio de mensajer\u00eda en estos delitos\u00bb, agreg\u00f3 Beccuau\u00bb.<\/li>\n<\/ul>\n<p>Telegram cuenta actualmente con&nbsp;950 millones de usuarios activos mensuales&nbsp;y pocas herramientas y procesos de moderaci\u00f3n. En una entrevista con Tucker Carlson, Durov afirm\u00f3 que&nbsp;solo 30 ingenieros trabajan en la aplicaci\u00f3n social.<\/p>\n<p> <span id=\"publisher-md\" itemprop=\"publisher\" itemscope itemtype=\"https:\/\/schema.org\/Organization\"> <span itemprop=\"url\" itemtype=\"https:\/\/schema.org\/Url\" content=\"https:\/\/es.digitaltrends.com\"> <span itemprop=\"logo\" itemscope itemtype=\"https:\/\/schema.org\/ImageObject\"> <meta itemprop=\"url\" content=\"https:\/\/cdn.dtcn.com\/dt\/dt-logo-small.png\"> <meta itemprop=\"width\" content=\"0\"> <meta itemprop=\"height\" content=\"0\"> <\/span> <meta itemprop=\"name\" content=\"Digital Trends Espa\u00f1ol\"> <\/span> <span itemprop=\"image\" itemscope itemtype=\"https:\/\/schema.org\/ImageObject\"> <meta itemprop=\"url\" content=\"https:\/\/es.digitaltrends.com\/wp-content\/uploads\/2024\/08\/Pavel-Durov.jpeg?p=1\"> <\/span> <\/span> <\/p>\n","protected":false},"excerpt":{"rendered":"<p>DTES El CEO de Telegram, el ciudadano ruso y franc\u00e9s Pavel Durov, finalmente ha sido acusado y puesto bajo investigaci\u00f3n formal en Francia este jueves 29 de agosto por una amplia gama de cargos criminales vinculados a su plataforma de mensajer\u00eda. Los principales cargos son acusaciones de dirigir una empresa que ha sido c\u00f3mplice en [&hellip;]<\/p>\n","protected":false},"author":1,"featured_media":154989,"comment_status":"closed","ping_status":"closed","sticky":false,"template":"","format":"standard","meta":[],"categories":[26],"tags":[],"_links":{"self":[{"href":"http:\/\/cordobadirecto.com\/index.php\/wp-json\/wp\/v2\/posts\/154988"}],"collection":[{"href":"http:\/\/cordobadirecto.com\/index.php\/wp-json\/wp\/v2\/posts"}],"about":[{"href":"http:\/\/cordobadirecto.com\/index.php\/wp-json\/wp\/v2\/types\/post"}],"author":[{"embeddable":true,"href":"http:\/\/cordobadirecto.com\/index.php\/wp-json\/wp\/v2\/users\/1"}],"replies":[{"embeddable":true,"href":"http:\/\/cordobadirecto.com\/index.php\/wp-json\/wp\/v2\/comments?post=154988"}],"version-history":[{"count":0,"href":"http:\/\/cordobadirecto.com\/index.php\/wp-json\/wp\/v2\/posts\/154988\/revisions"}],"wp:featuredmedia":[{"embeddable":true,"href":"http:\/\/cordobadirecto.com\/index.php\/wp-json\/wp\/v2\/media\/154989"}],"wp:attachment":[{"href":"http:\/\/cordobadirecto.com\/index.php\/wp-json\/wp\/v2\/media?parent=154988"}],"wp:term":[{"taxonomy":"category","embeddable":true,"href":"http:\/\/cordobadirecto.com\/index.php\/wp-json\/wp\/v2\/categories?post=154988"},{"taxonomy":"post_tag","embeddable":true,"href":"http:\/\/cordobadirecto.com\/index.php\/wp-json\/wp\/v2\/tags?post=154988"}],"curies":[{"name":"wp","href":"https:\/\/api.w.org\/{rel}","templated":true}]}}