{"id":155034,"date":"2024-08-27T17:09:05","date_gmt":"2024-08-27T17:09:05","guid":{"rendered":"https:\/\/notepeines.com.ar\/?p=3588"},"modified":"2024-08-27T17:09:05","modified_gmt":"2024-08-27T17:09:05","slug":"victoria-mendizabal-no-comeremos-vidrio-pero-estamos-comiendo-microplasticos","status":"publish","type":"post","link":"http:\/\/cordobadirecto.com\/index.php\/2024\/08\/27\/victoria-mendizabal-no-comeremos-vidrio-pero-estamos-comiendo-microplasticos\/","title":{"rendered":"Victoria Mendiz\u00e1bal: \u00abNo comeremos vidrio, pero \u00bfestamos comiendo micropl\u00e1sticos?\u00bb"},"content":{"rendered":"<div><img src=\"http:\/\/cordobadirecto.com\/wp-content\/uploads\/2024\/09\/victoria-mendizabal-no-comeremos-vidrio-pero-estamos-comiendo-microplasticos.jpg\" class=\"ff-og-image-inserted\"><\/div>\n<p>Para escuchar<\/p>\n<p>Victoria Mendiz\u00e1bal: \u00abNo comeremos vidrio, pero \u00bfestamos comiendo micropl\u00e1sticos?\u00bb<\/p>\n<p>Victoria Mendiz\u00e1bal, bi\u00f3loga, Dra en Farmacolog\u00eda y divulgadora cient\u00edfica,&nbsp;dice que no comeremos vidrio, pero se pregunta:<em> \u00bfEstamos comiendo micropl\u00e1sticos?<\/em><\/p>\n<p>La doc, dice que sin darnos cuenta, estamos ingiriendo micropl\u00e1sticos en el agua, en la comida y hasta en el aire. \u00bfDe d\u00f3nde vienen todos estos pl\u00e1sticos?<\/p>\n<p>Informaci\u00f3n que trae Victoria, es que en el a\u00f1o 2013, solamente se publicaban 32 art\u00edculos vinculados a los micropl\u00e1sticos. Pero pregunta cu\u00e1ntos se publican actualmente; y la respuesta es que en el 2023, se publicaron alrededor de 4.000 trabajos y hoy, a esta altura del 2024, se van publicando 3 mil y pico. <\/p>\n<p>Mendiz\u00e1bal, comenta que seguramente hemos visto im\u00e1genes de las famosas<em> \u00abislas de pl\u00e1stico\u00bb<\/em>, las cu\u00e1les ya hay 7 y podr\u00edamos hacer el <em>\u00abcontinente pl\u00e1stico\u00bb<\/em>, casi como 1 en cada mar y del tama\u00f1o de pa\u00edses enteros.<\/p>\n<p>Un dato interesante pero preocupante que nos trae la doc, es que a partir de los a\u00f1os \u201950, el crecimiento del uso de pl\u00e1stico y la acumulaci\u00f3n del mismo, es exponencial e incluso, si uno pudiera imaginar el volumen o la cantidad de pl\u00e1stico que se estima que hay en el mundo, se podr\u00eda hablar de aproximadamente 1600 <strong>pir\u00e1mides de Keops de pl\u00e1stico.<\/strong><\/p>\n<p>En un momento, vicky hace alusi\u00f3n a una escena de la pel\u00edcula de Los Simpson, d\u00f3nde Homero tiraba todo en el lago de Springfield y eso un d\u00eda deton\u00f3. Entonces le parece que como sociedad, estamos un poquito con la dona de Homero cual cerebro, porque no nos estar\u00edamos haciendo cargo y alg\u00fan d\u00eda no se sabe. <em><strong>\u00abYo dir\u00eda que estamos en Springfield, el mundo es Springfield\u00bb.<\/strong><\/em><\/p>\n<p>\u00bfEstamos comiendo micropl\u00e1sticos? Enterate escuchando la columna completa de <em>&lt;Victoria Mendiz\u00e1bal&gt;<\/em> en el programa radial <strong><em>Mir\u00e1 Qui\u00e9n Habla<\/em><\/strong>, de FM 102.3 de C\u00f3rdoba:<\/p>\n<figure class=\"wp-block-embed is-type-rich is-provider-spotify wp-block-embed-spotify wp-embed-aspect-21-9 wp-has-aspect-ratio\"><\/figure>\n","protected":false},"excerpt":{"rendered":"<p>Para escuchar Victoria Mendiz\u00e1bal: \u00abNo comeremos vidrio, pero \u00bfestamos comiendo micropl\u00e1sticos?\u00bb Victoria Mendiz\u00e1bal, bi\u00f3loga, Dra en Farmacolog\u00eda y divulgadora cient\u00edfica,&nbsp;dice que no comeremos vidrio, pero se pregunta: \u00bfEstamos comiendo micropl\u00e1sticos? La doc, dice que sin darnos cuenta, estamos ingiriendo micropl\u00e1sticos en el agua, en la comida y hasta en el aire. \u00bfDe d\u00f3nde vienen todos [&hellip;]<\/p>\n","protected":false},"author":1,"featured_media":155035,"comment_status":"open","ping_status":"closed","sticky":false,"template":"","format":"standard","meta":[],"categories":[19],"tags":[],"_links":{"self":[{"href":"http:\/\/cordobadirecto.com\/index.php\/wp-json\/wp\/v2\/posts\/155034"}],"collection":[{"href":"http:\/\/cordobadirecto.com\/index.php\/wp-json\/wp\/v2\/posts"}],"about":[{"href":"http:\/\/cordobadirecto.com\/index.php\/wp-json\/wp\/v2\/types\/post"}],"author":[{"embeddable":true,"href":"http:\/\/cordobadirecto.com\/index.php\/wp-json\/wp\/v2\/users\/1"}],"replies":[{"embeddable":true,"href":"http:\/\/cordobadirecto.com\/index.php\/wp-json\/wp\/v2\/comments?post=155034"}],"version-history":[{"count":0,"href":"http:\/\/cordobadirecto.com\/index.php\/wp-json\/wp\/v2\/posts\/155034\/revisions"}],"wp:featuredmedia":[{"embeddable":true,"href":"http:\/\/cordobadirecto.com\/index.php\/wp-json\/wp\/v2\/media\/155035"}],"wp:attachment":[{"href":"http:\/\/cordobadirecto.com\/index.php\/wp-json\/wp\/v2\/media?parent=155034"}],"wp:term":[{"taxonomy":"category","embeddable":true,"href":"http:\/\/cordobadirecto.com\/index.php\/wp-json\/wp\/v2\/categories?post=155034"},{"taxonomy":"post_tag","embeddable":true,"href":"http:\/\/cordobadirecto.com\/index.php\/wp-json\/wp\/v2\/tags?post=155034"}],"curies":[{"name":"wp","href":"https:\/\/api.w.org\/{rel}","templated":true}]}}