{"id":155122,"date":"2024-09-04T06:17:27","date_gmt":"2024-09-04T06:17:27","guid":{"rendered":"http:\/\/cordobadirecto.com\/index.php\/2024\/09\/04\/detienen-a-un-hombre-acusado-por-los-incendios-en-cordoba-catamarca-es-noticia\/"},"modified":"2024-09-04T06:17:27","modified_gmt":"2024-09-04T06:17:27","slug":"detienen-a-un-hombre-acusado-por-los-incendios-en-cordoba-catamarca-es-noticia","status":"publish","type":"post","link":"http:\/\/cordobadirecto.com\/index.php\/2024\/09\/04\/detienen-a-un-hombre-acusado-por-los-incendios-en-cordoba-catamarca-es-noticia\/","title":{"rendered":"Detienen a un hombre acusado por los incendios en <b>C\u00f3rdoba<\/b> &#8211; Catamarca es Noticia"},"content":{"rendered":"<p>FIFA introduce <b>nuevo<\/b> protocolo contra el racismo en sus torneos &#8230; Pol\u00edtica y <b>Econom\u00eda<\/b> 3 septiembre, 2024. Adem\u00e1s se dio dictamen favorable&nbsp;&#8230; <\/p>\n","protected":false},"excerpt":{"rendered":"<p>FIFA introduce nuevo protocolo contra el racismo en sus torneos &#8230; Pol\u00edtica y Econom\u00eda 3 septiembre, 2024. Adem\u00e1s se dio dictamen favorable&nbsp;&#8230;<\/p>\n","protected":false},"author":1,"featured_media":0,"comment_status":"closed","ping_status":"closed","sticky":false,"template":"","format":"standard","meta":[],"categories":[40],"tags":[],"_links":{"self":[{"href":"http:\/\/cordobadirecto.com\/index.php\/wp-json\/wp\/v2\/posts\/155122"}],"collection":[{"href":"http:\/\/cordobadirecto.com\/index.php\/wp-json\/wp\/v2\/posts"}],"about":[{"href":"http:\/\/cordobadirecto.com\/index.php\/wp-json\/wp\/v2\/types\/post"}],"author":[{"embeddable":true,"href":"http:\/\/cordobadirecto.com\/index.php\/wp-json\/wp\/v2\/users\/1"}],"replies":[{"embeddable":true,"href":"http:\/\/cordobadirecto.com\/index.php\/wp-json\/wp\/v2\/comments?post=155122"}],"version-history":[{"count":0,"href":"http:\/\/cordobadirecto.com\/index.php\/wp-json\/wp\/v2\/posts\/155122\/revisions"}],"wp:attachment":[{"href":"http:\/\/cordobadirecto.com\/index.php\/wp-json\/wp\/v2\/media?parent=155122"}],"wp:term":[{"taxonomy":"category","embeddable":true,"href":"http:\/\/cordobadirecto.com\/index.php\/wp-json\/wp\/v2\/categories?post=155122"},{"taxonomy":"post_tag","embeddable":true,"href":"http:\/\/cordobadirecto.com\/index.php\/wp-json\/wp\/v2\/tags?post=155122"}],"curies":[{"name":"wp","href":"https:\/\/api.w.org\/{rel}","templated":true}]}}