{"id":15516,"date":"2021-08-25T22:26:59","date_gmt":"2021-08-25T22:26:59","guid":{"rendered":"http:\/\/cordobadirecto.com\/index.php\/2021\/08\/25\/defensa-y-justicia-se-impuso-a-newells-y-escala-posiciones\/"},"modified":"2021-08-25T22:26:59","modified_gmt":"2021-08-25T22:26:59","slug":"defensa-y-justicia-se-impuso-a-newells-y-escala-posiciones","status":"publish","type":"post","link":"http:\/\/cordobadirecto.com\/index.php\/2021\/08\/25\/defensa-y-justicia-se-impuso-a-newells-y-escala-posiciones\/","title":{"rendered":"Defensa y Justicia se impuso a Newell&#8217;s y escala posiciones"},"content":{"rendered":"<div class=\"image\" id=\"image\" readability=\"7\"> <img src=\"http:\/\/cordobadirecto.com\/wp-content\/uploads\/2021\/08\/defensa-y-justicia-se-impuso-a-newells-y-escala-posiciones.jpg\" alt=\"Defensa hizo la diferencia en el segundo tiempo (Foto: Alfredo Luna).\" title=\"Defensa hizo la diferencia en el segundo tiempo (Foto: Alfredo Luna).\"><\/p>\n<p>Defensa hizo la diferencia en el segundo tiempo (Foto: Alfredo Luna).<\/p>\n<\/div>\n<p>Defensa y Justicia le gan\u00f3 esta tarde de mi\u00e9rcoles como local a Defensa y Justicia por 2 a 0 en partido jugado en el estadio Norberto &#8220;Tito&#8221; Tomaghello, en Florencio Varella, correspondiente a la octava fecha de la Liga Profesional de F\u00fatbol de Primera Divisi\u00f3n y que se defini\u00f3 por los goles de Gabriel Hachen, a los 11 minutos del segundo tiempo, y Francisco Pizzini, a los 30 del mismo per\u00edodo.<\/p>\n<div class=\"image\" id=\"image\"> <img src=\"http:\/\/cordobadirecto.com\/wp-content\/uploads\/2021\/08\/defensa-y-justicia-se-impuso-a-newells-y-escala-posiciones-1.jpg\" alt=\"(Foto: Alfredo Luna).\" title=\"(Foto: Alfredo Luna).\"><\/p>\n<p>(Foto: Alfredo Luna).<\/p>\n<\/div>\n","protected":false},"excerpt":{"rendered":"<p>Defensa hizo la diferencia en el segundo tiempo (Foto: Alfredo Luna). Defensa y Justicia le gan\u00f3 esta tarde de mi\u00e9rcoles como local a Defensa y Justicia por 2 a 0 en partido jugado en el estadio Norberto &#8220;Tito&#8221; Tomaghello, en Florencio Varella, correspondiente a la octava fecha de la Liga Profesional de F\u00fatbol de Primera [&hellip;]<\/p>\n","protected":false},"author":1,"featured_media":15517,"comment_status":"closed","ping_status":"closed","sticky":false,"template":"","format":"standard","meta":[],"categories":[21],"tags":[],"_links":{"self":[{"href":"http:\/\/cordobadirecto.com\/index.php\/wp-json\/wp\/v2\/posts\/15516"}],"collection":[{"href":"http:\/\/cordobadirecto.com\/index.php\/wp-json\/wp\/v2\/posts"}],"about":[{"href":"http:\/\/cordobadirecto.com\/index.php\/wp-json\/wp\/v2\/types\/post"}],"author":[{"embeddable":true,"href":"http:\/\/cordobadirecto.com\/index.php\/wp-json\/wp\/v2\/users\/1"}],"replies":[{"embeddable":true,"href":"http:\/\/cordobadirecto.com\/index.php\/wp-json\/wp\/v2\/comments?post=15516"}],"version-history":[{"count":0,"href":"http:\/\/cordobadirecto.com\/index.php\/wp-json\/wp\/v2\/posts\/15516\/revisions"}],"wp:featuredmedia":[{"embeddable":true,"href":"http:\/\/cordobadirecto.com\/index.php\/wp-json\/wp\/v2\/media\/15517"}],"wp:attachment":[{"href":"http:\/\/cordobadirecto.com\/index.php\/wp-json\/wp\/v2\/media?parent=15516"}],"wp:term":[{"taxonomy":"category","embeddable":true,"href":"http:\/\/cordobadirecto.com\/index.php\/wp-json\/wp\/v2\/categories?post=15516"},{"taxonomy":"post_tag","embeddable":true,"href":"http:\/\/cordobadirecto.com\/index.php\/wp-json\/wp\/v2\/tags?post=15516"}],"curies":[{"name":"wp","href":"https:\/\/api.w.org\/{rel}","templated":true}]}}